{"id":247934,"date":"2025-11-21T11:07:13","date_gmt":"2025-11-21T11:07:13","guid":{"rendered":"https:\/\/www.europesays.com\/es\/247934\/"},"modified":"2025-11-21T11:07:13","modified_gmt":"2025-11-21T11:07:13","slug":"la-catedra-de-mpp-premia-dos-publicaciones-cientificas-y-financia-dos-proyectos-de-investigacion","status":"publish","type":"post","link":"https:\/\/www.europesays.com\/es\/247934\/","title":{"rendered":"La C\u00e1tedra de MPP premia dos publicaciones cient\u00edficas y financia dos proyectos de investigaci\u00f3n"},"content":{"rendered":"<p>La C\u00e1tedra de Medicina basada en las 5P (Medicina Personalizada y de Precisi\u00f3n, MPP) ha concedido sus premios a dos publicaciones cient\u00edficas de alta calidad cient\u00edfica. El primer art\u00edculo premiado en 2025 lleva por t\u00edtulo \u2018Critical reqirement of SOS1 for tumor development and microenvironment modulation in KRASG12D-driven lung adenocarcinoma\u2019, cuyo autor principal es Fernando Calvo Baltan\u00e1s. El segundo premio lo ha recibido el art\u00edculo de Carmen Gasca-Capote con el t\u00edtulo \u2018The HIV-1 reservoir landscape in persistent elite controllers and transient elite controllers\u2019. Ambas publicaciones han sido reconocidas con un premio de 1.500 euros.<\/p>\n<p><a href=\"https:\/\/canal.ugr.es\/noticia\/la-catedra-de-medicina-personalizada-y-de-precision-premia-dos-publicaciones-cientificas-y-financia-dos-proyectos-de-investigacion\/\" rel=\"nofollow noopener\" target=\"_blank\">Seguir leyendo<\/a><\/p>\n","protected":false},"excerpt":{"rendered":"La C\u00e1tedra de Medicina basada en las 5P (Medicina Personalizada y de Precisi\u00f3n, MPP) ha concedido sus premios&hellip;\n","protected":false},"author":2,"featured_media":247935,"comment_status":"","ping_status":"","sticky":false,"template":"","format":"standard","meta":{"footnotes":""},"categories":[92],"tags":[25,24,165,166,23],"class_list":{"0":"post-247934","1":"post","2":"type-post","3":"status-publish","4":"format-standard","5":"has-post-thumbnail","7":"category-salud","8":"tag-es","9":"tag-espana","10":"tag-health","11":"tag-salud","12":"tag-spain"},"share_on_mastodon":{"url":"https:\/\/pubeurope.com\/@es\/115587373235675981","error":""},"_links":{"self":[{"href":"https:\/\/www.europesays.com\/es\/wp-json\/wp\/v2\/posts\/247934","targetHints":{"allow":["GET"]}}],"collection":[{"href":"https:\/\/www.europesays.com\/es\/wp-json\/wp\/v2\/posts"}],"about":[{"href":"https:\/\/www.europesays.com\/es\/wp-json\/wp\/v2\/types\/post"}],"author":[{"embeddable":true,"href":"https:\/\/www.europesays.com\/es\/wp-json\/wp\/v2\/users\/2"}],"replies":[{"embeddable":true,"href":"https:\/\/www.europesays.com\/es\/wp-json\/wp\/v2\/comments?post=247934"}],"version-history":[{"count":0,"href":"https:\/\/www.europesays.com\/es\/wp-json\/wp\/v2\/posts\/247934\/revisions"}],"wp:featuredmedia":[{"embeddable":true,"href":"https:\/\/www.europesays.com\/es\/wp-json\/wp\/v2\/media\/247935"}],"wp:attachment":[{"href":"https:\/\/www.europesays.com\/es\/wp-json\/wp\/v2\/media?parent=247934"}],"wp:term":[{"taxonomy":"category","embeddable":true,"href":"https:\/\/www.europesays.com\/es\/wp-json\/wp\/v2\/categories?post=247934"},{"taxonomy":"post_tag","embeddable":true,"href":"https:\/\/www.europesays.com\/es\/wp-json\/wp\/v2\/tags?post=247934"}],"curies":[{"name":"wp","href":"https:\/\/api.w.org\/{rel}","templated":true}]}}