{"id":247942,"date":"2025-11-21T11:11:11","date_gmt":"2025-11-21T11:11:11","guid":{"rendered":"https:\/\/www.europesays.com\/es\/247942\/"},"modified":"2025-11-21T11:11:11","modified_gmt":"2025-11-21T11:11:11","slug":"el-nuevo-borrador-de-acuerdo-omite-dejar-atras-la-energia-fosil-y-bloquea-la-conferencia-del-clima","status":"publish","type":"post","link":"https:\/\/www.europesays.com\/es\/247942\/","title":{"rendered":"El nuevo borrador de acuerdo omite dejar atr\u00e1s la energ\u00eda f\u00f3sil y bloquea la conferencia del clima"},"content":{"rendered":"<p data-gtm-element-container=\"modulo-texto-link\" class=\"paragraph\">Brasil present\u00f3 en la cumbre clim\u00e1tica de Bel\u00e9m un segundo borrador de acuerdo que omite cualquier referencia a la eliminaci\u00f3n progresiva de los combustibles f\u00f3siles, dada la fuerte resistencia de los pa\u00edses productores. El resultado es que esto tampoco va a contentar a los partidarios de fijar una hoja de ruta que conduzca al final de la energ\u00eda f\u00f3sil, responsable del calentamiento y las enfermedades asociadas a la poluci\u00f3n.<\/p>\n<p data-gtm-element-container=\"modulo-texto-link\" class=\"paragraph\">El borrador de siete p\u00e1ginas, difundido por la presidencia brasile\u00f1a de la COP30, inst\u00f3 a los pa\u00edses a activar la acci\u00f3n clim\u00e1tica, incluso mediante un \u201cAcelerador Global de Implementaci\u00f3n\u201d voluntario. Sin embargo, no ofreci\u00f3 una hoja de ruta para la transici\u00f3n que deje atr\u00e1s la energ\u00eda f\u00f3sil y deje paso a las energ\u00edas renovables, libres de petr\u00f3leo, gas natural y carb\u00f3n, una demanda clave de los cerca de 80 pa\u00edses presentes en la cumbre, celebrada en la ciudad amaz\u00f3nica de Bel\u00e9m.<\/p>\n<p class=\"module-text\">El documento exhorta a las Partes a que mejoren sus planes nacionales de acci\u00f3n clim\u00e1tica (que incluyen las reducciones de las emisiones de gases) y a que intensifiquen la cooperaci\u00f3n internacional con miras a lograr la \u201cplena aplicaci\u00f3n de las contribuciones determinadas a nivel nacional\u201d.<br \/>Reitera la necesidad de acelerar la aplicaci\u00f3n de las medidas nacionales de mitigaci\u00f3n del cambio clim\u00e1tico y resalta la importancia de alinear esas contribuciones determinadas a nivel nacional con la meta de mantener el objetivo de 1,5 \u00b0C. Pero no habla de la hoja de ruta para dejar atr\u00e1s los combustibles f\u00f3siles<\/p>\n<p data-gtm-element-container=\"modulo-texto-link\" class=\"paragraph\">Conocido como el \u201cMutir\u00e3o Global\u201d, t\u00e9rmino brasile\u00f1o que significa esfuerzo conjunto, el borrador del acuerdo seguramente generar\u00e1 decepci\u00f3n, e incluso enojo, entre grupos como la Uni\u00f3n Europea y quienes trabajan directamente en la lucha contra el cambio clim\u00e1tico. Tambi\u00e9n podr\u00eda provocar nuevas divisiones dentro del gobierno brasile\u00f1o, dado que la ministra de Medio Ambiente y Clima, Marina Silva, es una de las principales defensoras de una hoja de ruta para la eliminaci\u00f3n de los combustibles f\u00f3siles.<\/p>\n<p>    Lee tambi\u00e9n<\/p>\n<p data-gtm-element-container=\"modulo-texto-link\" class=\"paragraph\">\u00a0Las negociaciones de la COP30, que deb\u00edan finalizar el viernes por la noche, probablemente se prolongar\u00e1n hasta el s\u00e1bado, especialmente tras el incendio que se produjo en la sede de la conferencia el jueves por la tarde, lo que oblig\u00f3 a su cierre durante varias horas.<\/p>\n<p data-gtm-element-container=\"modulo-texto-link\" class=\"paragraph\">El impulso para abandonar los combustibles f\u00f3siles ha sido durante mucho tiempo uno de los aspectos m\u00e1s controvertidos de las negociaciones clim\u00e1ticas anuales de la ONU. El presidente de la COP30, Andr\u00e9 Corr\u00eaa do Lago, ha afirmado que existe una \u201cresistencia significativa\u201d a un acuerdo que contemple los pr\u00f3ximos pasos para alejarse de los combustibles f\u00f3siles, y pa\u00edses productores como Arabia Saud\u00ed han bloqueado con frecuencia cualquier referencia a su eliminaci\u00f3n gradual.<\/p>\n<p data-gtm-element-container=\"modulo-texto-link\" class=\"paragraph\">El borrador de la decisi\u00f3n tambi\u00e9n insta a triplicar la financiaci\u00f3n para la adaptaci\u00f3n para 2030 con respecto a los niveles de 2025, cifra que suele estimarse en unos 120.000 millones de d\u00f3lares.<\/p>\n<p data-gtm-element-container=\"modulo-texto-link\" class=\"paragraph\">Durante la cumbre, el impuesto sobre el carbono en frontera de la UE ha sido objeto de fuertes cr\u00edticas por parte de los pa\u00edses en desarrollo. El borrador del acuerdo prev\u00e9 tres di\u00e1logos en los pr\u00f3ximos a\u00f1os, con la participaci\u00f3n de la Organizaci\u00f3n Mundial del Comercio.<\/p>\n","protected":false},"excerpt":{"rendered":"Brasil present\u00f3 en la cumbre clim\u00e1tica de Bel\u00e9m un segundo borrador de acuerdo que omite cualquier referencia a&hellip;\n","protected":false},"author":2,"featured_media":247943,"comment_status":"","ping_status":"","sticky":false,"template":"","format":"standard","meta":{"footnotes":""},"categories":[42],"tags":[17,18,13,14,11,61,62,63,64,19,20,9,10,15,16,12,21,22,65,66,67],"class_list":{"0":"post-247942","1":"post","2":"type-post","3":"status-publish","4":"format-standard","5":"has-post-thumbnail","7":"category-internacional","8":"tag-breaking-news","9":"tag-breakingnews","10":"tag-featured-news","11":"tag-featurednews","12":"tag-headlines","13":"tag-internacional","14":"tag-international","15":"tag-international-news","16":"tag-internationalnews","17":"tag-latest-news","18":"tag-latestnews","19":"tag-news","20":"tag-noticias","21":"tag-noticias-destacadas","22":"tag-noticiasdestacadas","23":"tag-titulares","24":"tag-ultimas-noticias","25":"tag-ultimasnoticias","26":"tag-world","27":"tag-world-news","28":"tag-worldnews"},"share_on_mastodon":{"url":"https:\/\/pubeurope.com\/@es\/115587388853242840","error":""},"_links":{"self":[{"href":"https:\/\/www.europesays.com\/es\/wp-json\/wp\/v2\/posts\/247942","targetHints":{"allow":["GET"]}}],"collection":[{"href":"https:\/\/www.europesays.com\/es\/wp-json\/wp\/v2\/posts"}],"about":[{"href":"https:\/\/www.europesays.com\/es\/wp-json\/wp\/v2\/types\/post"}],"author":[{"embeddable":true,"href":"https:\/\/www.europesays.com\/es\/wp-json\/wp\/v2\/users\/2"}],"replies":[{"embeddable":true,"href":"https:\/\/www.europesays.com\/es\/wp-json\/wp\/v2\/comments?post=247942"}],"version-history":[{"count":0,"href":"https:\/\/www.europesays.com\/es\/wp-json\/wp\/v2\/posts\/247942\/revisions"}],"wp:featuredmedia":[{"embeddable":true,"href":"https:\/\/www.europesays.com\/es\/wp-json\/wp\/v2\/media\/247943"}],"wp:attachment":[{"href":"https:\/\/www.europesays.com\/es\/wp-json\/wp\/v2\/media?parent=247942"}],"wp:term":[{"taxonomy":"category","embeddable":true,"href":"https:\/\/www.europesays.com\/es\/wp-json\/wp\/v2\/categories?post=247942"},{"taxonomy":"post_tag","embeddable":true,"href":"https:\/\/www.europesays.com\/es\/wp-json\/wp\/v2\/tags?post=247942"}],"curies":[{"name":"wp","href":"https:\/\/api.w.org\/{rel}","templated":true}]}}