{"id":247950,"date":"2025-11-21T11:22:09","date_gmt":"2025-11-21T11:22:09","guid":{"rendered":"https:\/\/www.europesays.com\/es\/247950\/"},"modified":"2025-11-21T11:22:09","modified_gmt":"2025-11-21T11:22:09","slug":"borja-iglesias-sorprende-con-su-delantero-favorito-de-laliga","status":"publish","type":"post","link":"https:\/\/www.europesays.com\/es\/247950\/","title":{"rendered":"Borja Iglesias sorprende con su delantero favorito de LaLiga"},"content":{"rendered":"<p data-gtm-element-container=\"modulo-texto-link\" class=\"paragraph\"><strong>Borja Iglesias<\/strong> est\u00e1 viviendo un momento dulce a nivel deportivo. El delantero compostelano, autor de siete goles en 16 partidos con el <strong>Celta<\/strong> esta temporada, se ha ganado un sitio en los planes del seleccionador nacional,<strong> Luis de la Fuente<\/strong>. De hecho, tres de sus cinco internacionalidades absolutas -debut\u00f3 en 2022 de la mano de Luis Enrique Mart\u00ednez- han llegado en el \u00faltimo mes.<\/p>\n<p data-gtm-element-container=\"modulo-texto-link\" class=\"paragraph\">Ahora, de vuelta a la disciplina de su club, el &#8216;Panda&#8217; ha sido sometido a un test en el que ten\u00eda que elegir su delantero favorito: de LaLiga, actual, del f\u00fatbol mundial y de la historia del <strong>Celta<\/strong>.\u00a0<\/p>\n<p>\u00abEs un grande\u00bb<\/p>\n<p data-gtm-element-container=\"modulo-texto-link\" class=\"paragraph\">Su respuesta, a la primera pregunta, sorprendi\u00f3 a propios y extra\u00f1os. \u00abMi delantero favorito de LaLiga es Kike Garc\u00eda\u00bb, asegur\u00f3 <strong>Borja Iglesias<\/strong>, con pasado en el <strong>RCD Espanyol<\/strong>. <strong>Kike<\/strong>, actualmente en la entidad catalana, respondi\u00f3 al elogio de su hom\u00f3logo con un: \u00abEs un grande\u00bb.<\/p>\n<blockquote class=\"instagram-media\" data-instgrm-captioned=\"\" data-instgrm-version=\"6\" style=\"background: #FFF; border: 0; border-radius: 3px; box-shadow: 0 0 1px 0 rgba(0,&#10;0, 0, 0.5), 0 1px 10px 0 rgba(0, 0, 0, 0.15); margin: 1px; max-width: 658px; padding: 0;&#10;width: 99.375%; width: -webkit-calc(100% - 2px); width: calc(100% - 2px);\">\n<\/blockquote>\n<p data-gtm-element-container=\"modulo-texto-link\" class=\"paragraph\">El resto de elegidos por el &#8216;9&#8217; del <strong>Celta <\/strong>fueron el &#8216;citizen&#8217;\u00a0<strong>Erling Haaland<\/strong> (actual), el costamarfile\u00f1o\u00a0<strong>Didier Drogba<\/strong> (del f\u00fatbol mundial) y su compa\u00f1ero\u00a0<strong>Iago Aspas<\/strong> (de la historia viguesa).<\/p>\n<p>        Lee tambi\u00e9n<\/p>\n<p>    Anna Cordovilla<\/p>\n<p>             <img loading=\"lazy\" decoding=\"async\" data-full-src=\"https:\/\/www.mundodeportivo.com\/uploads\/2025\/09\/19\/68cd818f1a66f.jpeg\" alt=\"Edu Exp\u00f3sito no jug\u00f3 ante el Mallorca\" width=\"334\" height=\"164\" src=\"https:\/\/www.europesays.com\/es\/wp-content\/uploads\/2025\/11\/68cd818f1a66f.r_d.1674-997.jpeg\" class=\"lazy\"\/><\/p>\n<p data-gtm-element-container=\"modulo-texto-link\" class=\"paragraph\"><strong>Kike Garc\u00eda<\/strong>, de 35 a\u00f1os, firm\u00f3 por el <strong>Espanyol <\/strong>el pasado verano despu\u00e9s de anotar 13 goles con el <strong>Deportivo Alav\u00e9s<\/strong>, en lo que fue su mejor temporada realizadora en la \u00e9lite. Como perico, el de Motilla del Palancar lleva cuatro tantos en 11 encuentros.<\/p>\n","protected":false},"excerpt":{"rendered":"Borja Iglesias est\u00e1 viviendo un momento dulce a nivel deportivo. El delantero compostelano, autor de siete goles en&hellip;\n","protected":false},"author":2,"featured_media":247951,"comment_status":"","ping_status":"","sticky":false,"template":"","format":"standard","meta":{"footnotes":""},"categories":[268],"tags":[168,25,24,280,282,281,23,167],"class_list":{"0":"post-247950","1":"post","2":"type-post","3":"status-publish","4":"format-standard","5":"has-post-thumbnail","7":"category-futbol","8":"tag-deportes","9":"tag-es","10":"tag-espana","11":"tag-football","12":"tag-futbol","13":"tag-soccer","14":"tag-spain","15":"tag-sports"},"share_on_mastodon":{"url":"https:\/\/pubeurope.com\/@es\/115587432540340860","error":""},"_links":{"self":[{"href":"https:\/\/www.europesays.com\/es\/wp-json\/wp\/v2\/posts\/247950","targetHints":{"allow":["GET"]}}],"collection":[{"href":"https:\/\/www.europesays.com\/es\/wp-json\/wp\/v2\/posts"}],"about":[{"href":"https:\/\/www.europesays.com\/es\/wp-json\/wp\/v2\/types\/post"}],"author":[{"embeddable":true,"href":"https:\/\/www.europesays.com\/es\/wp-json\/wp\/v2\/users\/2"}],"replies":[{"embeddable":true,"href":"https:\/\/www.europesays.com\/es\/wp-json\/wp\/v2\/comments?post=247950"}],"version-history":[{"count":0,"href":"https:\/\/www.europesays.com\/es\/wp-json\/wp\/v2\/posts\/247950\/revisions"}],"wp:featuredmedia":[{"embeddable":true,"href":"https:\/\/www.europesays.com\/es\/wp-json\/wp\/v2\/media\/247951"}],"wp:attachment":[{"href":"https:\/\/www.europesays.com\/es\/wp-json\/wp\/v2\/media?parent=247950"}],"wp:term":[{"taxonomy":"category","embeddable":true,"href":"https:\/\/www.europesays.com\/es\/wp-json\/wp\/v2\/categories?post=247950"},{"taxonomy":"post_tag","embeddable":true,"href":"https:\/\/www.europesays.com\/es\/wp-json\/wp\/v2\/tags?post=247950"}],"curies":[{"name":"wp","href":"https:\/\/api.w.org\/{rel}","templated":true}]}}