{"id":247984,"date":"2025-11-21T11:47:18","date_gmt":"2025-11-21T11:47:18","guid":{"rendered":"https:\/\/www.europesays.com\/es\/247984\/"},"modified":"2025-11-21T11:47:18","modified_gmt":"2025-11-21T11:47:18","slug":"ventilar-no-basta-la-calidad-del-aire-en-casa-depende-tambien-de-los-materiales-que-eliges","status":"publish","type":"post","link":"https:\/\/www.europesays.com\/es\/247984\/","title":{"rendered":"Ventilar no basta. La calidad del aire en casa depende tambi\u00e9n de los materiales que eliges"},"content":{"rendered":"<p>En interiorismo hablamos mucho de luz, texturas o distribuci\u00f3n. Pero casi nunca del aire. Y sin embargo, \u00bfde qu\u00e9 sirve un sal\u00f3n perfectamente dise\u00f1ado si el ambiente est\u00e1 cargado, seco o lleno de part\u00edculas invisibles? En la era del dise\u00f1o \u201cinstagramable\u201d, lo invisible parece no importar. Y ah\u00ed empieza el problema.<\/p>\n<p><strong>Pilar Cinca<\/strong> lo ve cada d\u00eda desde <a href=\"https:\/\/puntoyseguidoestudio.com\/\" rel=\"nofollow noopener\" target=\"_blank\"><strong>PuntoySeguido Estudio<\/strong><\/a>, su firma de interiorismo con sede en Zaragoza. Ingeniera industrial de formaci\u00f3n, cambi\u00f3 los planos t\u00e9cnicos por los planos emocionales del dise\u00f1o tras m\u00e1s de una d\u00e9cada en la ingenier\u00eda. Hoy defiende una visi\u00f3n en la que est\u00e9tica y bienestar no se separan. La calidad del aire se ve afectada por m\u00e1s factores de los que creemos\u00bb, advierte. Y con la autoridad de quien combina precisi\u00f3n t\u00e9cnica con sensibilidad est\u00e9tica, deja claro que un hogar bonito no siempre es un hogar sano.<\/p>\n<p>&#13;<img loading=\"lazy\" decoding=\"async\"   src=\"https:\/\/www.europesays.com\/es\/wp-content\/uploads\/2025\/11\/antonio-saura-4_72dcc40f_251112205727_1479x2000.webp.webp\" alt=\"Antonio Saura 4\" class=\"lazyload\" width=\"1479\" height=\"2000\" data-aspectratio=\"1479\/2000\"\/><\/p>\n<p>Proyecto de Puntoyseguido<\/p>\n<p>&#13;<br \/>\n Lo invisible tambi\u00e9n contamina<\/p>\n<p>Cuando pensamos en aire sucio, imaginamos el humo del tr\u00e1fico o el polvo acumulado en las calles. Pero Cinca nos recuerda que dentro de casa hay enemigos mucho m\u00e1s sutiles. \u00abLa falta de ventilaci\u00f3n es la primera que se nos puede ocurrir, pero hay m\u00e1s, como el exceso de humedad, los materiales sint\u00e9ticos o ciertos productos de limpieza que pueden liberar part\u00edculas que se acumulan en el ambiente\u00bb.<\/p>\n<p>Es decir, que ese olor \u00aba limpio\u00bb de muchos sprays o ambientadores no es necesariamente buena se\u00f1al. \u00ab<strong>El polvo que se deposita en textiles o tapicer\u00edas y por supuesto influyen los tejidos o pinturas con compuestos qu\u00edmicos. Son factores invisibles, pero influyen directamente en el confort<\/strong>\u00ab, explica.<\/p>\n<p>No se trata de vivir en una burbuja, sino de entender que una casa sana no es la que m\u00e1s brilla, sino la que mejor respira. Y eso implica equilibrio. \u00abIncluso en viviendas con sistemas de ventilaci\u00f3n mec\u00e1nica, mantener el equilibrio entre tecnolog\u00eda, materiales naturales y h\u00e1bitos saludables sigue siendo fundamental\u00bb, dice.<\/p>\n<p><a href=\"https:\/\/www.arquitecturaydiseno.es\/estilo-de-vida\/paula-rosales-arquitecta-nuestras-casas-pueden-estar-hasta-cinco-veces-mas-contaminadas-que-calle_12049\" data-ga4_event=\"custom_event\" data-ga4_event_name=\"click_intext\" data-ga4_link_url=\"https:\/\/www.arquitecturaydiseno.es\/estilo-de-vida\/paula-rosales-arquitecta-nuestras-casas-pueden-estar-hasta-cinco-veces-mas-contaminadas-que-calle_12049\" data-ga4_link_text=\"paula_rosales_arquitecta_\u201cnuestras_casas_estan_contaminadas\u201d\" data-ga4_content_type=\"photo\" data-ga4_element=\"related\" rel=\"nofollow noopener\" target=\"_blank\">&#13;&#13;<img loading=\"lazy\" decoding=\"async\" src=\"https:\/\/www.europesays.com\/es\/wp-content\/uploads\/2025\/11\/paula-rosales2-1_d48f8f98_250620081439_600x600.webp.webp\" alt=\"paula rosales2   1\" class=\"lazyload\" width=\"600\" height=\"600\" data-aspectratio=\"600\/600\"\/>&#13;&#13;<\/p>\n<p class=\"epigraph\">&#13;Noticia relacionada<\/p>\n<p class=\"title\">Paula Rosales, arquitecta: \u201cNuestras casas est\u00e1n contaminadas\u201d<\/p>\n<p><\/a>&#13;<img loading=\"lazy\" decoding=\"async\"   src=\"https:\/\/www.europesays.com\/es\/wp-content\/uploads\/2025\/11\/0006395_9d006e10_251112205741_1417x2126.webp.webp\" alt=\"0006395\" class=\"lazyload\" width=\"1417\" height=\"2126\" data-aspectratio=\"1417\/2126\"\/><\/p>\n<p>Proyecto de Puntoyseguido<\/p>\n<p>&#13;<br \/>\n Ventilar no basta<\/p>\n<p>Por mucho que abras las ventanas, si los materiales que te rodean est\u00e1n emitiendo compuestos qu\u00edmicos, poco vas a lograr. Por eso el dise\u00f1o \u2014el bueno, el de verdad\u2014 tiene tanto que decir. \u00ab<strong>Las passive house han sido un gran avance debido a sus sistemas de ventilaci\u00f3n controlada, garantizando un flujo constante de aire limpio sin perder eficiencia energ\u00e9tica<\/strong>. Pero a\u00fan as\u00ed, el dise\u00f1o tiene un papel fundamental\u00bb, afirma Cinca.<\/p>\n<p>La clave est\u00e1 en el planteamiento arquitect\u00f3nico y la elecci\u00f3n consciente de los materiales. Ventilaci\u00f3n cruzada, pinturas minerales, maderas sin tratamientos agresivos, tejidos naturales\u2026 todos ellos ayudan a que los espacios respiren. \u00ab<strong>Es fundamental que los espacios respiren, que haya equilibrio gracias a la luz, los materiales y el aire<\/strong>\u00ab, resume.<\/p>\n<p>No se trata de dise\u00f1ar casas \u00abecol\u00f3gicas\u00bb por est\u00e9tica, sino por salud. Porque un interior puede parecer bonito en Instagram, pero si est\u00e1 lleno de emisiones vol\u00e1tiles, no hay filtro que lo arregle.<\/p>\n<p>&#13;<img loading=\"lazy\" decoding=\"async\"   src=\"https:\/\/www.europesays.com\/es\/wp-content\/uploads\/2025\/11\/0003509_fc5f518b_251112205756_1024x1536.webp.webp\" alt=\"0003509\" class=\"lazyload\" width=\"1024\" height=\"1536\" data-aspectratio=\"1024\/1536\"\/><\/p>\n<p>Proyecto de Puntoyseguido<\/p>\n<p>&#13;<br \/>\n Plantas, textiles y aromas: el tri\u00e1ngulo del bienestar<\/p>\n<p>Hay una conexi\u00f3n casi emocional entre c\u00f3mo huele una casa y c\u00f3mo se siente. Y Cinca lo confirma: \u00abLas plantas contin\u00faan siendo un filtro natural, adem\u00e1s de su funci\u00f3n aportan vida y conexi\u00f3n con la naturaleza\u00bb. Muy necesario recordarlo: una planta bien colocada no solo decora, purifica.<\/p>\n<p><a href=\"https:\/\/www.arquitecturaydiseno.es\/estilo-de-vida\/la-planta-purificadora-de-aire-que-da-sombra-a-tu-casa_10786\" data-ga4_event=\"custom_event\" data-ga4_event_name=\"click_intext\" data-ga4_link_url=\"https:\/\/www.arquitecturaydiseno.es\/estilo-de-vida\/la-planta-purificadora-de-aire-que-da-sombra-a-tu-casa_10786\" data-ga4_link_text=\"la_planta_purificadora_de_aire_que_da_sombra_a_tu_casa\" data-ga4_content_type=\"photo\" data-ga4_element=\"related\" rel=\"nofollow noopener\" target=\"_blank\">&#13;&#13;<img loading=\"lazy\" decoding=\"async\" src=\"https:\/\/www.europesays.com\/es\/wp-content\/uploads\/2025\/11\/palma-de-areca_2fb2521c_1308622413_240806123028_600x600.webp.webp\" alt=\"palma de areca\" class=\"lazyload\" width=\"600\" height=\"600\" data-aspectratio=\"600\/600\"\/>&#13;&#13;<\/p>\n<p class=\"epigraph\">&#13;Noticia relacionada<\/p>\n<p class=\"title\">La planta purificadora de aire que da sombra a tu casa<\/p>\n<p><\/a><\/p>\n<p>Lo mismo ocurre con los tejidos. \u00ab<strong>Los textiles naturales ayudan a mantener la pureza del aire, adem\u00e1s, su tacto y textura aportan sensaci\u00f3n de calma y confort, generando entornos m\u00e1s acogedores<\/strong>\u00ab, se\u00f1ala. El lino, el algod\u00f3n o la lana no solo se ven bien, sino que ayudan a mantener un ambiente m\u00e1s limpio.<\/p>\n<p>Y, por supuesto, los aromas. \u00abCuando son sutiles y naturales, terminan de cerrar el c\u00edrculo sensorial, ya que el aire de una casa no s\u00f3lo se purifica, tambi\u00e9n se siente\u00bb, apunta. Aceites esenciales, velas vegetales, difusores sin alcohol: peque\u00f1os gestos que convierten el aire en parte de la experiencia. \u00ab<strong>El bienestar de nuestros hogares tiene mucho que ver con los materiales que elegimos para vestirla<\/strong>\u00ab, a\u00f1ade.<\/p>\n<p>H\u00e1bitos que marcan la diferencia<\/p>\n<p>Puedes tener la casa m\u00e1s bonita del barrio, pero si te olvidas de abrir las ventanas o llenas el sal\u00f3n de productos qu\u00edmicos, todo se viene abajo. Cinca insiste en que \u00ab<strong>con una serie de buenas pr\u00e1cticas se puede marcar la diferencia en la calidad del aire de nuestros hogares\u00bb<\/strong>.<\/p>\n<p>La lista es sencilla, pero poderosa: apostar por lo natural (tambi\u00e9n en los productos de limpieza), cuidar las plantas, no saturar los espacios y mantener el orden. \u00abEl cuidado de nuestras plantas y por supuesto, el orden y el respeto por los materiales que elegimos, ya que la calidad del aire est\u00e1 muy unida a c\u00f3mo vivimos la casa\u00bb, explica.<\/p>\n<p>Suena casi filos\u00f3fico, y lo es. Porque respirar bien tambi\u00e9n tiene que ver con c\u00f3mo habitamos. \u00abCrear y dise\u00f1ar un hogar saludable, confortable, es un reflejo de una forma de vida m\u00e1s consciente\u00bb, resume.<\/p>\n<p>&#13;<img loading=\"lazy\" decoding=\"async\"   src=\"https:\/\/www.europesays.com\/es\/wp-content\/uploads\/2025\/11\/lpardo-13_d6abc098_251112205813_1097x1536.webp.webp\" alt=\"LPardo 13\" class=\"lazyload\" width=\"1097\" height=\"1536\" data-aspectratio=\"1097\/1536\"\/><\/p>\n<p>Proyecto de Puntoyseguido<\/p>\n<p>&#13;<br \/>\n La casa como organismo vivo<\/p>\n<p>Hay casas que asfixian y otras que acogen. La diferencia no est\u00e1 en los metros cuadrados ni en el presupuesto, sino en la atenci\u00f3n que se presta a lo invisible. En entender que un hogar no solo se ilumina: tambi\u00e9n se oxigena.<\/p>\n<p>Pilar Cinca habla de arquitectura, pero tambi\u00e9n de estilo de vida. De c\u00f3mo el aire limpio no se compra en frascos, sino que se construye, d\u00eda a d\u00eda, con decisiones peque\u00f1as y conscientes.\u00a0<\/p>\n","protected":false},"excerpt":{"rendered":"En interiorismo hablamos mucho de luz, texturas o distribuci\u00f3n. Pero casi nunca del aire. Y sin embargo, \u00bfde&hellip;\n","protected":false},"author":2,"featured_media":247985,"comment_status":"","ping_status":"","sticky":false,"template":"","format":"standard","meta":{"footnotes":""},"categories":[173],"tags":[229,233,231,230,232,234,146,147,25,24,23],"class_list":{"0":"post-247984","1":"post","2":"type-post","3":"status-publish","4":"format-standard","5":"has-post-thumbnail","7":"category-arte-y-diseno","8":"tag-arte","9":"tag-arte-y-diseno","10":"tag-arts","11":"tag-arts-and-design","12":"tag-design","13":"tag-diseno","14":"tag-entertainment","15":"tag-entretenimiento","16":"tag-es","17":"tag-espana","18":"tag-spain"},"share_on_mastodon":{"url":"https:\/\/pubeurope.com\/@es\/115587530929414082","error":""},"_links":{"self":[{"href":"https:\/\/www.europesays.com\/es\/wp-json\/wp\/v2\/posts\/247984","targetHints":{"allow":["GET"]}}],"collection":[{"href":"https:\/\/www.europesays.com\/es\/wp-json\/wp\/v2\/posts"}],"about":[{"href":"https:\/\/www.europesays.com\/es\/wp-json\/wp\/v2\/types\/post"}],"author":[{"embeddable":true,"href":"https:\/\/www.europesays.com\/es\/wp-json\/wp\/v2\/users\/2"}],"replies":[{"embeddable":true,"href":"https:\/\/www.europesays.com\/es\/wp-json\/wp\/v2\/comments?post=247984"}],"version-history":[{"count":0,"href":"https:\/\/www.europesays.com\/es\/wp-json\/wp\/v2\/posts\/247984\/revisions"}],"wp:featuredmedia":[{"embeddable":true,"href":"https:\/\/www.europesays.com\/es\/wp-json\/wp\/v2\/media\/247985"}],"wp:attachment":[{"href":"https:\/\/www.europesays.com\/es\/wp-json\/wp\/v2\/media?parent=247984"}],"wp:term":[{"taxonomy":"category","embeddable":true,"href":"https:\/\/www.europesays.com\/es\/wp-json\/wp\/v2\/categories?post=247984"},{"taxonomy":"post_tag","embeddable":true,"href":"https:\/\/www.europesays.com\/es\/wp-json\/wp\/v2\/tags?post=247984"}],"curies":[{"name":"wp","href":"https:\/\/api.w.org\/{rel}","templated":true}]}}