{"id":248005,"date":"2025-11-21T11:59:20","date_gmt":"2025-11-21T11:59:20","guid":{"rendered":"https:\/\/www.europesays.com\/es\/248005\/"},"modified":"2025-11-21T11:59:20","modified_gmt":"2025-11-21T11:59:20","slug":"planas-aborda-con-el-comisario-hansen-la-negociacion-en-curso-sobre-la-futura-pac","status":"publish","type":"post","link":"https:\/\/www.europesays.com\/es\/248005\/","title":{"rendered":"Planas aborda con el comisario Hansen la negociaci\u00f3n en curso sobre la futura PAC"},"content":{"rendered":"<p class=\"main-image\">&#13; <img decoding=\"async\" alt=\"El ministro de Agricultura, Pesca y Alimentaci\u00f3n, Luis Planas, y el comisario de Agricultura y Alimentaci\u00f3n, Christopher Hansen\" title=\"El ministro de Agricultura, Pesca y Alimentaci\u00f3n, Luis Planas, y el comisario de Agricultura y Alimentaci\u00f3n, Christopher Hansen\" src=\"https:\/\/www.europesays.com\/es\/wp-content\/uploads\/2025\/11\/211125-planas-comisario-ue-pac.jpg\"\/>&#13;El ministro de Agricultura, Pesca y Alimentaci\u00f3n, Luis Planas, y el comisario de Agricultura y Alimentaci\u00f3n de la UE, Christophe Hansen.&#13;&#13;<\/p>\n<p>El ministro de Agricultura, Pesca y Alimentaci\u00f3n, Luis Planas, ha trasladado al comisario de Agricultura y Alimentaci\u00f3n, Christophe Hansen, la posici\u00f3n firme de Espa\u00f1a en un momento clave para la negociaci\u00f3n del pr\u00f3ximo Marco Financiero Plurianual y de la futura <a href=\"https:\/\/www.lamoncloa.gob.es\/serviciosdeprensa\/notasprensa\/agricultura\/Paginas\/2023\/200423-que-es-la-pac-y-como-solicitarla.aspx\" onclick=\"javascript:GoogleTrackEvent(&#039;True&#039;,&#039;Contenido&#039;,&#039;Click&#039;,&#039;[https:\/\/www.lamoncloa.gob.es\/serviciosdeprensa\/notasprensa\/agricultura\/Paginas\/2025\/211125-planas-comisario-ue-pac.aspx] Pol\u00edtica Agraria Com\u00fan (PAC). [\/serviciosdeprensa\/notasprensa\/agricultura\/Paginas\/2023\/200423-que-es-la-pac-y-como-solicitarla.aspx]&#039;);\" rel=\"nofollow noopener\" target=\"_blank\">Pol\u00edtica Agraria Com\u00fan (PAC)<\/a>.<\/p>\n<p>En la reuni\u00f3n, en Sevilla, el ministro ha destacado que la PAC tiene que ser una pol\u00edtica plenamente com\u00fan, con un presupuesto s\u00f3lido y una arquitectura diferenciada para evitar su integraci\u00f3n en un \u00abfondo \u00fanico\u00bb que, seg\u00fan Espa\u00f1a, generar\u00e1 desigualdades entre Estados miembros y una renacionalizaci\u00f3n de la pol\u00edtica agraria.<\/p>\n<p>El ministro ha subrayado la eficacia del modelo actual, un PAC m\u00e1s justa, social e igualitaria, con m\u00e1s de 590.000 solicitudes de ayudas en 2025 y una amplia participaci\u00f3n en ecorrreg\u00edmenes, y ha insistido en la importancia de garantizar reglas claras, estabilidad y seguridad jur\u00eddica para agricultores y ganaderos.<\/p>\n<p>Espa\u00f1a ha expresado tambi\u00e9n su preocupaci\u00f3n por el incremento de la cofinanciaci\u00f3n exigida en intervenciones sectoriales y acciones agroclim\u00e1ticas, lo que podr\u00eda tensionar los presupuestos nacionales y comprometer la continuidad de medidas esenciales.<\/p>\n<p>Planas ha defendido que la futura PAC debe reforzar la rentabilidad del campo, impulsar inversiones vinculadas a la transici\u00f3n clim\u00e1tica y apoyar a j\u00f3venes y mujeres en el medio rural, al tiempo que avanza en una simplificaci\u00f3n real de la gesti\u00f3n. \u00abCada euro destinado a la PAC debe traducirse en m\u00e1s productividad, sostenibilidad y futuro para el sector\u00bb, ha se\u00f1alado el ministro.<\/p>\n","protected":false},"excerpt":{"rendered":"&#13; &#13;El ministro de Agricultura, Pesca y Alimentaci\u00f3n, Luis Planas, y el comisario de Agricultura y Alimentaci\u00f3n de&hellip;\n","protected":false},"author":2,"featured_media":248006,"comment_status":"","ping_status":"","sticky":false,"template":"","format":"standard","meta":{"footnotes":""},"categories":[5],"tags":[517,2077,17,18,25,24,13,14,11,19,20,9,10,15,16,59225,2330,23,12,21,22],"class_list":{"0":"post-248005","1":"post","2":"type-post","3":"status-publish","4":"format-standard","5":"has-post-thumbnail","7":"category-titulares","8":"tag-actualidad","9":"tag-agricultura","10":"tag-breaking-news","11":"tag-breakingnews","12":"tag-es","13":"tag-espana","14":"tag-featured-news","15":"tag-featurednews","16":"tag-headlines","17":"tag-latest-news","18":"tag-latestnews","19":"tag-news","20":"tag-noticias","21":"tag-noticias-destacadas","22":"tag-noticiasdestacadas","23":"tag-pesca-y-alimentacion","24":"tag-prensa","25":"tag-spain","26":"tag-titulares","27":"tag-ultimas-noticias","28":"tag-ultimasnoticias"},"share_on_mastodon":{"url":"https:\/\/pubeurope.com\/@es\/115587577979392939","error":""},"_links":{"self":[{"href":"https:\/\/www.europesays.com\/es\/wp-json\/wp\/v2\/posts\/248005","targetHints":{"allow":["GET"]}}],"collection":[{"href":"https:\/\/www.europesays.com\/es\/wp-json\/wp\/v2\/posts"}],"about":[{"href":"https:\/\/www.europesays.com\/es\/wp-json\/wp\/v2\/types\/post"}],"author":[{"embeddable":true,"href":"https:\/\/www.europesays.com\/es\/wp-json\/wp\/v2\/users\/2"}],"replies":[{"embeddable":true,"href":"https:\/\/www.europesays.com\/es\/wp-json\/wp\/v2\/comments?post=248005"}],"version-history":[{"count":0,"href":"https:\/\/www.europesays.com\/es\/wp-json\/wp\/v2\/posts\/248005\/revisions"}],"wp:featuredmedia":[{"embeddable":true,"href":"https:\/\/www.europesays.com\/es\/wp-json\/wp\/v2\/media\/248006"}],"wp:attachment":[{"href":"https:\/\/www.europesays.com\/es\/wp-json\/wp\/v2\/media?parent=248005"}],"wp:term":[{"taxonomy":"category","embeddable":true,"href":"https:\/\/www.europesays.com\/es\/wp-json\/wp\/v2\/categories?post=248005"},{"taxonomy":"post_tag","embeddable":true,"href":"https:\/\/www.europesays.com\/es\/wp-json\/wp\/v2\/tags?post=248005"}],"curies":[{"name":"wp","href":"https:\/\/api.w.org\/{rel}","templated":true}]}}