{"id":248022,"date":"2025-11-21T12:15:10","date_gmt":"2025-11-21T12:15:10","guid":{"rendered":"https:\/\/www.europesays.com\/es\/248022\/"},"modified":"2025-11-21T12:15:10","modified_gmt":"2025-11-21T12:15:10","slug":"laliga-genuine-moeve-impulsa-la-inclusion-y-la-diversidad-con-record-de-participacion-en-su-octava-temporada","status":"publish","type":"post","link":"https:\/\/www.europesays.com\/es\/248022\/","title":{"rendered":"LALIGA GENUINE Moeve impulsa la inclusi\u00f3n y la diversidad con r\u00e9cord de participaci\u00f3n en su octava temporada"},"content":{"rendered":"<p>\ud83d\udca1 Selecciona tu IA preferida para generar en segundos un an\u00e1lisis completo del contenido y una propuesta de post optimizado para redes sociales:<\/p>\n<p>Moeve se incorpora al naming y acompa\u00f1a el arranque de su primera temporada completa a LALIGA GENUINE Moeve, la octava edici\u00f3n en la trayectoria de esta competici\u00f3n desarrollada por LALIGA, a trav\u00e9s de su Fundaci\u00f3n, y formada por equipos con jugadores con discapacidad intelectual.<\/p>\n<p>El nuevo calendario, que se desarrollar\u00e1 entre 2025 y 2026, alberga un r\u00e9cord de 50 equipos que disputar\u00e1n las cuatro fases.<\/p>\n<p> Gran evento de inauguraci\u00f3n en Tarragona <\/p>\n<p>Las instalaciones deportivas del Mediterranean Sports Hub (Tarragona) dispondr\u00e1n de <strong>8 campos de juego<\/strong> para m\u00e1s de mil futbolistas y t\u00e9cnicos en la primera fase de LALIGA GENUINE Moeve. El club anfitri\u00f3n, el N\u00e0stic de Tarragona, recibir\u00e1 a sus rivales llegados desde m\u00e1s de 30 provincias distintas de 15 Comunidades Aut\u00f3nomas, para disputar en total 75 partidos entre el s\u00e1bado 22 y el domingo 23 de noviembre. Moeve se volcar\u00e1 con esta fase impulsando la promoci\u00f3n del evento en la ciudad y aportando una veintena de voluntarios, profesionales de la compa\u00f1\u00eda, que acompa\u00f1ar\u00e1n a los equipos participantes.<\/p>\n<p>La competici\u00f3n vivir\u00e1 hoy su evento inaugural con el desfile de los 50 equipos en el Nou Estadi, el estadio del N\u00e0stic de Tarragona. Adem\u00e1s, como es tradicional, durante la celebraci\u00f3n de esta primera fase todos los jugadores bailar\u00e1n la tradicional haka antes de cada encuentro, en los que sumar\u00e1n los primeros puntos de la temporada en las clasificaciones deportivas y de Fair Play, siguiendo los principios de LALIGA GENUINE Moeve que pasan por compartir antes que competir.<\/p>\n<p> Compromiso con la inclusi\u00f3n y los valores <\/p>\n<p><strong>Jos\u00e9 Mar\u00eda Solana<\/strong>, <strong>director Global de Marca de Moeve,<\/strong> celebra el inicio de esta nueva temporada: \u2018estamos encantados de acompa\u00f1ar a Fundaci\u00f3n LALIGA en esta temporada, compartiendo valores tan importantes como el juego en equipo, el esp\u00edritu de superaci\u00f3n y la integraci\u00f3n, en especial este a\u00f1o con record de equipos y jugadores. Es decir, m\u00e1s personas que comparten un prop\u00f3sito y crecen juntas, porque en Moeve pensamos que el futuro ser\u00e1 mejor si jugamos todos\u2019.<\/p>\n<p><strong>Clemente Villaverde<\/strong>, <strong>presidente de Fundaci\u00f3n LALIGA<\/strong>, ha apuntado: \u2018hoy es un d\u00eda muy especial. Damos comienzo a la que ser\u00e1 una temporada llena de emoci\u00f3n, ilusi\u00f3n y alegr\u00eda. Esperamos y deseamos que, una vez m\u00e1s, el proyecto GENUINE nos haga disfrutar del f\u00fatbol con sus valores como protagonistas. Habr\u00e1 muchas sorpresas, pero hay algo que no va a cambiar: Se trata de compartir antes que de competir\u2019.<\/p>\n<p> Alianza y sostenibilidad <\/p>\n<p>Con el inicio de la nueva temporada de LALIGA GENUINE Moeve, la <strong>compa\u00f1\u00eda energ\u00e9tica profundiza en su alianza con LALIGA y Liga F<\/strong> como primer patrocinador de todas sus competiciones, entre las que se encuentran adem\u00e1s LALIGA EA SPORTS, Liga F Moeve, LALIGA HYPERMOTION, y los torneos FC FUTURES. Un acuerdo que busca promover valores sociales importantes como la colaboraci\u00f3n, la suma de todos, la integraci\u00f3n, la diversidad o el <strong>esp\u00edritu de superaci\u00f3n<\/strong>. Adem\u00e1s, por su vocaci\u00f3n de transformaci\u00f3n real, est\u00e1n desarrollando la Oficina T\u00e9cnica de Sostenibilidad Medioambiental para ayudar a los clubes a reducir su huella de carbono.<\/p>\n<p><strong>Accede a m\u00e1s informaci\u00f3n responsable en nuestra biblioteca digital de<\/strong> <b><a href=\"https:\/\/www.corresponsables.com\/publicaciones\" target=\"_blank\" rel=\"noopener nofollow\" data-saferedirecturl=\"https:\/\/www.google.com\/url?q=https:\/\/www.corresponsables.com\/publicaciones&amp;source=gmail&amp;ust=1763804629387000&amp;usg=AOvVaw0F4fILSof38-Q2KjfENkz1\">publicaciones Corresponsables<\/a>\u00a0y en el\u00a0<a href=\"https:\/\/system.bhybrid.com\/publication\/b61d16b2\/mobile\/?p=203\" target=\"_blank\" rel=\"noopener nofollow\" data-saferedirecturl=\"https:\/\/www.google.com\/url?q=https:\/\/publicaciones.corresponsables.com\/publication\/1fefb198\/mobile\/?p%3D469&amp;source=gmail&amp;ust=1763804629387000&amp;usg=AOvVaw0e4w_QOuz9pxlZm8RV6aXV\">Caso Pr\u00e1ctico de Moeve<\/a> en el <a href=\"http:\/\/www.corresponsables.com\/categoria\/anuario\/\" rel=\"nofollow noopener\" target=\"_blank\">Anuario Corresponsables<\/a> 2025.<\/b><\/p>\n<p> \ud83d\udca1 Selecciona tu IA preferida para generar en segundos un an\u00e1lisis completo del contenido y una propuesta de post optimizado para redes sociales:<\/p>\n<p>Puedes darte de baja en cualquier momento.<\/p>\n","protected":false},"excerpt":{"rendered":"\ud83d\udca1 Selecciona tu IA preferida para generar en segundos un an\u00e1lisis completo del contenido y una propuesta de&hellip;\n","protected":false},"author":2,"featured_media":248023,"comment_status":"","ping_status":"","sticky":false,"template":"","format":"standard","meta":{"footnotes":""},"categories":[93],"tags":[168,25,24,23,167],"class_list":{"0":"post-248022","1":"post","2":"type-post","3":"status-publish","4":"format-standard","5":"has-post-thumbnail","7":"category-deportes","8":"tag-deportes","9":"tag-es","10":"tag-espana","11":"tag-spain","12":"tag-sports"},"share_on_mastodon":{"url":"https:\/\/pubeurope.com\/@es\/115587640634960695","error":""},"_links":{"self":[{"href":"https:\/\/www.europesays.com\/es\/wp-json\/wp\/v2\/posts\/248022","targetHints":{"allow":["GET"]}}],"collection":[{"href":"https:\/\/www.europesays.com\/es\/wp-json\/wp\/v2\/posts"}],"about":[{"href":"https:\/\/www.europesays.com\/es\/wp-json\/wp\/v2\/types\/post"}],"author":[{"embeddable":true,"href":"https:\/\/www.europesays.com\/es\/wp-json\/wp\/v2\/users\/2"}],"replies":[{"embeddable":true,"href":"https:\/\/www.europesays.com\/es\/wp-json\/wp\/v2\/comments?post=248022"}],"version-history":[{"count":0,"href":"https:\/\/www.europesays.com\/es\/wp-json\/wp\/v2\/posts\/248022\/revisions"}],"wp:featuredmedia":[{"embeddable":true,"href":"https:\/\/www.europesays.com\/es\/wp-json\/wp\/v2\/media\/248023"}],"wp:attachment":[{"href":"https:\/\/www.europesays.com\/es\/wp-json\/wp\/v2\/media?parent=248022"}],"wp:term":[{"taxonomy":"category","embeddable":true,"href":"https:\/\/www.europesays.com\/es\/wp-json\/wp\/v2\/categories?post=248022"},{"taxonomy":"post_tag","embeddable":true,"href":"https:\/\/www.europesays.com\/es\/wp-json\/wp\/v2\/tags?post=248022"}],"curies":[{"name":"wp","href":"https:\/\/api.w.org\/{rel}","templated":true}]}}