{"id":248032,"date":"2025-11-21T12:20:10","date_gmt":"2025-11-21T12:20:10","guid":{"rendered":"https:\/\/www.europesays.com\/es\/248032\/"},"modified":"2025-11-21T12:20:10","modified_gmt":"2025-11-21T12:20:10","slug":"la-union-europea-cede-ante-trump-y-lanza-el-mayor-ataque-a-los-derechos-digitales-de-la-historia-el-salto","status":"publish","type":"post","link":"https:\/\/www.europesays.com\/es\/248032\/","title":{"rendered":"La Uni\u00f3n Europea cede ante Trump y lanza \u201cel mayor ataque\u201d a los derechos digitales de la historia &#8211; El Salto"},"content":{"rendered":"<ol>\n<li><a href=\"https:\/\/news.google.com\/rss\/articles\/CBMiugFBVV95cUxORnZPZWRIRHZ4b0pIQVNycHhrTWR3X2xuTmlGOUhOLVBxZDBRLTU3WXRqV1FoYlhwWUlCaURTdXNyM1Btc1VhTk91d2ZjQld0VzAtaHBDcDRZZDY4eUxzN281dmtjMVBjSHFMXzdQcW13ZERFODdHbVNSeGVNOEV1Wk5IbDhkRUN6WG5GeXhLYkttV0NuNVAyaHdTbHlxd213WFpxR2ZmOUhCT191WEkxVXl6b2xVb3NkeEE?oc=5\" target=\"_blank\" rel=\"nofollow noopener\">La Uni\u00f3n Europea cede ante Trump y lanza \u201cel mayor ataque\u201d a los derechos digitales de la historia<\/a>&nbsp;&nbsp;El Salto<\/li>\n<li><a href=\"https:\/\/news.google.com\/rss\/articles\/CBMifEFVX3lxTE9ieHVfQXNFdWN0cjduSV81YU5Kd2V2dm5samdBd2U3QzlvRUNqNGprTmVNVkRGaGttajZEcElnOTNDNVZNWDRETjhXdmQtYmRQUjNqNmJkeTNKNEotbWVmazNQa0NfQXEyTXN0R2pQTnRjQVNOazRwQ2FIVlXSAXxBVV95cUxONy00ZHZpcEFUNkd2ZC1jTXpuUldrc0IxMHNqeU5CUUFXcVpCNDNSaUJXeFJoN1hxaUxrcGJjaGZJbG5VNm9BNUlUWEJlbDlzYzFPbnZZbHJMWmxHazdvR1RHUktDXzAzejUwLWJpSW9NOU9rSVVSeHZkRTJJ?oc=5\" target=\"_blank\" rel=\"nofollow noopener\">Bruselas simplifica sus leyes de IA tras las presiones de Trump y del sector: moratoria normativa y menos \u00abfatiga\u00bb de cookies en los usuarios<\/a>&nbsp;&nbsp;El Mundo<\/li>\n<li><a href=\"https:\/\/news.google.com\/rss\/articles\/CBMipAFBVV95cUxOTnNDRVlKU2lTQlJUSU53N2gyQm5nVW9hckc0NDJFYXJEeklTV0lyajRBelZ3QUxHVlhrd0ZZd0VtN1AxUnJCN1FPNjlHUjZYdkFmMDJPdUR5dXpXQS1PVDBWd3Etci15X2Q5Sk13ZGJucEMtaUxXN0RZeGlrYjVEamo3UUxfOV9UMHZEVUJMZ1FEeU9PaEkwcDVRSEZzQmNYdmUwQg?oc=5\" target=\"_blank\" rel=\"nofollow noopener\">La Comisi\u00f3n Europea quiere debilitar la protecci\u00f3n de datos<\/a>&nbsp;&nbsp;EL PA\u00cdS<\/li>\n<li><a href=\"https:\/\/news.google.com\/rss\/articles\/CBMilAJBVV95cUxNd1JVZV9yRHFjejdYQmxsVHhESm9NSGRvUlFtN2xSY05YNHFuSDBQWUNzZEtLR3BvS2JIUTRNSmlxN0VhNmh3bkVqS1JpdVBDT0pPbldLV3k5VDlJdXJSOU9HQTlHM3hlOVJLQzFxU0VUSU5XYWIyM3g5MmlWMXJFbUp3NWphd1dnUHlLd2NGOE5oek9OSzcwbC12WUZWdWdNTGlyTzd0UTVFMVU0d2tJWHhSdEw1dVlFT2RaMmd0b2U1U1NlZHlTX3JtcU5BQmE0UzM2VUxuUjZDeHZEZl93SUlscGZoRnllRm12cDQ0VGFobXNFZFlNZ2JSS2E0TWRDUkFCU3g2NXZZNUVDSk5mRm9sZGXSAZoCQVVfeXFMT0tLRmxBb0RnTzQ1Q190aHRBV3l4Z09XN3dCblNtdDJJdVNGcDVmWnMxZThXekhyNERuVFZXS01MNWxMSHUxam9BcDF2WU5XUTRNQUs4V1BVQlZSR3VIUDhScGRNREN0RTI5cGZwcy0xaV9tVUxHbEd1Q2FpWEozVTBwWWpjQml5NVJPT0dJN29BLV9QbHltU0NrblhQLUdXQVFXbEpueTlGYl9UOHVDd0lXWWc0V2REMkdMdkdPYnp5anU4NXl1WlJFemY2eTc1OEdSbDNwclRHRTFsRmRkZWlxM1RqMHFnSWFvSU9lVHFJR05vTzR2aENiYm9TblVUUzNuSGVXX2FZQTU4dzlCaFI1SzVxS0tvTTN3?oc=5\" target=\"_blank\" rel=\"nofollow noopener\">\u00bfCesi\u00f3n de derechos o impulso a la innovaci\u00f3n?: el sector tecnol\u00f3gico espa\u00f1ol aplaude el &#8216;\u00f3mnibus digital&#8217;<\/a>&nbsp;&nbsp;El Espa\u00f1ol<\/li>\n<li><a href=\"https:\/\/news.google.com\/rss\/articles\/CBMiuAFBVV95cUxQYml3MEpCMlNZY2Q3N0dkNFM3Y2E2Tl9PSjJTVVJiNkRDaHdRZnVqOFNla21vQkdYSHljT0tIb0pGYjZ0VjI3MzRSX0xyX1kwQld2ay0tWlAxV29UeXhINlpJdHNsQWZKaUpTVlNLSk0zNXhpV0l1bFJBOTdDcnNIdmVlUnpqR0JOUFFMLUlxMlRuRDRTck4xdU1PWXMtMi1JTGJxdWZWYWFLd1FJMnNkd3ZVQzYwdzF1?oc=5\" target=\"_blank\" rel=\"nofollow noopener\">Bruselas se lanza a recortar normas digitales entre la presi\u00f3n de Trump y la acusaci\u00f3n de desregulaci\u00f3n<\/a>&nbsp;&nbsp;El Confidencial<\/li>\n<\/ol>\n","protected":false},"excerpt":{"rendered":"La Uni\u00f3n Europea cede ante Trump y lanza \u201cel mayor ataque\u201d a los derechos digitales de la historia&nbsp;&nbsp;El&hellip;\n","protected":false},"author":2,"featured_media":245082,"comment_status":"","ping_status":"","sticky":false,"template":"","format":"standard","meta":{"footnotes":""},"categories":[42],"tags":[17,18,13,14,11,61,62,63,64,19,20,9,10,15,16,12,21,22,65,66,67],"class_list":{"0":"post-248032","1":"post","2":"type-post","3":"status-publish","4":"format-standard","5":"has-post-thumbnail","7":"category-internacional","8":"tag-breaking-news","9":"tag-breakingnews","10":"tag-featured-news","11":"tag-featurednews","12":"tag-headlines","13":"tag-internacional","14":"tag-international","15":"tag-international-news","16":"tag-internationalnews","17":"tag-latest-news","18":"tag-latestnews","19":"tag-news","20":"tag-noticias","21":"tag-noticias-destacadas","22":"tag-noticiasdestacadas","23":"tag-titulares","24":"tag-ultimas-noticias","25":"tag-ultimasnoticias","26":"tag-world","27":"tag-world-news","28":"tag-worldnews"},"share_on_mastodon":{"url":"https:\/\/pubeurope.com\/@es\/115587660250750583","error":""},"_links":{"self":[{"href":"https:\/\/www.europesays.com\/es\/wp-json\/wp\/v2\/posts\/248032","targetHints":{"allow":["GET"]}}],"collection":[{"href":"https:\/\/www.europesays.com\/es\/wp-json\/wp\/v2\/posts"}],"about":[{"href":"https:\/\/www.europesays.com\/es\/wp-json\/wp\/v2\/types\/post"}],"author":[{"embeddable":true,"href":"https:\/\/www.europesays.com\/es\/wp-json\/wp\/v2\/users\/2"}],"replies":[{"embeddable":true,"href":"https:\/\/www.europesays.com\/es\/wp-json\/wp\/v2\/comments?post=248032"}],"version-history":[{"count":0,"href":"https:\/\/www.europesays.com\/es\/wp-json\/wp\/v2\/posts\/248032\/revisions"}],"wp:featuredmedia":[{"embeddable":true,"href":"https:\/\/www.europesays.com\/es\/wp-json\/wp\/v2\/media\/245082"}],"wp:attachment":[{"href":"https:\/\/www.europesays.com\/es\/wp-json\/wp\/v2\/media?parent=248032"}],"wp:term":[{"taxonomy":"category","embeddable":true,"href":"https:\/\/www.europesays.com\/es\/wp-json\/wp\/v2\/categories?post=248032"},{"taxonomy":"post_tag","embeddable":true,"href":"https:\/\/www.europesays.com\/es\/wp-json\/wp\/v2\/tags?post=248032"}],"curies":[{"name":"wp","href":"https:\/\/api.w.org\/{rel}","templated":true}]}}