{"id":248033,"date":"2025-11-21T12:21:15","date_gmt":"2025-11-21T12:21:15","guid":{"rendered":"https:\/\/www.europesays.com\/es\/248033\/"},"modified":"2025-11-21T12:21:15","modified_gmt":"2025-11-21T12:21:15","slug":"tormentas-y-nieve-en-estas-zonas-por-el-nuevo-frente","status":"publish","type":"post","link":"https:\/\/www.europesays.com\/es\/248033\/","title":{"rendered":"tormentas y nieve en estas zonas por el nuevo frente"},"content":{"rendered":"<p style=\"\">La <strong>masa de aire \u00e1rtico<\/strong> seguir\u00e1 congelando Espa\u00f1a en las pr\u00f3ximas horas. As\u00ed lo ha confirmado la <strong>Agencia Estatal de Meteorolog\u00eda (Aemet)<\/strong>, que anticipa que el fin de semana continuar\u00e1 marcado por la <a href=\"https:\/\/www.abc.es\/sociedad\/aemet-lanza-aviso-especial-nevadas-cotas-bajas-20251119182439-nt.html\" title=\"www.abc.es\" data-voc-vtm-id=\"in-text-traffic\" data-mrf-link=\"www.abc.es\" rel=\"nofollow noopener\" target=\"_blank\">situaci\u00f3n invernal<\/a> que ha dejado <strong>\u00abheladas generalizadas\u00bb<\/strong>  &#8230; en buena parte del interior peninsular, as\u00ed <a href=\"https:\/\/www.abc.es\/espana\/pais-vasco\/aemet-activa-avisos-naranjas-pais-vasco-nieve-20251119180000-nt.html\" title=\"www.abc.es\" data-voc-vtm-id=\"in-text-traffic\" data-mrf-link=\"www.abc.es\" rel=\"nofollow noopener\" target=\"_blank\">como nieve<\/a> en muchos puntos monta\u00f1osos de nuestro pa\u00eds con <strong>el desplome de las cotas<\/strong>. <\/p>\n<p class=\"voc-p\" style=\"\">Adem\u00e1s de este fr\u00edo, que mantendr\u00e1 las <strong>temperaturas entre 5 y 10 grados<\/strong> por debajo de lo habitual para la \u00e9poca al menos hasta el pr\u00f3ximo domingo, llegar\u00e1 en las pr\u00f3ximas horas un <strong>nuevo frente atl\u00e1ntico<\/strong>. Este temporal descargar\u00e1 lluvias en muchos puntos de la Pen\u00ednsula, acompa\u00f1ado en algunos casos por un <strong>viento fuerte y temporal mar\u00edtimo<\/strong> que aumentar\u00e1 esta sensaci\u00f3n invernal a lo largo de los pr\u00f3ximos d\u00edas.<\/p>\n<p class=\"voc-p\" style=\"\">Aunque ser\u00e1n unos <strong>d\u00edas de nevadas y precipitaciones<\/strong> en algunos puntos de la pen\u00ednsula, se espera tambi\u00e9n que el domingo <strong>las temperaturas vuelvan a repuntar<\/strong>. As\u00ed, a pesar de que el viernes ser\u00e1 el d\u00eda m\u00e1s fr\u00edo, los term\u00f3metros volver\u00e1n a subir conforme nos adentremos en la pr\u00f3xima semana, con m\u00ednimas <strong>por encima de los 5 grados<\/strong> en muchos puntos.<\/p>\n<p>\nLlega un nuevo frente atl\u00e1ntico a Espa\u00f1a: las zonas con lluvias y nieve este fin de semana\n<\/p>\n<p class=\"voc-p\" style=\"\">El fr\u00edo que ha tra\u00eddo consigo esta <strong>masa de aire \u00e1rtico<\/strong> se va a mantener a lo largo de este viernes y al menos hasta el pr\u00f3ximo domingo. Un escenario invernal que mantendr\u00e1 los <strong>avisos amarillos y naranjas<\/strong> activados en hasta <strong>11 comunidades<\/strong> por nevadas, viento fuerte y fen\u00f3menos costeros, que <a href=\"https:\/\/www.abc.es\/motor\/reportajes\/salir-carrera-presta-atencion-colores-nieve-20251120125900-nt.html\" title=\"www.abc.es\" data-voc-vtm-id=\"in-text-traffic\" data-mrf-link=\"www.abc.es\" rel=\"nofollow noopener\" target=\"_blank\">afectar\u00e1n especialmente<\/a> al norte de Espa\u00f1a, as\u00ed como puntos del Mediterr\u00e1neo. <\/p>\n<p class=\"voc-p\" style=\"\">Durante estos pr\u00f3ximos d\u00edas, la cota de nieve en el norte va a oscilar <strong>entre los 500 y 700 metros<\/strong>, especialmente en el Cant\u00e1brico y sistemas monta\u00f1osos cercanos. En <strong>Burgos, Cantabria, \u00c1lava, Asturias y Guip\u00fazcoa<\/strong>, la Aemet ha activado avisos naranjas por nevadas. En algunos puntos de la Cordillera Cant\u00e1brica, las acumulaciones podr\u00edan superar los 25 cent\u00edmetros a partir de los 700 metros.<\/p>\n<p class=\"voc-p\" style=\"\">Adem\u00e1s, tambi\u00e9n habr\u00e1 riesgo por nieve en otras provincias espa\u00f1olas como <strong>Zaragoza, Teruel, L\u00e9rida, Navarra, Huesca, La Rioja, Burgos, Palencia, Vizcaya o Soria<\/strong>. En las zonas de monta\u00f1a, las acumulaciones en 24 horas podr\u00edan estar entre 5 y 15 cent\u00edmetros este viernes.<\/p>\n<p class=\"voc-p\" style=\"\">Las precipitaciones tambi\u00e9n van a estar presente durante el fin de semana. A lo largo del viernes, la Aemet ha activado <strong>avisos amarillos por lluvias y tormentas<\/strong>, que ser\u00e1n especialmente notables en las Islas Baleares. En <strong>Mallorca y Menorca<\/strong> la precipitaci\u00f3n acumulada en una hora <strong>podr\u00eda superar los 20 mm<\/strong> e incluso podr\u00eda ir acompa\u00f1ada de <strong>granizo peque\u00f1o<\/strong>, aunque ir\u00e1n remitiendo a lo largo del s\u00e1bado.<\/p>\n<blockquote class=\"twitter-tweet\">\n<p lang=\"es\" dir=\"ltr\">Viernes y s\u00e1bado: rachas de viento muy fuertes en el nordeste peninsular y Baleares, con temporal mar\u00edtimo en el Mediterr\u00e1neo.<\/p>\n<p>Domingo: lluvia en Galicia y el zona litoral cant\u00e1brica.<\/p>\n<p>Ambiente invernal; en el interior peninsular heladas generalizadas. El domingo las \ud83c\udf21\ufe0fsuben. <a href=\"https:\/\/t.co\/dmfvIlOXrL\" rel=\"nofollow\">pic.twitter.com\/dmfvIlOXrL<\/a><\/p>\n<p>\u2014 AEMET (@AEMET_Esp) <a href=\"https:\/\/twitter.com\/AEMET_Esp\/status\/1991447983704142145?ref_src=twsrc%5Etfw\" rel=\"nofollow noopener\" target=\"_blank\">November 20, 2025<\/a><\/p><\/blockquote>\n<p class=\"voc-p\" style=\"\">Adem\u00e1s, el paso de un <strong>nuevo frente atl\u00e1ntico<\/strong>, que llegar\u00e1 a Espa\u00f1a a partir de este s\u00e1bado 22 de noviembre, comenzar\u00e1 dejando precipitaciones en el <strong>norte de Galicia y el Cant\u00e1brico<\/strong>. Estos chubascos ir\u00e1n extendi\u00e9ndose por el <strong>tercio norte peninsular<\/strong> en las pr\u00f3ximas horas, hasta alcanzar algunos puntos del centro a partir de la pr\u00f3xima semana.<\/p>\n<p>\nVuelven a subir las temperaturas, aunque seguir\u00e1 haciendo fr\u00edo en Espa\u00f1a\n<\/p>\n<p class=\"voc-p\" style=\"\">Las temperaturas se mantendr\u00e1n todav\u00eda bastante fr\u00edas para la \u00e9poca, <strong>situ\u00e1ndose entre 5 y 10 grados<\/strong> por debajo de lo habitual en muchos puntos del interior de Espa\u00f1a. No obstante, este fin de semana se espera que esta masa de aire \u00e1rtico <strong>comience a perder fuerza y a alejarse<\/strong> de nuestro pa\u00eds, dando paso a un ambiente <strong>mucho menos invernal<\/strong> que en d\u00edas anteriores. <\/p>\n<p class=\"voc-p\" style=\"\">Este viernes y s\u00e1bado se mantendr\u00e1n las <strong>heladas generalizadas<\/strong> en casi toda la Pen\u00ednsula, con las <strong>rachas fuertes de viento<\/strong> enfriando a\u00fan m\u00e1s el ambiente y bajando los term\u00f3metros en muchas zonas. Seguiremos viendo <strong>nieve en buena parte<\/strong> del pa\u00eds, aunque las nevadas ser\u00e1n algo menos intensas que en los d\u00edas previos.<\/p>\n<p class=\"voc-p\" style=\"\">El cambio m\u00e1s brusco vendr\u00e1 a partir del domingo, con <strong>temperaturas que comenzar\u00e1n a subir<\/strong> en buena parte de Espa\u00f1a hasta quedarse <strong>por encima de los 10 grados<\/strong>. As\u00ed lo notar\u00e1n especialmente en puntos de costa, donde las m\u00e1ximas se quedar\u00e1n <strong>cercanas a los 15 grados<\/strong> e incluso podr\u00edan superarlos. En capitales como Valencia, Alicante y Murcia se rozar\u00e1n los 20 grados a lo largo de esta jornada.<\/p>\n<p><script async src=\"https:\/\/platform.twitter.com\/widgets.js\" charset=\"utf-8\"><\/script><\/p>\n","protected":false},"excerpt":{"rendered":"La masa de aire \u00e1rtico seguir\u00e1 congelando Espa\u00f1a en las pr\u00f3ximas horas. As\u00ed lo ha confirmado la Agencia&hellip;\n","protected":false},"author":2,"featured_media":248034,"comment_status":"","ping_status":"","sticky":false,"template":"","format":"standard","meta":{"footnotes":""},"categories":[8],"tags":[2980,17,18,25,24,13,14,1151,3419,3087,11,19,20,5808,6194,9,16248,10,15,16,524,23,12,8091,21,22,7996],"class_list":{"0":"post-248033","1":"post","2":"type-post","3":"status-publish","4":"format-standard","5":"has-post-thumbnail","7":"category-espana","8":"tag-aemet","9":"tag-breaking-news","10":"tag-breakingnews","11":"tag-es","12":"tag-espana","13":"tag-featured-news","14":"tag-featurednews","15":"tag-fecha","16":"tag-frente","17":"tag-fuertes","18":"tag-headlines","19":"tag-latest-news","20":"tag-latestnews","21":"tag-llegada","22":"tag-lluvias","23":"tag-news","24":"tag-nieve","25":"tag-noticias","26":"tag-noticias-destacadas","27":"tag-noticiasdestacadas","28":"tag-nuevo","29":"tag-spain","30":"tag-titulares","31":"tag-tormentas","32":"tag-ultimas-noticias","33":"tag-ultimasnoticias","34":"tag-zonas"},"share_on_mastodon":{"url":"https:\/\/pubeurope.com\/@es\/115587664137209181","error":""},"_links":{"self":[{"href":"https:\/\/www.europesays.com\/es\/wp-json\/wp\/v2\/posts\/248033","targetHints":{"allow":["GET"]}}],"collection":[{"href":"https:\/\/www.europesays.com\/es\/wp-json\/wp\/v2\/posts"}],"about":[{"href":"https:\/\/www.europesays.com\/es\/wp-json\/wp\/v2\/types\/post"}],"author":[{"embeddable":true,"href":"https:\/\/www.europesays.com\/es\/wp-json\/wp\/v2\/users\/2"}],"replies":[{"embeddable":true,"href":"https:\/\/www.europesays.com\/es\/wp-json\/wp\/v2\/comments?post=248033"}],"version-history":[{"count":0,"href":"https:\/\/www.europesays.com\/es\/wp-json\/wp\/v2\/posts\/248033\/revisions"}],"wp:featuredmedia":[{"embeddable":true,"href":"https:\/\/www.europesays.com\/es\/wp-json\/wp\/v2\/media\/248034"}],"wp:attachment":[{"href":"https:\/\/www.europesays.com\/es\/wp-json\/wp\/v2\/media?parent=248033"}],"wp:term":[{"taxonomy":"category","embeddable":true,"href":"https:\/\/www.europesays.com\/es\/wp-json\/wp\/v2\/categories?post=248033"},{"taxonomy":"post_tag","embeddable":true,"href":"https:\/\/www.europesays.com\/es\/wp-json\/wp\/v2\/tags?post=248033"}],"curies":[{"name":"wp","href":"https:\/\/api.w.org\/{rel}","templated":true}]}}