{"id":248051,"date":"2025-11-21T12:38:11","date_gmt":"2025-11-21T12:38:11","guid":{"rendered":"https:\/\/www.europesays.com\/es\/248051\/"},"modified":"2025-11-21T12:38:11","modified_gmt":"2025-11-21T12:38:11","slug":"rtve-cierra-las-finales-de-champions-league-hasta-2031","status":"publish","type":"post","link":"https:\/\/www.europesays.com\/es\/248051\/","title":{"rendered":"RTVE cierra las finales de Champions League hasta 2031"},"content":{"rendered":"<p><strong>RTVE <\/strong>se asegura las finales de la <a href=\"https:\/\/www.rtve.es\/temas\/champions-league\/6610\/\" rel=\"nofollow noopener\" target=\"_blank\">Champions League<\/a> hasta el a\u00f1o 2031 despu\u00e9s de la adjudicaci\u00f3n por parte de UC3, la empresa conjunta entre la UEFA y la EFC (European Football Clubs) para el ciclo 2027-31. RTVE ya dispon\u00eda de los derechos de emisi\u00f3n en abierto para la edici\u00f3n actual, que tendr\u00e1 su final en el Puskas Arena de Budapest el 30 de mayo de 2026.<\/p>\n<p style=\"text-align:justify;\">UC3 adjudic\u00f3 de manera unificada los derechos en ese mismo periodo para los cinco mercados m\u00e1s importantes, Francia, Alemania, Italia, Reino Unido y Espa\u00f1a.<\/p>\n<p style=\"text-align:justify;\">Este torneo, que re\u00fane a los mejores equipos de cada campeonato nacional, garantiza excelentes resultados de audiencia incluso cuando las finales no las disputan equipos espa\u00f1oles como sucedi\u00f3 el a\u00f1o pasado cuando el Paris Saint Germain derrot\u00f3 al Inter de Mil\u00e1n ante 2<a href=\"https:\/\/www.rtve.es\/rtve\/20250601\/1-104-logra-su-mejor-mayo-siete-anos-segunda-cadena-mas-vista-generalista-mas-crece-la-1\/16605361.shtml#:~:text=La%20final%20de%20Champions%20League,6%20millones%20de%20espectadores%20%C3%BAnicos.\" rel=\"nofollow noopener\" target=\"_blank\">.641.000 espectadores con un 26,3 % de cuota de pantalla<\/a>. <\/p>\n<p style=\"text-align:justify;\">La \u00faltima final con representaci\u00f3n espa\u00f1ola, celebrada el 1 de junio de 2024 en el estadio de Wembley y que termin\u00f3 con la victoria del Real Madrid sobre el Borussia de Dortmund alcanz\u00f3 una audiencia media de <a href=\"https:\/\/www.rtve.es\/rtve\/20240602\/madrid-conquista-15a-champions-millones-mas-visto-temporada-4-1-48-8-la-1\/16129602.shtml#:~:text=La%20victoria%20del%20Real%20Madrid,%2C8%25%20de%20cuota).\" rel=\"nofollow noopener\" target=\"_blank\">6.176.000 espectadores, un 48,8% de cuota de pantalla y 10.399.000 espectadores<\/a> siguiendo el partido en alg\u00fan momento de la noche.<\/p>\n<p style=\"text-align:justify;\">RTVE tambi\u00e9n dispone los derechos de la final de la <strong>Women\u2019s Champions League<\/strong> del 23 de mayo en Oslo o la <strong>Final\u00edssima <\/strong>entre Espa\u00f1a y Argentina a finales de marzo, y ofrecer\u00e1 a lo largo de este pr\u00f3ximo 2026 grandes citas deportivas internacionales como los <strong>Juegos Ol\u00edmpicos y Paral\u00edmpicos<\/strong> de Invierno de Milano-Cortina o el <strong>Mundial de f\u00fatbol<\/strong> de Estados Unidos, M\u00e9xico y Canad\u00e1, as\u00ed como distintos campeonatos mundiales y europeos de deportes como atletismo, balonmano, nataci\u00f3n o baloncesto.<\/p>\n","protected":false},"excerpt":{"rendered":"RTVE se asegura las finales de la Champions League hasta el a\u00f1o 2031 despu\u00e9s de la adjudicaci\u00f3n por&hellip;\n","protected":false},"author":2,"featured_media":248052,"comment_status":"","ping_status":"","sticky":false,"template":"","format":"standard","meta":{"footnotes":""},"categories":[93],"tags":[168,25,24,23,167],"class_list":{"0":"post-248051","1":"post","2":"type-post","3":"status-publish","4":"format-standard","5":"has-post-thumbnail","7":"category-deportes","8":"tag-deportes","9":"tag-es","10":"tag-espana","11":"tag-spain","12":"tag-sports"},"share_on_mastodon":{"url":"https:\/\/pubeurope.com\/@es\/115587731004163403","error":""},"_links":{"self":[{"href":"https:\/\/www.europesays.com\/es\/wp-json\/wp\/v2\/posts\/248051","targetHints":{"allow":["GET"]}}],"collection":[{"href":"https:\/\/www.europesays.com\/es\/wp-json\/wp\/v2\/posts"}],"about":[{"href":"https:\/\/www.europesays.com\/es\/wp-json\/wp\/v2\/types\/post"}],"author":[{"embeddable":true,"href":"https:\/\/www.europesays.com\/es\/wp-json\/wp\/v2\/users\/2"}],"replies":[{"embeddable":true,"href":"https:\/\/www.europesays.com\/es\/wp-json\/wp\/v2\/comments?post=248051"}],"version-history":[{"count":0,"href":"https:\/\/www.europesays.com\/es\/wp-json\/wp\/v2\/posts\/248051\/revisions"}],"wp:featuredmedia":[{"embeddable":true,"href":"https:\/\/www.europesays.com\/es\/wp-json\/wp\/v2\/media\/248052"}],"wp:attachment":[{"href":"https:\/\/www.europesays.com\/es\/wp-json\/wp\/v2\/media?parent=248051"}],"wp:term":[{"taxonomy":"category","embeddable":true,"href":"https:\/\/www.europesays.com\/es\/wp-json\/wp\/v2\/categories?post=248051"},{"taxonomy":"post_tag","embeddable":true,"href":"https:\/\/www.europesays.com\/es\/wp-json\/wp\/v2\/tags?post=248051"}],"curies":[{"name":"wp","href":"https:\/\/api.w.org\/{rel}","templated":true}]}}