{"id":248053,"date":"2025-11-21T12:39:10","date_gmt":"2025-11-21T12:39:10","guid":{"rendered":"https:\/\/www.europesays.com\/es\/248053\/"},"modified":"2025-11-21T12:39:10","modified_gmt":"2025-11-21T12:39:10","slug":"los-avances-terapeuticos-abren-una-nueva-etapa-en-la-lucha-contra-el-cancer-de-pancreas","status":"publish","type":"post","link":"https:\/\/www.europesays.com\/es\/248053\/","title":{"rendered":"Los avances terap\u00e9uticos abren una nueva etapa en la lucha contra el c\u00e1ncer de p\u00e1ncreas"},"content":{"rendered":"<p>TORREVIEJA.-\u00a0El <strong>c\u00e1ncer de p\u00e1ncreas<\/strong> contin\u00faa siendo uno de los tumores m\u00e1s complejos de diagnosticar y tratar, pero los avances de los \u00faltimos a\u00f1os est\u00e1n abriendo un escenario m\u00e1s esperanzador para los pacientes. As\u00ed lo explica el <strong>doctor Enrique de Madaria<\/strong>, especialista <a href=\"https:\/\/www.quironsalud.com\/torrevieja\/es\/cartera-servicios\/aparato-digestivo\" rel=\"nofollow noopener\" target=\"_blank\"><strong>en Aparato Digestivo del Hospital Quir\u00f3nsalud Torrevieja<\/strong><\/a><strong> y <\/strong><a href=\"https:\/\/www.quironsalud.com\/alicante\/es\/cartera-servicios\/unidad-digestiva-endoscopia-avanzada\" rel=\"nofollow noopener\" target=\"_blank\"><strong>Quir\u00f3nsalud Alicante<\/strong><\/a>, quien subraya que la combinaci\u00f3n de nuevas t\u00e9cnicas de imagen, biomarcadores emergentes y terapias dirigidas \u201cest\u00e1 empezando a cambiar una enfermedad que durante mucho tiempo parec\u00eda inamovible\u201d.<\/p>\n<p style=\"margin-bottom:0cm; margin:0cm 0cm 8pt\">El c\u00e1ncer de p\u00e1ncreas se origina cuando <strong>c\u00e9lulas del p\u00e1ncreas<\/strong> comienzan a crecer de forma descontrolada, generalmente en la parte encargada de producir enzimas digestivas. El tipo m\u00e1s frecuente es el adenocarcinoma pancre\u00e1tico.<\/p>\n<p style=\"margin-bottom:0cm; margin:0cm 0cm 8pt\">Uno de los mayores retos es un diagn\u00f3stico m\u00e1s precoz. Al estar situado en una zona profunda del abdomen, los tumores iniciales no suelen producir s\u00edntomas claros. \u201c<strong>Cuando aparecen se\u00f1ales como dolor abdominal, p\u00e9rdida de peso o ictericia, muchas veces la enfermedad ya est\u00e1 avanzada<\/strong>\u201d, destaca el doctor De Madaria. Actualmente, cerca del <strong>80 % de los casos se detectan cuando ya no es posible la cirug\u00eda<\/strong>, la \u00fanica opci\u00f3n que puede curar la enfermedad.<\/p>\n<p style=\"margin-bottom:0cm; margin:0cm 0cm 8pt\">\u00a0<\/p>\n<p><strong>Nuevas herramientas para el diagn\u00f3stico precoz del c\u00e1ncer de p\u00e1ncreas<\/strong><\/p>\n<p style=\"margin-bottom:0cm; margin:0cm 0cm 8pt\">Aunque no existe un <strong>programa de cribado<\/strong> eficaz para la poblaci\u00f3n general, el progreso tecnol\u00f3gico est\u00e1 permitiendo detectar lesiones sospechosas cada vez m\u00e1s peque\u00f1as gracias a herramientas como las <strong>resonancias magn\u00e9ticas de alta resoluci\u00f3n, la ecoendoscopia y los an\u00e1lisis avanzados de imagen basados en inteligencia artificial<\/strong>. \u201cAqu\u00ed es donde estamos viendo un salto cualitativo y la tecnolog\u00eda est\u00e1 afinando nuestra capacidad para identificar tumores incipientes y, en algunos casos, adelantarnos a los s\u00edntomas\u201d, explica el especialista. <\/p>\n<p style=\"margin-bottom:0cm; margin:0cm 0cm 8pt\">En paralelo, se investigan nuevos <strong>biomarcadores<\/strong> que podr\u00edan revolucionar la detecci\u00f3n precoz, como fragmentos de ADN tumoral circulante, metabolitos espec\u00edficos o incluso se\u00f1ales detectables en saliva y heces, una l\u00ednea de trabajo a\u00fan en fase experimental pero especialmente prometedora.<\/p>\n<p style=\"margin-bottom:0cm; margin:0cm 0cm 8pt\">\u00a0<\/p>\n<p><strong>Un tratamiento que requiere un equipo multidisciplinar<\/strong><\/p>\n<p style=\"margin-bottom:0cm; margin:0cm 0cm 8pt\">El <strong>manejo del c\u00e1ncer de p\u00e1ncreas<\/strong> implica la coordinaci\u00f3n estrecha de gastroenter\u00f3logos, cirujanos, onc\u00f3logos, radi\u00f3logos y nutricionistas. Los especialistas valoran cada caso en comit\u00e9s de tumores para decidir el mejor plan terap\u00e9utico.<\/p>\n<p style=\"margin-bottom:0cm; margin:0cm 0cm 8pt\"><strong>La cirug\u00eda<\/strong> sigue siendo el \u00fanico tratamiento potencialmente curativo, pero solo un porcentaje reducido de pacientes puede acceder a ella en el momento del diagn\u00f3stico. En algunos casos no operables de inicio, los nuevos esquemas de quimioterapia pueden reducir el tumor y permitir una intervenci\u00f3n posterior.<\/p>\n<p style=\"margin-bottom:0cm; margin:0cm 0cm 8pt\">\u00a0<\/p>\n<p><strong>Avances en el tratamiento del c\u00e1ncer de p\u00e1ncreas<\/strong><\/p>\n<p style=\"margin-bottom:0cm; margin:0cm 0cm 8pt\">\u00a0<\/p>\n<p style=\"margin-bottom:0cm; margin:0cm 0cm 8pt\">En los \u00faltimos a\u00f1os, el tratamiento m\u00e9dico del c\u00e1ncer de p\u00e1ncreas ha evolucionado de forma notable, mejorando significativamente la supervivencia.<\/p>\n<p style=\"margin-bottom:0cm; margin:0cm 0cm 8pt\">Pero el avance m\u00e1s relevante llega de la mano de la <strong>medicina personalizada<\/strong>. Algunos tumores presentan mutaciones que permiten emplear terapias dirigidas.\u00a0\u201c<strong>Estamos ante un cambio de paradigma<\/strong>\u201d, afirma el doctor De Madaria. \u201c<strong>Durante d\u00e9cadas, el gen KRAS, la principal mutaci\u00f3n del c\u00e1ncer de p\u00e1ncreas, parec\u00eda inabordable, pero ahora comienzan a llegar f\u00e1rmacos capaces de actuar sobre mutaciones concretas como KRAS G12C o G12D. Los primeros ensayos son prometedores<\/strong>\u201d.<\/p>\n<p style=\"margin-bottom:0cm; margin:0cm 0cm 8pt\">Adem\u00e1s, ya se est\u00e1n desarrollando terapias capaces de actuar sobre diversas variantes de KRAS, lo que podr\u00eda beneficiar a un porcentaje mucho mayor de pacientes. La investigaci\u00f3n tambi\u00e9n explora combinaciones con <strong>inmunoterapia<\/strong> y otras terapias dirigidas, con resultados preliminares cada vez m\u00e1s s\u00f3lidos.<\/p>\n<p style=\"margin-bottom:0cm; margin:0cm 0cm 8pt\">Aunque el c\u00e1ncer de p\u00e1ncreas contin\u00faa siendo un gran desaf\u00edo, el ritmo de los avances es m\u00e1s r\u00e1pido que nunca. \u201c<strong>Por primera vez estamos viendo que la investigaci\u00f3n no solo aporta conocimiento, sino tambi\u00e9n herramientas reales que pueden transformar el pron\u00f3stico<\/strong>\u201d, concluye el doctor Enrique de Madaria. \u201c<strong>La colaboraci\u00f3n entre centros y la participaci\u00f3n en ensayos cl\u00ednicos est\u00e1n siendo clave para abrir nuevas puertas a nuestros pacientes<\/strong>\u201d.<\/p>\n","protected":false},"excerpt":{"rendered":"TORREVIEJA.-\u00a0El c\u00e1ncer de p\u00e1ncreas contin\u00faa siendo uno de los tumores m\u00e1s complejos de diagnosticar y tratar, pero los&hellip;\n","protected":false},"author":2,"featured_media":248054,"comment_status":"","ping_status":"","sticky":false,"template":"","format":"standard","meta":{"footnotes":""},"categories":[92],"tags":[25,24,165,166,23],"class_list":{"0":"post-248053","1":"post","2":"type-post","3":"status-publish","4":"format-standard","5":"has-post-thumbnail","7":"category-salud","8":"tag-es","9":"tag-espana","10":"tag-health","11":"tag-salud","12":"tag-spain"},"share_on_mastodon":{"url":"https:\/\/pubeurope.com\/@es\/115587734869780605","error":""},"_links":{"self":[{"href":"https:\/\/www.europesays.com\/es\/wp-json\/wp\/v2\/posts\/248053","targetHints":{"allow":["GET"]}}],"collection":[{"href":"https:\/\/www.europesays.com\/es\/wp-json\/wp\/v2\/posts"}],"about":[{"href":"https:\/\/www.europesays.com\/es\/wp-json\/wp\/v2\/types\/post"}],"author":[{"embeddable":true,"href":"https:\/\/www.europesays.com\/es\/wp-json\/wp\/v2\/users\/2"}],"replies":[{"embeddable":true,"href":"https:\/\/www.europesays.com\/es\/wp-json\/wp\/v2\/comments?post=248053"}],"version-history":[{"count":0,"href":"https:\/\/www.europesays.com\/es\/wp-json\/wp\/v2\/posts\/248053\/revisions"}],"wp:featuredmedia":[{"embeddable":true,"href":"https:\/\/www.europesays.com\/es\/wp-json\/wp\/v2\/media\/248054"}],"wp:attachment":[{"href":"https:\/\/www.europesays.com\/es\/wp-json\/wp\/v2\/media?parent=248053"}],"wp:term":[{"taxonomy":"category","embeddable":true,"href":"https:\/\/www.europesays.com\/es\/wp-json\/wp\/v2\/categories?post=248053"},{"taxonomy":"post_tag","embeddable":true,"href":"https:\/\/www.europesays.com\/es\/wp-json\/wp\/v2\/tags?post=248053"}],"curies":[{"name":"wp","href":"https:\/\/api.w.org\/{rel}","templated":true}]}}