{"id":248061,"date":"2025-11-21T12:43:09","date_gmt":"2025-11-21T12:43:09","guid":{"rendered":"https:\/\/www.europesays.com\/es\/248061\/"},"modified":"2025-11-21T12:43:09","modified_gmt":"2025-11-21T12:43:09","slug":"la-cumbre-del-clima-encara-el-final-con-un-borrador-de-acuerdo-que-excluye-la-desescalada-de-combustibles-fosiles","status":"publish","type":"post","link":"https:\/\/www.europesays.com\/es\/248061\/","title":{"rendered":"La Cumbre del Clima encara el final con un borrador de acuerdo que excluye la desescalada de combustibles f\u00f3siles"},"content":{"rendered":"<p style=\"\">La <a href=\"https:\/\/www.abc.es\/sociedad\/incendio-obliga-desalojar-parte-cumbre-clima-brasil-20251120184919-nt.html\" target=\"_self\" data-voc-vtm-id=\"in-text-traffic\" title=\"Cumbre del Clima de Brasil\" rel=\"nofollow noopener\">Cumbre del Clima de Brasil<\/a> encara su supuesta jornada final con un borrador de acuerdo que <strong>excluye la creaci\u00f3n de una hoja de ruta<\/strong> para abandonar los combustibles f\u00f3siles. Tras la accidentada jornada del jueves en la COP30, en la que se  &#8230; paralizaron durante horas las negociaciones<a href=\"https:\/\/www.abc.es\/sociedad\/incendio-obliga-desalojar-parte-cumbre-clima-brasil-20251120184919-nt.html\" target=\"_self\" data-voc-vtm-id=\"in-text-traffic\" title=\" por un incendio\" rel=\"nofollow noopener\"> por un incendio<\/a>, el nuevo texto en discusi\u00f3n elimina la propuesta para acelerar la acci\u00f3n clim\u00e1tica y <strong>crear un plan de implantaci\u00f3n<\/strong> de energ\u00edas renovables. <\/p>\n<p class=\"voc-p\" style=\"\">Se trata de uno de los puntos m\u00e1s candentes en las negociaciones de este a\u00f1o. Decenas de pa\u00edses han estado presionando para que la Cumbre del Clima de Bel\u00e8m <strong>avance en las promesas<\/strong> para<a href=\"https:\/\/www.abc.es\/sociedad\/cumbre-clima-acuerda-iniciar-senda-abandono-combustibles-20231213081902-nt.html\" target=\"_self\" data-voc-vtm-id=\"in-text-traffic\" title=\" dejar atr\u00e1s los combustibles f\u00f3siles,\" data-mrf-link=\"www.abc.es\" rel=\"nofollow noopener\"> dejar atr\u00e1s los combustibles f\u00f3siles,<\/a> una premisa que se consensu\u00f3 en la cita anual de 2023 y sobre la que no ha habido avances desde entonces debido a la gran resistencia de los estados m\u00e1s dependientes del petr\u00f3leo, como Arabia Saud\u00ed. Por ello, el objetivo para este a\u00f1o de los pa\u00edses m\u00e1s vulnerables y otros como Espa\u00f1a o Alemania era <strong>crear una \u00abhoja de ruta\u00bb q<\/strong>ue defina c\u00f3mo los pa\u00edses deben ir avanzando hacia una econom\u00eda verde. <\/p>\n<p class=\"voc-p\" style=\"\">El primer borrador de acuerdo as\u00ed lo contemplaba, como  una opci\u00f3n. Pero ahora, en un intento por concluir la cumbre, la presidencia del evento en manos de Brasil ha decidido publicar una versi\u00f3n que excluya esta posibilidad y que, de hecho, <strong>elimina toda menci\u00f3n expl\u00edcita a los combustibles f\u00f3siles, <\/strong>cuya quema es el principal contribuyente al calentamiento global de origen antropog\u00e9nico. Todo apunta a que en las pr\u00f3ximas horas se ver\u00e1n <strong>importantes reacciones<\/strong>  en contra de esta propuesta, complicando que la COP30 concluya este viernes como estaba previsto y alargando las negociaciones al fin de semana. <\/p>\n<p>\nRechazo\n<\/p>\n<p class=\"voc-p\" style=\"\">Por ahora, casi 40 pa\u00edses han consensuado una carta enviada a la presidencia de la COP30 en la que aseguran que<strong> la propuesta no recoge unas \u00ablas condiciones m\u00ednimas\u00bb<\/strong> para que la apoyen. Y en las cumbres del clima, las decisiones se toman por consenso, por lo que de mantener esta postura <strong>no habr\u00eda acuerdo<\/strong>. Entre los firmantes est\u00e1 Espa\u00f1a, pero tambi\u00e9n pa\u00edses como Colombia, Francia, Islas Marshall o Corea del Sur. <\/p>\n<p class=\"voc-p\" style=\"\">Tambi\u00e9n quedan pendientes otros temas importantes, como la necesidad de <strong>acelerar los recortes de emisiones<\/strong> para que la temperatura global pueda a\u00fan mantenerse en torno a 1,5\u00baC de calentamiento, algo que ya es pr\u00e1cticamente imposible debido a la acumulaci\u00f3n de gases de efecto invernadero. Lo que propone la presidencia en el borrador es crear un<strong> &#8216;club&#8217; voluntario<\/strong> de pa\u00edses para \u00abacelerar\u00bb la acci\u00f3n, as\u00ed como la creaci\u00f3n de una<strong> misi\u00f3n<\/strong> que elabore un informe de cara a la siguiente cumbre.<\/p>\n<p class=\"voc-p\" style=\"\">En cuanto al flujo de dinero destinado a que las naciones en desarrollo puedan adaptarse a los peores estragos del clima, el borrador insta a  triplicar la financiaci\u00f3n para 2030, tomando como referencia los niveles de 2025, aunque no especifica si este dinero <strong>debe proceder de los pa\u00edses desarrollados<\/strong> u otras fuentes.<\/p>\n","protected":false},"excerpt":{"rendered":"La Cumbre del Clima de Brasil encara su supuesta jornada final con un borrador de acuerdo que excluye&hellip;\n","protected":false},"author":2,"featured_media":248062,"comment_status":"","ping_status":"","sticky":false,"template":"","format":"standard","meta":{"footnotes":""},"categories":[42],"tags":[945,59259,17,18,16341,8244,3563,31733,46007,44223,13,14,1058,8245,11,61,62,63,64,19,20,9,10,15,16,12,21,22,65,66,67],"class_list":{"0":"post-248061","1":"post","2":"type-post","3":"status-publish","4":"format-standard","5":"has-post-thumbnail","7":"category-internacional","8":"tag-acuerdo","9":"tag-borrador","10":"tag-breaking-news","11":"tag-breakingnews","12":"tag-clima","13":"tag-combustibles","14":"tag-cumbre","15":"tag-desescalada","16":"tag-encara","17":"tag-excluye","18":"tag-featured-news","19":"tag-featurednews","20":"tag-final","21":"tag-fosiles","22":"tag-headlines","23":"tag-internacional","24":"tag-international","25":"tag-international-news","26":"tag-internationalnews","27":"tag-latest-news","28":"tag-latestnews","29":"tag-news","30":"tag-noticias","31":"tag-noticias-destacadas","32":"tag-noticiasdestacadas","33":"tag-titulares","34":"tag-ultimas-noticias","35":"tag-ultimasnoticias","36":"tag-world","37":"tag-world-news","38":"tag-worldnews"},"share_on_mastodon":{"url":"","error":"Validation failed: Text character limit of 500 exceeded"},"_links":{"self":[{"href":"https:\/\/www.europesays.com\/es\/wp-json\/wp\/v2\/posts\/248061","targetHints":{"allow":["GET"]}}],"collection":[{"href":"https:\/\/www.europesays.com\/es\/wp-json\/wp\/v2\/posts"}],"about":[{"href":"https:\/\/www.europesays.com\/es\/wp-json\/wp\/v2\/types\/post"}],"author":[{"embeddable":true,"href":"https:\/\/www.europesays.com\/es\/wp-json\/wp\/v2\/users\/2"}],"replies":[{"embeddable":true,"href":"https:\/\/www.europesays.com\/es\/wp-json\/wp\/v2\/comments?post=248061"}],"version-history":[{"count":0,"href":"https:\/\/www.europesays.com\/es\/wp-json\/wp\/v2\/posts\/248061\/revisions"}],"wp:featuredmedia":[{"embeddable":true,"href":"https:\/\/www.europesays.com\/es\/wp-json\/wp\/v2\/media\/248062"}],"wp:attachment":[{"href":"https:\/\/www.europesays.com\/es\/wp-json\/wp\/v2\/media?parent=248061"}],"wp:term":[{"taxonomy":"category","embeddable":true,"href":"https:\/\/www.europesays.com\/es\/wp-json\/wp\/v2\/categories?post=248061"},{"taxonomy":"post_tag","embeddable":true,"href":"https:\/\/www.europesays.com\/es\/wp-json\/wp\/v2\/tags?post=248061"}],"curies":[{"name":"wp","href":"https:\/\/api.w.org\/{rel}","templated":true}]}}