{"id":248077,"date":"2025-11-21T12:56:12","date_gmt":"2025-11-21T12:56:12","guid":{"rendered":"https:\/\/www.europesays.com\/es\/248077\/"},"modified":"2025-11-21T12:56:12","modified_gmt":"2025-11-21T12:56:12","slug":"el-cuadro-perdido-de-salvador-dali-que-salvo-a-un-equipo-de-futbol-de-la-desaparicion-y-que-lleva-50-anos-en-paradero-desconocido-futbol","status":"publish","type":"post","link":"https:\/\/www.europesays.com\/es\/248077\/","title":{"rendered":"El cuadro perdido de Salvador Dal\u00ed que salv\u00f3 a un equipo de f\u00fatbol de la desaparici\u00f3n y que lleva 50 a\u00f1os en paradero desconocido | F\u00fatbol"},"content":{"rendered":"<p class=\"loc\">Madrid<\/p>\n<p>El periodista Aitor Lagunas ha vuelto una vez m\u00e1s a El Larguero de la Cadena SER en calidad de invitado para hablarnos acerca de la quinta temporada de Brazalete Negro. Un p\u00f3dcast, que a\u00fana f\u00fatbol y true crime, en el que conocemos la cara &#8216;B&#8217; del deporte rey. Todo ello a trav\u00e9s de todo tipo de historias, a cada cual m\u00e1s espeluznante, que nos demuestran que el f\u00fatbol va mucho m\u00e1s all\u00e1 de los 90 minutos reglamentarios. Entre ellas algunas como la del que fuera presidente del M\u00e1laga, Antonio Rodr\u00edguez, quien fue asesinado en el a\u00f1o 1971 en un crimen que a d\u00eda de hoy sigue sin resolverse.<\/p>\n<p>M\u00e1s informaci\u00f3n<\/p>\n<p>A lo largo de esta charla con Manu Carre\u00f1o, Aitor Lagunas nos ha contado los entresijos de este caso, y tambi\u00e9n el de otros, como el robo de una joya por parte de la leyenda brit\u00e1nica Bobby Moore a tan solo unos d\u00edas del inicio del Mundial de M\u00e9xico. Aprovechando que la cosa iba de robos, el periodista tambi\u00e9n nos ha adelantado el tema principal del que ser\u00e1 uno de sus pr\u00f3ximos cap\u00edtulos: el cuadro perdido de Salvador Dal\u00ed. Hace ya varias d\u00e9cadas, concretamente en el a\u00f1o 1977, la Uni\u00f3 Esportiva Sant Andreu de Barcelona estaba en una situaci\u00f3n cr\u00edtica.<\/p>\n<p>50 a\u00f1os en paradero desconocido<\/p>\n<p>Ahogado completamente por las deudas, el equipo de f\u00fatbol estaba al borde de la desaparici\u00f3n. De ah\u00ed que su presidente, F\u00e9lix Romero, <a href=\"https:\/\/cadenaser.com\/ser\/2017\/12\/05\/cultura\/1512465187_168928.html\" target=\"_blank\" rel=\"noreferrer nofollow noopener\" title=\"https:\/\/cadenaser.com\/ser\/2017\/12\/05\/cultura\/1512465187_168928.html\">acabar\u00e1 pidi\u00e9ndole a Salvador Dal\u00ed que les pintara un cuadro<\/a> para poder as\u00ed venderlo y conseguir salvar al equipo de la desaparici\u00f3n. Y el pintor acept\u00f3 pintarles el cuadro con la condici\u00f3n de que todo el dinero recaudado sirviera para sanear las cuentas del club. Sin embargo, cuando el cuadro ya estaba listo para la subasta p\u00fablica internacional, desapareci\u00f3 por completo y nunca m\u00e1s volvimos a saber de \u00e9l: \u00abPues han pasado 50 a\u00f1os de ese momento y el cuadro desapareci\u00f3. <a href=\"https:\/\/cadenaser.com\/canarias\/2022\/12\/28\/los-cuadros-de-dali-picasso-y-miro-a-la-venta-por-mil-pesetas-a-bordo-de-un-carguero-de-platanos-rumbo-a-canarias-radio-club-tenerife\/\" target=\"_blank\" rel=\"noreferrer nofollow noopener\" title=\"https:\/\/cadenaser.com\/canarias\/2022\/12\/28\/los-cuadros-de-dali-picasso-y-miro-a-la-venta-por-mil-pesetas-a-bordo-de-un-carguero-de-platanos-rumbo-a-canarias-radio-club-tenerife\/\">No se sabe qui\u00e9n lo rob\u00f3 o qui\u00e9n lo compr\u00f3 en el mercado negro\u00bb<\/a>.<\/p>\n<blockquote class=\"twitter-tweet\">\n<p lang=\"es\" dir=\"ltr\">\ud83c\udff4 \u26bd\ufe0f <a href=\"https:\/\/twitter.com\/aitorlagunas?ref_src=twsrc%5Etfw\" rel=\"nofollow noopener\" target=\"_blank\">@Aitorlagunas<\/a> nos presenta la 5\u00aa temporada de <a href=\"https:\/\/twitter.com\/BrazaleteNegro?ref_src=twsrc%5Etfw\" rel=\"nofollow noopener\" target=\"_blank\">@BrazaleteNegro<\/a>, el podcast &#8216;true crime&#8217; del f\u00fatbol<\/p>\n<p>\ud83d\ude28 \u00abParece que no, pero hay muchas historias sobre los aspectos m\u00e1s tenebrosos del f\u00fatbol\u00bb<\/p>\n<p>\ud83d\udd2a \u00abEl primer episodio trata el asesinato Antonio Rodr\u00edguez, presidente del M\u00e1laga\u00bb <a href=\"https:\/\/t.co\/IOSOffWCRt\" rel=\"nofollow\">pic.twitter.com\/IOSOffWCRt<\/a><\/p>\n<p>\u2014 El Larguero (@ellarguero) <a href=\"https:\/\/twitter.com\/ellarguero\/status\/1991664115316846890?ref_src=twsrc%5Etfw\" rel=\"nofollow noopener\" target=\"_blank\">November 21, 2025<\/a><\/p><\/blockquote>\n<p>Algunas teor\u00edas apuntan a que un directivo del propio club compr\u00f3 la obra por unos 4,5 millones de pesetas para que el club pudiera tener liquidez inmediata. Sin embargo, y despu\u00e9s de aquella transacci\u00f3n interna, se le perdi\u00f3 la pista al cuadro. Desde entonces se han publicado muchas teor\u00edas acerca del cuadro y de su paradero. Entre ellas, que el directivo pudo haber revendido la obra a un coleccionista privado a cambio de una suma de dinero mucho mayor. <\/p>\n<blockquote class=\"twitter-tweet\">\n<p lang=\"es\" dir=\"ltr\">\ud83e\udee5 \ud83c\udff4 <a href=\"https:\/\/twitter.com\/aitorlagunas?ref_src=twsrc%5Etfw\" rel=\"nofollow noopener\" target=\"_blank\">@Aitorlagunas<\/a> y su Excel con 700 CASOS de cr\u00edmenes relacionados del f\u00fatbol, material para <a href=\"https:\/\/twitter.com\/BrazaleteNegro?ref_src=twsrc%5Etfw\" rel=\"nofollow noopener\" target=\"_blank\">@BrazaleteNegro<\/a> <\/p>\n<p>\ud83d\ude02 \u00abLa gente te va comentando temas y ya es un poco friki, pero que no salga de aqu\u00ed\u00bb<\/p>\n<p>\ud83c\udfa8 \u00abHay un cuadro de DAL\u00cd hecho para el Sant Andreu que lleva perdido 50 a\u00f1os\u00bb <a href=\"https:\/\/t.co\/sJcD3rPR5P\" rel=\"nofollow\">pic.twitter.com\/sJcD3rPR5P<\/a><\/p>\n<p>\u2014 El Larguero (@ellarguero) <a href=\"https:\/\/twitter.com\/ellarguero\/status\/1991665896063217830?ref_src=twsrc%5Etfw\" rel=\"nofollow noopener\" target=\"_blank\">November 21, 2025<\/a><\/p><\/blockquote>\n<p>\u00bfD\u00f3nde est\u00e1 el cuadro?<\/p>\n<p>De ah\u00ed que Aitor Lagunas y su equipo est\u00e9n investigando qu\u00e9 ha podido pasar realmente con el cuadro y d\u00f3nde est\u00e1 actualmente: \u00abLo m\u00e1s seguro es que est\u00e9 colgado en alg\u00fan palacio o en alguna mansi\u00f3n de cualquier ricach\u00f3n y que lo pueda disfrutar \u00e9l solo, pero no se sabe lo que pas\u00f3 con ese cuadro de Salvador Dal\u00ed para el Sant Andreu. Por eso estamos investigando para saber hasta d\u00f3nde podemos llegar, hasta qu\u00e9 palacio podemos entrar para encontrar ese cuadro que Salvador Dal\u00ed pint\u00f3 para el Sant Andreu\u00bb.<\/p>\n<p>Por lo tanto, la l\u00ednea entre el f\u00fatbol y el true crime es mucho m\u00e1s fina de lo que pueda parecer. Algo que podr\u00e1s conocer gracias al p\u00f3dcast Brazalete Negro, en el que cuentan esta historia y muchas otras m\u00e1s que nos demuestran a la otra cara del f\u00fatbol.<\/p>\n<p>Escucha &#8216;El Larguero&#8217; completo<\/p>\n<p><a href=\"https:\/\/cadenaser.com\/podcast\/cadena-ser\/el-larguero\/225\/\" target=\"_blank\" rel=\"nofollow noopener\" title=\"https:\/\/cadenaser.com\/podcast\/cadena-ser\/el-larguero\/225\/\">Esto es un fragmento de &#8216;El Larguero&#8217;,<\/a>\u00a0con Manu Carre\u00f1o. Puedes escuchar el programa completo aqu\u00ed:<\/p>\n<p><img decoding=\"async\" src=\"https:\/\/www.europesays.com\/es\/wp-content\/uploads\/2025\/11\/https:\/\/sdmedia.playser.cadenaser.com\/playser\/image\/202511\/21\/1763683928856_1763684810_asset_still.p.jpeg\" alt=\"Espa\u00f1a se clasifica a las semifinales de la Davis y Pellegrini renovar\u00e1 con el Real Betis\" width=\"655\"   loading=\"lazy\"\/><\/p>\n<p class=\"tit\">Espa\u00f1a se clasifica a las semifinales de la Davis y Pellegrini renovar\u00e1 con el Real Betis<\/p>\n<p>00:00:0001:39:06<\/p>\n<p>El c\u00f3digo iframe se ha copiado en el portapapeles<\/p>\n<p>FacebookTwitterLinkedinWhatsAppCerrar<\/p>\n<p><script async src=\"https:\/\/platform.twitter.com\/widgets.js\" charset=\"utf-8\"><\/script><\/p>\n","protected":false},"excerpt":{"rendered":"Madrid El periodista Aitor Lagunas ha vuelto una vez m\u00e1s a El Larguero de la Cadena SER en&hellip;\n","protected":false},"author":2,"featured_media":248078,"comment_status":"","ping_status":"","sticky":false,"template":"","format":"standard","meta":{"footnotes":""},"categories":[173],"tags":[229,233,231,230,232,234,146,147,25,24,23],"class_list":{"0":"post-248077","1":"post","2":"type-post","3":"status-publish","4":"format-standard","5":"has-post-thumbnail","7":"category-arte-y-diseno","8":"tag-arte","9":"tag-arte-y-diseno","10":"tag-arts","11":"tag-arts-and-design","12":"tag-design","13":"tag-diseno","14":"tag-entertainment","15":"tag-entretenimiento","16":"tag-es","17":"tag-espana","18":"tag-spain"},"share_on_mastodon":{"url":"https:\/\/pubeurope.com\/@es\/115587801950987788","error":""},"_links":{"self":[{"href":"https:\/\/www.europesays.com\/es\/wp-json\/wp\/v2\/posts\/248077","targetHints":{"allow":["GET"]}}],"collection":[{"href":"https:\/\/www.europesays.com\/es\/wp-json\/wp\/v2\/posts"}],"about":[{"href":"https:\/\/www.europesays.com\/es\/wp-json\/wp\/v2\/types\/post"}],"author":[{"embeddable":true,"href":"https:\/\/www.europesays.com\/es\/wp-json\/wp\/v2\/users\/2"}],"replies":[{"embeddable":true,"href":"https:\/\/www.europesays.com\/es\/wp-json\/wp\/v2\/comments?post=248077"}],"version-history":[{"count":0,"href":"https:\/\/www.europesays.com\/es\/wp-json\/wp\/v2\/posts\/248077\/revisions"}],"wp:featuredmedia":[{"embeddable":true,"href":"https:\/\/www.europesays.com\/es\/wp-json\/wp\/v2\/media\/248078"}],"wp:attachment":[{"href":"https:\/\/www.europesays.com\/es\/wp-json\/wp\/v2\/media?parent=248077"}],"wp:term":[{"taxonomy":"category","embeddable":true,"href":"https:\/\/www.europesays.com\/es\/wp-json\/wp\/v2\/categories?post=248077"},{"taxonomy":"post_tag","embeddable":true,"href":"https:\/\/www.europesays.com\/es\/wp-json\/wp\/v2\/tags?post=248077"}],"curies":[{"name":"wp","href":"https:\/\/api.w.org\/{rel}","templated":true}]}}