{"id":248081,"date":"2025-11-21T12:59:11","date_gmt":"2025-11-21T12:59:11","guid":{"rendered":"https:\/\/www.europesays.com\/es\/248081\/"},"modified":"2025-11-21T12:59:11","modified_gmt":"2025-11-21T12:59:11","slug":"las-mananas-kiss-en-granada-21-11-2025-kiss-fm","status":"publish","type":"post","link":"https:\/\/www.europesays.com\/es\/248081\/","title":{"rendered":"Las Ma\u00f1anas KISS en GRANADA 21\/11\/2025 \u2013 KISS FM"},"content":{"rendered":"<p>&#13;<br \/>\n\t\t&#13;<br \/>\n&#13;<br \/>\n\t&#13;<\/p>\n<p>Hoy hemos arrancado el d\u00eda con el sol iluminando la Alhambra. <strong>Granada nos ha hecho sentir como en casa en un nuevo directo de Las Ma\u00f1anas KISS<\/strong>. <\/p>\n<p>Con motivo del <strong>D\u00eda Mundial de la Televisi\u00f3n<\/strong> recordamos alguno de los momentos m\u00edticos y emblem\u00e1ticos de la historia de la televisi\u00f3n: la final de la primera edici\u00f3n de Gran Hermano, Camacho cantando el gol de Iniesta, el \u00abYo he venido a hablar de mi libro\u00bb del escritor Francisco Umbral\u2026 <\/p>\n<p>\u00bfSe llevar\u00e1 Bruno desde Granada los <strong>20.750 euros de bote del \u2018milnuto\u2019<\/strong>? Escucha el programa y desc\u00fabrelo. Aqu\u00ed os dejamos lo mejor del programa de hoy:<\/p>\n<p>Aqu\u00ed os dejamos el programa completo:<\/p>\n<p>\t&#13;<br \/>\n&#13;<\/p>\n<p>            <a href=\"http:\/\/www.facebook.com\/sharer\/sharer.php?u=https:\/\/www.kissfm.es\/2025\/11\/21\/las-mananas-kiss-en-granada-21-11-2025\/&amp;t=Las Ma\u00f1anas KISS en GRANADA 21\/11\/2025\" target=\"_blank\" rel=\"noopener noreferrer nofollow\"><img decoding=\"async\" src=\"https:\/\/www.europesays.com\/es\/wp-content\/uploads\/2025\/08\/Facebook.png\" alt=\"\"\/><\/a><br \/>\n            <a href=\"#\" onclick=\"essb_window('https:\/\/twitter.com\/intent\/tweet?text=Las Ma\u00f1anas KISS en GRANADA 21\/11\/2025&amp;url=https:\/\/www.kissfm.es\/2025\/11\/21\/las-mananas-kiss-en-granada-21-11-2025\/\/&amp;counturl=https:\/\/www.kissfm.es\/2025\/11\/21\/las-mananas-kiss-en-granada-21-11-2025\/&amp;hashtags=\" return=\"\" false=\"\" rel=\"noopener noreferrer\"><img decoding=\"async\" src=\"https:\/\/www.europesays.com\/es\/wp-content\/uploads\/2025\/08\/Twitter.png\" alt=\"\"\/><\/a><br \/>\n        &#13;<br \/>\n        &#13;<br \/>\n<script async src=\"https:\/\/platform.twitter.com\/widgets.js\" charset=\"utf-8\"><\/script><\/p>\n","protected":false},"excerpt":{"rendered":"&#13; &#13; &#13; &#13; Hoy hemos arrancado el d\u00eda con el sol iluminando la Alhambra. Granada nos ha&hellip;\n","protected":false},"author":2,"featured_media":248082,"comment_status":"","ping_status":"","sticky":false,"template":"","format":"standard","meta":{"footnotes":""},"categories":[170],"tags":[146,147,25,24,184,185,23],"class_list":{"0":"post-248081","1":"post","2":"type-post","3":"status-publish","4":"format-standard","5":"has-post-thumbnail","7":"category-musica","8":"tag-entertainment","9":"tag-entretenimiento","10":"tag-es","11":"tag-espana","12":"tag-music","13":"tag-musica","14":"tag-spain"},"share_on_mastodon":{"url":"https:\/\/pubeurope.com\/@es\/115587814682761295","error":""},"_links":{"self":[{"href":"https:\/\/www.europesays.com\/es\/wp-json\/wp\/v2\/posts\/248081","targetHints":{"allow":["GET"]}}],"collection":[{"href":"https:\/\/www.europesays.com\/es\/wp-json\/wp\/v2\/posts"}],"about":[{"href":"https:\/\/www.europesays.com\/es\/wp-json\/wp\/v2\/types\/post"}],"author":[{"embeddable":true,"href":"https:\/\/www.europesays.com\/es\/wp-json\/wp\/v2\/users\/2"}],"replies":[{"embeddable":true,"href":"https:\/\/www.europesays.com\/es\/wp-json\/wp\/v2\/comments?post=248081"}],"version-history":[{"count":0,"href":"https:\/\/www.europesays.com\/es\/wp-json\/wp\/v2\/posts\/248081\/revisions"}],"wp:featuredmedia":[{"embeddable":true,"href":"https:\/\/www.europesays.com\/es\/wp-json\/wp\/v2\/media\/248082"}],"wp:attachment":[{"href":"https:\/\/www.europesays.com\/es\/wp-json\/wp\/v2\/media?parent=248081"}],"wp:term":[{"taxonomy":"category","embeddable":true,"href":"https:\/\/www.europesays.com\/es\/wp-json\/wp\/v2\/categories?post=248081"},{"taxonomy":"post_tag","embeddable":true,"href":"https:\/\/www.europesays.com\/es\/wp-json\/wp\/v2\/tags?post=248081"}],"curies":[{"name":"wp","href":"https:\/\/api.w.org\/{rel}","templated":true}]}}