{"id":248104,"date":"2025-11-21T13:16:19","date_gmt":"2025-11-21T13:16:19","guid":{"rendered":"https:\/\/www.europesays.com\/es\/248104\/"},"modified":"2025-11-21T13:16:19","modified_gmt":"2025-11-21T13:16:19","slug":"el-alumbramiento-de-un-jugador-especial-al-que-la-liga-u-se-le-queda-pequena","status":"publish","type":"post","link":"https:\/\/www.europesays.com\/es\/248104\/","title":{"rendered":"El alumbramiento de un jugador especial al que la Liga U se le queda peque\u00f1a"},"content":{"rendered":"<p>El \u00ab\u00bfy ahora qu\u00e9?\u00bb es la pregunta que m\u00e1s sondea el entorno del UCAM despu\u00e9s de la <a href=\"https:\/\/www.laverdad.es\/deportes\/ucamcb\/aaliya-protagonista-intrascendente-triunfo-ucam-ante-lublin-20251119232817-nt.html\" data-voc-vtm-id=\"in-text-traffic\" title=\"gran actuaci\u00f3n de Lee Aaliya\" data-mrf-link=\"www.laverdad.es\" rel=\"nofollow noopener\" target=\"_blank\">gran actuaci\u00f3n de Lee Aaliya<\/a> este pasado  &#8230; mi\u00e9rcoles en el \u00faltimo partido de la primera fase de la FIBA Europe Cup, una ajustada victoria ante el Lublin (80-75). El joven jugador de 21 a\u00f1os, internacional absoluto argentino desde el pasado verano y que ha sido convocado para las pr\u00f3ximas &#8216;ventanas FIBA&#8217;, es el jugador del filial sub-22 que m\u00e1s preparado est\u00e1 a d\u00eda de hoy para la competici\u00f3n de primer nivel. No en vano, ya con 17 a\u00f1os debut\u00f3 en la primera divisi\u00f3n argentina y con 18 ya fue llamado para entrenar con la selecci\u00f3n absoluta albiceleste, con la que jug\u00f3 su primer partido en febrero del a\u00f1o pasado, este verano volvi\u00f3 a estar concentrado con la misma y ahora ha sido llamado para las pr\u00f3ximas &#8216;ventanas FIBA&#8217;.<\/p>\n<p class=\"v-p\">De manos prodigiosas con el bal\u00f3n, excelente tacto a pocos metros del aro, buenas continuaciones a canasta, intuitivo en el rebote y conservador en defensa con su gran colocaci\u00f3n, lo que m\u00e1s preparado hace a Aaliya para el primer nivel es su madurez f\u00edsica. De la casta le viene al galgo, pues su padre, Musambe Tutu, es un exluchador profesional ghan\u00e9s que se estableci\u00f3 en Argentina, donde se convirti\u00f3 en una celebridad televisiva. Pero ya en el &#8216;media day&#8217; de esta temporada, Aaliya, que, despu\u00e9s de fichar por el UCAM fue cedido sin mucho protagonismo al Palmer de la todav\u00eda LEB Plata, fue subcampe\u00f3n argentino con el Instituto en su segundo pr\u00e9stamo, reconoc\u00eda a LA VERDAD que \u00abla temporada pasada sub\u00ed uno de los mayores escalones de mi carrera trabajando mucho el f\u00edsico\u00bb.<\/p>\n<p class=\"v-p\">Solo hab\u00edan pasado dos d\u00edas del \u00faltimo amistoso de pretemporada, en Granada, donde el argentino ya tuvo dos grandes entradas en pista, anotando 6 puntos. Entero, sin ansia. \u00abSito y los compa\u00f1eros me dan confianza para sentirme as\u00ed\u00bb, explicaba. Pero tambi\u00e9n avisaba: \u00abMi meta es consolidarme como jugador del primer equipo del UCAM\u00bb.<\/p>\n<p>Dominio y dilema<\/p>\n<p class=\"v-p\">Aaliya es, junto al junior brasile\u00f1o Joao Neves, la estrella del sub-22 del UCAM, que compite en la nueva Liga U. Desde Argentina se interpret\u00f3 como un paso atr\u00e1s, pero el jugador defend\u00eda que \u00abme va a venir bien, y entrenando con el primer equipo estoy aprendiendo mucho\u00bb. Lo cierto es que, a nivel individual, el musculoso interior de 2,05 metros est\u00e1 encontrando poca competencia. Promedia 17,5 puntos, 11,2 rebotes y 22,7 de valoraci\u00f3n, jugando m\u00e1s de 30 minutos por partido y anotando el 52,4% de sus tiros.<\/p>\n<p>\n\u00abMi meta es consolidarme como jugador del primer equipo del UCAM\u00bb, dec\u00eda Aaliya a LA VERDAD en el &#8216;media day&#8217; de septiembre\n<\/p>\n<p class=\"v-p\">Sus 14 puntos, 12 rebotes y 25 de valoraci\u00f3n en 19 minutos de este mi\u00e9rcoles no solo evidencian que est\u00e1 para m\u00e1s, tambi\u00e9n ponen sobre la mesa la problem\u00e1tica del puzle. Porque, que Aaliya pudiera tener tal oportunidad, ven\u00eda por la intrascendencia de un partido que no arrebataba el primer puesto de grupo al UCAM incluso perdiendo. Cacok, Radebaugh, Raieste y Sant-Roos descansaron. No volver\u00e1 a pasar. Y, en una plantilla de catorce jugadores en la que siempre descansan dos, Garc\u00eda y L\u00f3pez De la Torre a\u00fan no han jugado en la Liga Endesa. Para dificultarlo a\u00fan m\u00e1s, est\u00e1 que, ni es jugador de formaci\u00f3n local, ni lo va a ser.<\/p>\n<p class=\"v-p\">Pero la sensaci\u00f3n es la de que el UCAM tiene en sus manos un jugador especial. La prueba del algod\u00f3n no enga\u00f1a, Aaliya la supera. Su doble-doble no es circunstancial, detr\u00e1s hay un jugador que tiene formaci\u00f3n, f\u00edsico y experiencia como para saltar al ruedo m\u00e1s a menudo. Tiempo de decisiones valientes en el UCAM.<\/p>\n<ol class=\"v-cmp-u-b__u\">\n<li class=\"v-cmp-u-b__l\">\n<p>La tercera vida de las zapatillas de Jordan Davis, fichaje del Caesa <\/p>\n<\/li>\n<\/ol>\n<p class=\"v-p\">Hay veces que la historia principal de una pel\u00edcula, un libro o una serie no resultan tan atrayentes como las diferentes subtramas que de la misma emanan. Pas\u00f3 algo parecido este mi\u00e9rcoles en Murcia, cuando el UCAM recib\u00eda al Lublin en el \u00faltimo partido de la primera fase de la FIBA Europe Cup, sin nada en juego. En la grada estaba Jordan Davis, el escolta de 1,88 metros y 28 a\u00f1os reci\u00e9n fichado por el Caesa Cartagena, que con \u00e9l busca cambiar la din\u00e1mica en Primera FEB.<\/p>\n<p class=\"v-p\">Ex del UCAM, donde jug\u00f3 entre 2021 y 2023, hab\u00eda aterrizado hac\u00eda apenas unas horas en el aeropuerto de Alicante despu\u00e9s de un largo viaje con escalas en Nueva York y Barcelona. Su vuelta a Espa\u00f1a fue con el pie izquierdo, pues hab\u00edan perdido dos de sus tres maletas, y en una de ellas guardaba sus zapatillas de baloncesto. Pero, a grandes males, grandes soluciones.<\/p>\n<p class=\"v-p\">Fernando Vera, periodista de Onda Regional, con d\u00e9cadas de seguimiento al UCAM, ten\u00eda unas zapatillas del 46 que Davis hab\u00eda donado el a\u00f1o pasado a una pe\u00f1a del UCAM para una rifa a beneficio de las v\u00edctimas de la DANA de Valencia. Y, por supuesto, se las prest\u00f3. \u00abYa tiene para ir entrenando hasta que le recuperan las maletas o se hace con unas nuevas\u00bb, cuenta Vera, que se acerc\u00f3 en el descanso a entregar las zapatillas al jugador, que asist\u00eda al partido como un pe\u00f1ista m\u00e1s de la grada Sadiel Rojas. <\/p>\n","protected":false},"excerpt":{"rendered":"El \u00ab\u00bfy ahora qu\u00e9?\u00bb es la pregunta que m\u00e1s sondea el entorno del UCAM despu\u00e9s de la gran&hellip;\n","protected":false},"author":2,"featured_media":248105,"comment_status":"","ping_status":"","sticky":false,"template":"","format":"standard","meta":{"footnotes":""},"categories":[269],"tags":[63143,299,298,168,25,24,12608,378,1044,8127,3041,23,167],"class_list":{"0":"post-248104","1":"post","2":"type-post","3":"status-publish","4":"format-standard","5":"has-post-thumbnail","7":"category-baloncesto","8":"tag-alumbramiento","9":"tag-baloncesto","10":"tag-basketball","11":"tag-deportes","12":"tag-es","13":"tag-espana","14":"tag-especial","15":"tag-jugador","16":"tag-liga","17":"tag-pequena","18":"tag-queda","19":"tag-spain","20":"tag-sports"},"share_on_mastodon":{"url":"https:\/\/pubeurope.com\/@es\/115587880518483687","error":""},"_links":{"self":[{"href":"https:\/\/www.europesays.com\/es\/wp-json\/wp\/v2\/posts\/248104","targetHints":{"allow":["GET"]}}],"collection":[{"href":"https:\/\/www.europesays.com\/es\/wp-json\/wp\/v2\/posts"}],"about":[{"href":"https:\/\/www.europesays.com\/es\/wp-json\/wp\/v2\/types\/post"}],"author":[{"embeddable":true,"href":"https:\/\/www.europesays.com\/es\/wp-json\/wp\/v2\/users\/2"}],"replies":[{"embeddable":true,"href":"https:\/\/www.europesays.com\/es\/wp-json\/wp\/v2\/comments?post=248104"}],"version-history":[{"count":0,"href":"https:\/\/www.europesays.com\/es\/wp-json\/wp\/v2\/posts\/248104\/revisions"}],"wp:featuredmedia":[{"embeddable":true,"href":"https:\/\/www.europesays.com\/es\/wp-json\/wp\/v2\/media\/248105"}],"wp:attachment":[{"href":"https:\/\/www.europesays.com\/es\/wp-json\/wp\/v2\/media?parent=248104"}],"wp:term":[{"taxonomy":"category","embeddable":true,"href":"https:\/\/www.europesays.com\/es\/wp-json\/wp\/v2\/categories?post=248104"},{"taxonomy":"post_tag","embeddable":true,"href":"https:\/\/www.europesays.com\/es\/wp-json\/wp\/v2\/tags?post=248104"}],"curies":[{"name":"wp","href":"https:\/\/api.w.org\/{rel}","templated":true}]}}