{"id":248106,"date":"2025-11-21T13:17:11","date_gmt":"2025-11-21T13:17:11","guid":{"rendered":"https:\/\/www.europesays.com\/es\/248106\/"},"modified":"2025-11-21T13:17:11","modified_gmt":"2025-11-21T13:17:11","slug":"rodri-dio-un-pequeno-paso-atras-hace-tres-semanas","status":"publish","type":"post","link":"https:\/\/www.europesays.com\/es\/248106\/","title":{"rendered":"\u201cRodri dio un peque\u00f1o paso atr\u00e1s hace tres semanas&#8230;\u201d"},"content":{"rendered":"<p class=\"\">Tuvo que ser sustituido en la primera parte del encuentro frente al Brentford, a principios de octubre. Cautela. <b>Rodri est\u00e1 entre algodones esta temporada despu\u00e9s de haberse perdido la mayor\u00eda de la anterior por una lesi\u00f3n.<\/b> Nadie quiere arriesgar, nadie quiere forzar una vuelta que agrave sus molestias. Despu\u00e9s de disputar los \u00faltimos instantes del partido frente al Bournemouth hace un par de semanas, <a href=\"https:\/\/as.com\/futbol\/videos\/hasta-hace-nada-era-impensable-y-ahora-una-realidad-alerta-rodri-para-el-mundial-f202511-v\/\" target=\"_blank\" rel=\"noreferrer nofollow noopener\" title=\"https:\/\/as.com\/futbol\/videos\/hasta-hace-nada-era-impensable-y-ahora-una-realidad-alerta-rodri-para-el-mundial-f202511-v\/\">se esperaba que el madrile\u00f1o pudiese volver al equipo tras el par\u00f3n por selecciones con relativa normalidad. <\/a>No ser\u00e1 as\u00ed. No por ahora. Guardiola dijo que el centrocampista sigue su proceso de recuperaci\u00f3n, y en su rueda de prensa del viernes pidi\u00f3 paciencia. <b>Rodri no jugar\u00e1 contra el Newcastle <\/b>en un duelo entre dos de los representantes de la Premier League en la Liga de Campeones.<\/p>\n<p class=\"\"><b>\u00bfRecupera a alguno de los lesionados?<\/b><\/p>\n<p class=\"\">Todo el mundo est\u00e1 en forma salvo Kovacic y Rodri. Rodri est\u00e1 avanzando paso a paso, hace casi tres semanas desde que dio peque\u00f1o paso atr\u00e1s. Sabe que se necesita tiempo para recuperarse bien, tanto mental como f\u00edsicamente, de los problemas que ha tenido, y para poder ser m\u00e1s regular de aqu\u00ed al final.<\/p>\n<p class=\"\"><b>\u00bfC\u00f3mo ve la lucha por el t\u00edtulo?<\/b><\/p>\n<p class=\"\">La verdad es que el Arsenal viene muy fuerte en las \u00faltimas temporadas, y tengo la sensaci\u00f3n de que no se dejar\u00e1n muchos puntos. Si toman mucha ventaja ser\u00e1 dif\u00edcil. Estamos en noviembre, y en noviembre a\u00fan no hay nada definitivo. Lo que pase en febrero o marzo, cuidado. Ahora que acab\u00f3 el par\u00f3n por selecciones nos veremos cada pocos d\u00edas hasta marzo. Tenemos que seguir ah\u00ed arriba en marzo, y una victoria ma\u00f1ana ser\u00eda un paso importante para nosotros.<\/p>\n<p><a href=\"https:\/\/as.com\/resultados\/ficha\/equipo\/m_city\/66\/\" rel=\"nofollow noopener\" target=\"_blank\"><img decoding=\"async\" src=\"https:\/\/www.europesays.com\/es\/wp-content\/uploads\/2025\/11\/1763731029_179_66.png\" alt=\"\u201cRodri dio un peque\u00f1o paso atr\u00e1s hace tres semanas...\u201d\" height=\"80\" width=\"80\"  loading=\"lazy\" data-error-image=\"https:\/\/static.as.com\/dist\/resources\/images\/placeholder-team.png\"\/><\/a><\/p>\n<p class=\"\"><b>\u00bfDir\u00eda que ahora es cuando empieza la temporada de verdad?<\/b><\/p>\n<p class=\"\">No s\u00e9, a m\u00ed me gusta tomarme un descanso. Me encanta mi trabajo, pero hay que tomarse un tiempo para respirar. Quiz\u00e1 tener m\u00e1s tiempo ser\u00eda bueno tambi\u00e9n. Nos adaptamos al Mundial que se jug\u00f3 en invierno, lo que las grandes cabezas pensantes del f\u00fatbol decidan, lo haremos.<\/p>\n<p class=\"\"><b>\u00bfLe alegra que Haaland vaya a disputar el pr\u00f3ximo Mundial con Noruega?<\/b><\/p>\n<p class=\"\">Est\u00e1 incre\u00edble esta temporada, est\u00e1 rompiendo todos los registros, personales y de la Premier League, tambi\u00e9n con Noruega. Para \u00e9l, para su selecci\u00f3n\u2026 hay muchos jugadores que no hab\u00edan nacido la \u00faltima vez que Noruega jug\u00f3 un Mundial. Como futbolista, y como futbolista de primer nivel, merece jugar un Mundial y vivir esa experiencia. Me alegro por \u00e9l.<\/p>\n<blockquote class=\"a_q\">\n<p>\u201cSoy muy fan de Bruno Guimar\u00e3es\u201d<\/p>\n<p>Pep Guardiola<\/p><\/blockquote>\n<p class=\"\"><b>\u00bfQu\u00e9 espera de su rival del s\u00e1bado, el Newcastle?<\/b><\/p>\n<p class=\"\">Es un gran, gran equipo. Est\u00e1n en la Liga de Campeones, tenemos que estar listos.<\/p>\n<p class=\"\"><b>\u00bfCree que Guimaraes es su jugador m\u00e1s peligroso?<\/b><\/p>\n<p>Noticias relacionadas<a href=\"https:\/\/apuestas.as.com\/branded\/corner-de-pronosticos\/haaland-se-interpone-en-el-matrimonio-perfecto-que-tenian-guardiola-y-messi-f202511-n\/\" class=\"s_m_w _rt-16x9\" title=\"El n\u00f3rdico amenaza con convertirse en el jugador que ha marcado m\u00e1s goles a las \u00f3rdenes de Pep Guardiola.\" data-tb-link=\"\" rel=\"nofollow noopener\" target=\"_blank\"><img decoding=\"async\" src=\"https:\/\/www.europesays.com\/es\/wp-content\/uploads\/2025\/11\/A5UTOKF4FZG6DFMCITV3VYDEWQ.jpg\" alt=\"Haaland se interpone en el matrimonio perfecto que ten\u00edan Guardiola y Messi\" class=\"\" height=\"9\" width=\"16\"   loading=\"lazy\" data-tb-thumbnail=\"\"\/><\/a><a href=\"https:\/\/as.com\/futbol\/internacional\/guardiola-lo-siento-por-los-haters-pero-he-ganado-mucho-f202511-n\/\" class=\"s_m_w _rt-16x9\" title=\"El t\u00e9cnico del City habl\u00f3 de sus 1.000 partidos como entrenador. Gan\u00f3 716. Tambi\u00e9n sigui\u00f3 desmarc\u00e1ndose de un posible regreso a las oficinas. \u201c\u00bfVolver al Bar\u00e7a, de presidente, con corbata? Va, hombre, va\u201d.\" data-tb-link=\"\" rel=\"nofollow noopener\" target=\"_blank\"><img decoding=\"async\" src=\"https:\/\/www.europesays.com\/es\/wp-content\/uploads\/2025\/11\/IVKE7GJB5NE3PNGJVJPJ4ISY34.JPG\" alt=\"Guardiola: \u201cLo siento por los haters, pero he ganado mucho\u201d\" class=\"\" height=\"9\" width=\"16\"   loading=\"lazy\" data-tb-thumbnail=\"\"\/><\/a><\/p>\n<p class=\"\">Desde que jugaba en el Lyon se le ve\u00eda que era un jugador especial. No es algo de esta temporada, lleva as\u00ed varios a\u00f1os. El Newcastle hizo un fichaje incre\u00edble y solo hace que mejorar. Siempre he sido muy fan suyo.<\/p>\n<p class=\"\"><b>\u00a1Tus opiniones importan!<\/b> Comenta en los art\u00edculos y suscr\u00edbete gratis a nuestra <a href=\"https:\/\/asfan.as.com\/newsletters\/\" target=\"_blank\" rel=\"nofollow noopener\" title=\"https:\/\/asfan.as.com\/newsletters\/\">newsletter<\/a> y a las alertas informativas en la <a href=\"https:\/\/as.com\/aplicacion-de-as-n\/\" target=\"_blank\" rel=\"nofollow noopener\" title=\"https:\/\/as.com\/aplicacion-de-as-n\/\">App<\/a> o el canal de <a href=\"https:\/\/www.whatsapp.com\/channel\/0029VaAasdA7j6g745nz9M10\" target=\"_blank\" rel=\"nofollow noopener\" title=\"https:\/\/www.whatsapp.com\/channel\/0029VaAasdA7j6g745nz9M10\">WhatsApp<\/a>. \u00bfBuscas licenciar contenido? Haz clic <a href=\"https:\/\/profesional.elpais.com\/soluciones-sindicacion?utm_medium=interno&amp;utm_source=crosslinking&amp;utm_campaign=sindicacion_as_pie_articulos\" target=\"_blank\" rel=\"nofollow noopener\" title=\"https:\/\/profesional.elpais.com\/soluciones-sindicacion?utm_medium=interno&amp;utm_source=crosslinking&amp;utm_campaign=sindicacion_as_pie_articulos\">aqu\u00ed<\/a><\/p>\n","protected":false},"excerpt":{"rendered":"Tuvo que ser sustituido en la primera parte del encuentro frente al Brentford, a principios de octubre. Cautela.&hellip;\n","protected":false},"author":2,"featured_media":248107,"comment_status":"","ping_status":"","sticky":false,"template":"","format":"standard","meta":{"footnotes":""},"categories":[268],"tags":[168,25,24,280,282,281,23,167],"class_list":{"0":"post-248106","1":"post","2":"type-post","3":"status-publish","4":"format-standard","5":"has-post-thumbnail","7":"category-futbol","8":"tag-deportes","9":"tag-es","10":"tag-espana","11":"tag-football","12":"tag-futbol","13":"tag-soccer","14":"tag-spain","15":"tag-sports"},"share_on_mastodon":{"url":"https:\/\/pubeurope.com\/@es\/115587884654962653","error":""},"_links":{"self":[{"href":"https:\/\/www.europesays.com\/es\/wp-json\/wp\/v2\/posts\/248106","targetHints":{"allow":["GET"]}}],"collection":[{"href":"https:\/\/www.europesays.com\/es\/wp-json\/wp\/v2\/posts"}],"about":[{"href":"https:\/\/www.europesays.com\/es\/wp-json\/wp\/v2\/types\/post"}],"author":[{"embeddable":true,"href":"https:\/\/www.europesays.com\/es\/wp-json\/wp\/v2\/users\/2"}],"replies":[{"embeddable":true,"href":"https:\/\/www.europesays.com\/es\/wp-json\/wp\/v2\/comments?post=248106"}],"version-history":[{"count":0,"href":"https:\/\/www.europesays.com\/es\/wp-json\/wp\/v2\/posts\/248106\/revisions"}],"wp:featuredmedia":[{"embeddable":true,"href":"https:\/\/www.europesays.com\/es\/wp-json\/wp\/v2\/media\/248107"}],"wp:attachment":[{"href":"https:\/\/www.europesays.com\/es\/wp-json\/wp\/v2\/media?parent=248106"}],"wp:term":[{"taxonomy":"category","embeddable":true,"href":"https:\/\/www.europesays.com\/es\/wp-json\/wp\/v2\/categories?post=248106"},{"taxonomy":"post_tag","embeddable":true,"href":"https:\/\/www.europesays.com\/es\/wp-json\/wp\/v2\/tags?post=248106"}],"curies":[{"name":"wp","href":"https:\/\/api.w.org\/{rel}","templated":true}]}}