{"id":248110,"date":"2025-11-21T13:19:09","date_gmt":"2025-11-21T13:19:09","guid":{"rendered":"https:\/\/www.europesays.com\/es\/248110\/"},"modified":"2025-11-21T13:19:09","modified_gmt":"2025-11-21T13:19:09","slug":"amparo-castellanos-dona-parte-de-su-obra-pictorica-a-entidades-de-burgos","status":"publish","type":"post","link":"https:\/\/www.europesays.com\/es\/248110\/","title":{"rendered":"Amparo Castellanos dona parte de su obra pict\u00f3rica a entidades de Burgos"},"content":{"rendered":"<p>Cuando Amparo Castellanos colgaba la bata blanca tras pasar la jornada en su botica del Espol\u00f3n, cambiaba los albarelos, matraces y balanzas por paletas, pinceles y caballetes. Sub\u00eda al estudio que ten\u00eda en ese mismo edificio cada d\u00eda. Pintaba a placer, sin mirar el reloj y sin ninguna presi\u00f3n. M\u00e1s de cinco d\u00e9cadas de creaci\u00f3n alumbraron una contundente y muy desconocida obra pict\u00f3rica. Ahora, en el ocaso de su vida, ha decidido donar una parte a entidades de la ciudad. Con algunas ya se ha iniciado la tramitaci\u00f3n y han aceptado este legado, con otras se ha contactado y la lista a\u00fan est\u00e1 abierta.\u00a0<\/p>\n<p>La colecci\u00f3n m\u00e1s destacada llegar\u00e1 al Ayuntamiento, con 10 pinturas. Con 7 se quedar\u00e1 el Museo de Burgos, que ya se ha comprometido a orquestar una exposici\u00f3n en 2026 para que el p\u00fablico burgal\u00e9s y el for\u00e1neo redescubra a esta desconocida artista. Tres permanecer\u00e1n en la Instituci\u00f3n Fern\u00e1n Gonz\u00e1lez y una en la C\u00e1mara de Comercio, la primera en recibirla, pues su presidente, Antonio M\u00e9ndez, ya la ha recogido de manos de la pintora. Con FAE, Colegio de Farmac\u00e9uticos de Burgos, Universidad de Burgos e Isabel I ya se ha contactado y recibir\u00e1n fondos, aunque queda pendiente concretar cu\u00e1les.\u00a0<\/p>\n<p>\u00abEl sentimiento de Amparo sobre su obra pict\u00f3rica es que no se pierda y trascienda m\u00e1s all\u00e1 de su vida. Amparo es artista vocacional, no ha tenido unos objetivos de exposiciones ni de venta al p\u00fablico. Ella ha pintado porque lo sent\u00eda, porque a la vez expresaba una forma de pensar y de vivir que no era real, pero s\u00ed la plasmaba en el lienzo. La vida tiene sus l\u00edmites, pero la pintura de Amparo no tiene por qu\u00e9 tenerlos, sino que puede seguir estando y hacerlo en las instituciones que pueden cuidar, valorar y proyectarla. Al final, lo bonito de la obra de un artista es que todo el mundo pueda disfrutar de ella, ah\u00ed se encuentra la generosidad de Amparo\u00bb, se explaya Jos\u00e9 Luis del R\u00edo, que se ocupa de la tramitaci\u00f3n que conlleva la donaci\u00f3n por encargo de la propia creadora y de su familia, ayudado por amigos como Carmen Cuesta y Pepe Sim\u00f3n.\u00a0<\/p>\n<p><img decoding=\"async\" loading=\"lazy\" src=\"https:\/\/www.europesays.com\/es\/wp-content\/uploads\/2025\/11\/D0FEA8D6-014B-4D08-9C676DF067AAB15A.JPG\" alt=\"La Real Academia Burgense completar\u00e1 sus fondos art\u00edsticos con tres piezas: un desnudo (imagen), un Quijote y una vista de la Plaza Mayor capitalina. \" border=\"0\"\/>La Real Academia Burgense completar\u00e1 sus fondos art\u00edsticos con tres piezas: un desnudo (imagen), un Quijote y una vista de la Plaza Mayor capitalina.  &#8211; Foto: Amparo Castellanos<\/p>\n<p>Todos lo hacen con el convencimiento de la necesidad de sacar a Castellanos de la sombra en la que, salvo contadas ocasiones, como la antol\u00f3gica F\u00f3rmula magistral en el Arco de Santa Mar\u00eda en 2022, ella misma, pintora at\u00edpica y t\u00edmida, ajena a las vanidades del arte, ha decidido habitar.\u00a0<\/p>\n","protected":false},"excerpt":{"rendered":"Cuando Amparo Castellanos colgaba la bata blanca tras pasar la jornada en su botica del Espol\u00f3n, cambiaba los&hellip;\n","protected":false},"author":2,"featured_media":248111,"comment_status":"","ping_status":"","sticky":false,"template":"","format":"standard","meta":{"footnotes":""},"categories":[173],"tags":[52901,229,233,231,230,623,63145,232,234,12943,146,147,25,24,241,63146,63147,30261,45801,31484,23,31396],"class_list":{"0":"post-248110","1":"post","2":"type-post","3":"status-publish","4":"format-standard","5":"has-post-thumbnail","7":"category-arte-y-diseno","8":"tag-arco-de-santa-maria","9":"tag-arte","10":"tag-arte-y-diseno","11":"tag-arts","12":"tag-arts-and-design","13":"tag-burgos","14":"tag-camara-de-comercio","15":"tag-design","16":"tag-diseno","17":"tag-donaciones","18":"tag-entertainment","19":"tag-entretenimiento","20":"tag-es","21":"tag-espana","22":"tag-exposiciones","23":"tag-fae","24":"tag-fae-burgos","25":"tag-farmacia","26":"tag-museo-de-burgos","27":"tag-real-academia-burgense-de-historia-y-bellas-artes","28":"tag-spain","29":"tag-universidad-de-burgos"},"share_on_mastodon":{"url":"https:\/\/pubeurope.com\/@es\/115587892340804002","error":""},"_links":{"self":[{"href":"https:\/\/www.europesays.com\/es\/wp-json\/wp\/v2\/posts\/248110","targetHints":{"allow":["GET"]}}],"collection":[{"href":"https:\/\/www.europesays.com\/es\/wp-json\/wp\/v2\/posts"}],"about":[{"href":"https:\/\/www.europesays.com\/es\/wp-json\/wp\/v2\/types\/post"}],"author":[{"embeddable":true,"href":"https:\/\/www.europesays.com\/es\/wp-json\/wp\/v2\/users\/2"}],"replies":[{"embeddable":true,"href":"https:\/\/www.europesays.com\/es\/wp-json\/wp\/v2\/comments?post=248110"}],"version-history":[{"count":0,"href":"https:\/\/www.europesays.com\/es\/wp-json\/wp\/v2\/posts\/248110\/revisions"}],"wp:featuredmedia":[{"embeddable":true,"href":"https:\/\/www.europesays.com\/es\/wp-json\/wp\/v2\/media\/248111"}],"wp:attachment":[{"href":"https:\/\/www.europesays.com\/es\/wp-json\/wp\/v2\/media?parent=248110"}],"wp:term":[{"taxonomy":"category","embeddable":true,"href":"https:\/\/www.europesays.com\/es\/wp-json\/wp\/v2\/categories?post=248110"},{"taxonomy":"post_tag","embeddable":true,"href":"https:\/\/www.europesays.com\/es\/wp-json\/wp\/v2\/tags?post=248110"}],"curies":[{"name":"wp","href":"https:\/\/api.w.org\/{rel}","templated":true}]}}