{"id":248112,"date":"2025-11-21T13:21:09","date_gmt":"2025-11-21T13:21:09","guid":{"rendered":"https:\/\/www.europesays.com\/es\/248112\/"},"modified":"2025-11-21T13:21:09","modified_gmt":"2025-11-21T13:21:09","slug":"ayuso-lo-ocurrido-es-propio-de-una-dictadura-no-es-el-fiscal-sino-pedro-sanchez-quien-se-ha-sentado-en-el-banquillo-el-mundo","status":"publish","type":"post","link":"https:\/\/www.europesays.com\/es\/248112\/","title":{"rendered":"Ayuso: &quot;Lo ocurrido es propio de una dictadura; no es el fiscal sino Pedro S\u00e1nchez quien se ha sentado en el banquillo&quot; &#8211; El Mundo"},"content":{"rendered":"<ol>\n<li><a href=\"https:\/\/news.google.com\/rss\/articles\/CBMiekFVX3lxTE5CcTNGSDRUdzlLd0FVaXplUUZjZzFkZGYydnU4eGdKOVR6bncwWG52bVZzMHZPNWZIRTVmSl9ibnh5SG93aE9OaTBBRWxsc2czYzVieDZHclAtSktUYkZIREltUHFEaXRBZ05FM2NjODNsQ0x0SE5PVENn0gF6QVVfeXFMTzRFZ1dBaXJJOE9fYVN1dXJuZlRicDlMSklabWJqVGdWbzdpZU5PUldydzRwbWxHR1ZORk5FTlYxMHBsUzdVN1hJVmVCRHNiZHloc0lHT3l1aHkwbnFFSkx4dkp1NGRnVFZIWjdMOGtSTVZ3WmNoVm0ySEE?oc=5\" target=\"_blank\" rel=\"nofollow noopener\">Ayuso: \u00abLo ocurrido es propio de una dictadura; no es el fiscal sino Pedro S\u00e1nchez quien se ha sentado en el banquillo\u00bb<\/a>&nbsp;&nbsp;El Mundo<\/li>\n<li><a href=\"https:\/\/news.google.com\/rss\/articles\/CBMi8AFBVV95cUxNLTBFaGFLWTRCSHc5UzlNUnlKeUR4UkFQYkxpTlVPV0x5dlltektoLXNVMjBMUTNwMXZiblRfb3lFUjY5RC1adnRkXzV2Wmo5YkFDOFYzdmdKYTNCdVpTT1RLczNaeUQtZUkyVGd4cUdwYk1DR1g1LVJjd011LVdsMG1XNTc4TmZ6ZlRzeUoybzVZRDJhT3B4Q1UzNko2WXlfVHlicm9wSmhkU3hnUl9xNTZtZ183YmU5aHBGUGpLaENKMlRmUmYzazg1dUo3Z3pVdlczWldoV2NBdnphVXlxelpWMFdkeWJ6SDZUc2VMd0M?oc=5\" target=\"_blank\" rel=\"nofollow noopener\">Ayuso sobre la condena a Garc\u00eda Ortiz: \u201cNo es el fiscal general sino S\u00e1nchez quien se ha sentado en el banquillo\u201d<\/a>&nbsp;&nbsp;EL PA\u00cdS<\/li>\n<li><a href=\"https:\/\/news.google.com\/rss\/articles\/CBMitwFBVV95cUxQQ1dhNTNVU0RFWEk2UFlkRFpLbUJwN3FYNEpzYkh6UDJSQ2JBNVJaM1JOVDJLOEVDcnk0eVZ5YXdlT19TT0pIWjRSV0x3bGZMeEhHTllIajNPTG5xdlZpdGV6MTF5Y3d0ZFhHVTZvaWVzeE1RZWdvZERqb1RjcWszLTctTDA5azJ4T0tnbDdEX2tuV0lfVGstTHp2V0ZtZ0JwbzhJVWdTZDFzM25HejFkZHItdVU3ZWM?oc=5\" target=\"_blank\" rel=\"nofollow noopener\">Terremoto en el Gobierno por su derrota judicial: la condena al fiscal puede ser solo la primera<\/a>&nbsp;&nbsp;El Confidencial<\/li>\n<li><a href=\"https:\/\/news.google.com\/rss\/articles\/CBMizwFBVV95cUxNUGRmRVRNdVBLSmVBWHdtOWg0cm03ZHdDSDQtMDJmZTY0ak8xU3hjNllrZmdsOHV3VTl1THExMW1EOEMtbDVJWDRUREROYzZMZE5WNUJxNTV6N0NDWm5yWWtqT2tleUxIcGl0MVVnSGgxUlNVb01zUGlrMkRGaVlCZzVVZkdQUDRCYkl3TkhRQldPTGJzMUNDUWttVThNRmxxZy1tZWZuanNzcTdSZ29Hcjl1a2Z1dldWb05xWVhNam1pQlBtUjFYZGZsclV2bVE?oc=5\" target=\"_blank\" rel=\"nofollow noopener\">Marchena ejecuta al fiscal general (y de paso el derecho a una informaci\u00f3n veraz) por Jes\u00fas Mara\u00f1a<\/a>&nbsp;&nbsp;infoLibre<\/li>\n<\/ol>\n","protected":false},"excerpt":{"rendered":"Ayuso: \u00abLo ocurrido es propio de una dictadura; no es el fiscal sino Pedro S\u00e1nchez quien se ha&hellip;\n","protected":false},"author":2,"featured_media":248113,"comment_status":"","ping_status":"","sticky":false,"template":"","format":"standard","meta":{"footnotes":""},"categories":[171],"tags":[146,147,25,24,3515,205,23,214],"class_list":{"0":"post-248112","1":"post","2":"type-post","3":"status-publish","4":"format-standard","5":"has-post-thumbnail","7":"category-tv","8":"tag-entertainment","9":"tag-entretenimiento","10":"tag-es","11":"tag-espana","12":"tag-isabel-diaz-ayuso","13":"tag-madrid","14":"tag-spain","15":"tag-tv"},"share_on_mastodon":{"url":"https:\/\/pubeurope.com\/@es\/115587900155801742","error":""},"_links":{"self":[{"href":"https:\/\/www.europesays.com\/es\/wp-json\/wp\/v2\/posts\/248112","targetHints":{"allow":["GET"]}}],"collection":[{"href":"https:\/\/www.europesays.com\/es\/wp-json\/wp\/v2\/posts"}],"about":[{"href":"https:\/\/www.europesays.com\/es\/wp-json\/wp\/v2\/types\/post"}],"author":[{"embeddable":true,"href":"https:\/\/www.europesays.com\/es\/wp-json\/wp\/v2\/users\/2"}],"replies":[{"embeddable":true,"href":"https:\/\/www.europesays.com\/es\/wp-json\/wp\/v2\/comments?post=248112"}],"version-history":[{"count":0,"href":"https:\/\/www.europesays.com\/es\/wp-json\/wp\/v2\/posts\/248112\/revisions"}],"wp:featuredmedia":[{"embeddable":true,"href":"https:\/\/www.europesays.com\/es\/wp-json\/wp\/v2\/media\/248113"}],"wp:attachment":[{"href":"https:\/\/www.europesays.com\/es\/wp-json\/wp\/v2\/media?parent=248112"}],"wp:term":[{"taxonomy":"category","embeddable":true,"href":"https:\/\/www.europesays.com\/es\/wp-json\/wp\/v2\/categories?post=248112"},{"taxonomy":"post_tag","embeddable":true,"href":"https:\/\/www.europesays.com\/es\/wp-json\/wp\/v2\/tags?post=248112"}],"curies":[{"name":"wp","href":"https:\/\/api.w.org\/{rel}","templated":true}]}}