{"id":248116,"date":"2025-11-21T13:23:15","date_gmt":"2025-11-21T13:23:15","guid":{"rendered":"https:\/\/www.europesays.com\/es\/248116\/"},"modified":"2025-11-21T13:23:15","modified_gmt":"2025-11-21T13:23:15","slug":"critica-de-come-see-me-in-the-good-light-un-documental-que-te-acaricia-el-alma","status":"publish","type":"post","link":"https:\/\/www.europesays.com\/es\/248116\/","title":{"rendered":"Cr\u00edtica de \u2018Come See Me in the Good Light\u2019, un documental que te acaricia el alma"},"content":{"rendered":"<p>(5 estrellas)<\/p>\n<p class=\"\">\u201cImagina que cuando un ser humano muere, <b>el alma echa de menos su cuerpo<\/b>. Lamenta la p\u00e9rdida de sus manos y lo que agarraban. Echa de menos esa timidez que te cierra la garganta al leer en voz alta el primer d\u00eda de colegio. Imagina que el alma echa de menos el dedo dolorido del pie, el diente que se mueve, el hueso de la risa. Imagina que el alma echa de menos <b>cada pesta\u00f1a que se cae esperando convertirse en deseo<\/b>. Cuando un ser humano muere, el alma busca en el universo algo que se sonroje. Busca el hambre, el vac\u00edo, la rabia. El alma<b> echa de menos la vejez y cada d\u00eda que el cuerpo estuvo enfermo<\/b>. El ahora que forz\u00f3. El aqu\u00ed que construy\u00f3. Nada en el espacio se lo imagina. Ning\u00fan cometa, ninguna nebulosa ni ning\u00fan rayo de luz comprenden <b>la sensaci\u00f3n de asombro<\/b>, el rubor de la verg\u00fcenza, las puntas de los dedos arrancando la primera cana y tir\u00e1ndola al suelo. No me lo puedo imaginar, dicen las estrellas. Cu\u00e9ntanos m\u00e1s cosas sobre los escalofr\u00edos. <b>Cu\u00e9ntanos m\u00e1s cosas sobre el dolor<\/b>\u201d.<\/p>\n<p class=\"\">Tras su <b>\u00e9xito en el Festival de Sundance<\/b>, de donde sali\u00f3 con un premio gordo bajo el brazo, \u2018<a href=\"https:\/\/www.filmaffinity.com\/es\/film813690.html\" target=\"_blank\" rel=\"noreferrer nofollow noopener\" title=\"https:\/\/www.filmaffinity.com\/es\/film813690.html\">Come See Me in the Good Light<\/a>\u2019 lleg\u00f3 la semana pasada a <b>Apple TV<\/b>. Se trata de un conmovedor documental sobre <a href=\"https:\/\/en.wikipedia.org\/wiki\/Andrea_Gibson\" target=\"_blank\" rel=\"noreferrer nofollow noopener\" title=\"https:\/\/en.wikipedia.org\/wiki\/Andrea_Gibson\">la escritora Andrea Gibson<\/a>, a cuyo poema \u2018Tincture\u2019 pertenece todo el p\u00e1rrafo anterior. Especializada en <a href=\"https:\/\/www.escueladeescritores.com\/blogedeempresas\/2024\/02\/08\/tecnicas-de-oralidad-especificas-del-spoken-word\/\" target=\"_blank\" rel=\"noreferrer nofollow noopener\" title=\"https:\/\/www.escueladeescritores.com\/blogedeempresas\/2024\/02\/08\/tecnicas-de-oralidad-especificas-del-spoken-word\/\">el spoken word<\/a>, Gibson tuvo que dejar atr\u00e1s su mayor pasi\u00f3n (las actuaciones) cuando le diagnosticaron <b>un c\u00e1ncer de ovarios en fase terminal<\/b>. La pel\u00edcula propone pasar tres semanas con ella, las mismas que hay entre sus pruebas m\u00e9dicas, y conocer ese momento de su vida en el que, como le gusta decir, <b>descubri\u00f3 c\u00f3mo encontrar la felicidad<\/b> cuando fue consciente de que ya no ten\u00eda todo el tiempo del mundo para buscarla.<\/p>\n<p class=\"\">Detr\u00e1s de la c\u00e1mara est\u00e1 <a href=\"https:\/\/www.imdb.com\/es-es\/name\/nm1713913\/awards\/?\" target=\"_self\" rel=\"nofollow noopener\" title=\"https:\/\/www.imdb.com\/es-es\/name\/nm1713913\/awards\/?\">Ryan White<\/a>, <b>tres veces nominado a los premios Emmy<\/b> a mejor documental por \u2018<a href=\"https:\/\/www.filmaffinity.com\/es\/film717802.html\" target=\"_blank\" rel=\"noreferrer nofollow noopener\" title=\"https:\/\/www.filmaffinity.com\/es\/film717802.html\">El caso contra la proposici\u00f3n 8<\/a>\u2032 (2015), \u2018<a href=\"https:\/\/www.filmaffinity.com\/es\/film758651.html\" target=\"_blank\" rel=\"noreferrer nofollow noopener\" title=\"https:\/\/www.filmaffinity.com\/es\/film758651.html\">The Keepers<\/a>\u2019 (2017) y <a href=\"https:\/\/www.filmaffinity.com\/es\/film341281.html\" target=\"_blank\" rel=\"noreferrer nofollow noopener\" title=\"https:\/\/www.filmaffinity.com\/es\/film341281.html\">\u2018Pamela Anderson: una historia de amor<\/a>\u2019 (2023). Lejos de lo que pueda parecer, el director no trata de hacer de Gibson un ejemplo de resiliencia en ning\u00fan momento. No da lecciones sobre el c\u00e1ncer ni hace el avioncito con la cuchara para que nos traguemos varias frases de Mr. Wonderful y unas cuantas dosis de optimismo ciego. En realidad, <b>la pel\u00edcula se siente como una disculpa<\/b> de la escritora con todos esos fans a los que la tuvo que cancelar su gira cuando le detectaron la enfermedad. Un vistazo a su intimidad y unas cuantas reflexiones sobre su carrera como compensaci\u00f3n. El proyecto es tan elegante que hasta <b>evita desangrarnos emocionalmente<\/b> haciendo la cl\u00e1sica aclaraci\u00f3n final sobre <a href=\"https:\/\/www.nytimes.com\/es\/2025\/07\/16\/espanol\/muere-andrea-gibson.html\" target=\"_blank\" rel=\"noreferrer nofollow noopener\" title=\"https:\/\/www.nytimes.com\/es\/2025\/07\/16\/espanol\/muere-andrea-gibson.html\">qu\u00e9 fue de la poetisa tras el rodaje<\/a>. Pero aunque no intente imponer mensajes, bastan unos minutos con Gibson para comprender que <b>se puede aprender mucho de su filosof\u00eda de vida<\/b>.<\/p>\n<p><img decoding=\"async\" src=\"https:\/\/www.europesays.com\/es\/wp-content\/uploads\/2025\/11\/OVRAMZEVFNAGJBRKKLPJMCDQNU.jpg\" alt=\"Come See Me in the Good Light\" class=\"mm__img\"   width=\"2560\" height=\"1441\" loading=\"lazy\"\/><\/p>\n<p>Ampliar<\/p>\n<p class=\"\">Activista pol\u00edtica, <b>portavoz de la comunidad queer<\/b> y poeta pionera, Gibson comparte sus ideas acerca de la profesi\u00f3n, las relaciones y la vida. Divaga sobre qu\u00e9 sentido tiene escribir algo que otros no entiendan, por qu\u00e9 todav\u00eda se lleva con todas sus exparejas y <b>c\u00f3mo se puede hablar del suicidio<\/b> desde la distancia. Lo hace acompa\u00f1ada de su novia, la poeta Megan Falley, a quien tambi\u00e9n da gusto escuchar cuando habla de <b>aceptar las cosas y poner el mundo y las heridas en perspectivas<\/b>. Conversaciones abrazadas por una fotograf\u00eda luminosa y unidas por un hilo conductor: la \u00faltima actuaci\u00f3n que la escritora intent\u00f3 montar entre reveses m\u00e9dicos y problemas de salud.<\/p>\n<p class=\"\">\u201cUn d\u00eda, en un teatro con cortinas de seda roja en Nueva Orleans, vi a Maya Angelou subirse al escenario. Diecisiete lentos pasos hasta el micr\u00f3fono. Tom\u00f3 aliento antes de hablar. O\u00ed nacer a Dios en aquel aliento. <b>Nunca hab\u00eda sentido nada igual<\/b>. Al llegar a casa busqu\u00e9 en la enciclopedia el nombre de aquel sentimiento: \u201cescalofr\u00edos\u201d. Luego pens\u00e9: \u201cYo puedo hacer esto\u201d. Le <b>arranqu\u00e9 la cinta de protecci\u00f3n a mi vida<\/b> y dej\u00e9 que todo la tocara\u00bb. <\/p>\n<p class=\"\">\u201cCaitlin Clark en la televisi\u00f3n en su tercera temporada con los Hawkeyes, un pase tan impecable como una formaci\u00f3n de gorriones: 222 escalofr\u00edos. Mi hermana peque\u00f1a, <b>sobria por primera vez en 14 a\u00f1os<\/b>, dici\u00e9ndome que se ha dado cuenta de que mam\u00e1 tiene los ojos verdes: 505 escalofr\u00edos. De pronto, todo me los provocaba: una disculpa sincera, el poema de amor de un enemigo, la luna al salir sobre la Divisoria Continental. Ya <b>nada se mor\u00eda en el mundo<\/b>. \u00bfLo hab\u00e9is sentido alguna vez? Una mil\u00e9sima de segundo en la que el tiempo se detiene y nada se muere en el mundo. 888 escalofr\u00edos. Yo en casa tras cuatro meses de quimio, viendo c\u00f3mo se me caen todas las pesta\u00f1as sobre las mejillas y d\u00e1ndome cuenta de que <b>hubieran sido unos 400 deseos sin pedir<\/b>. No pude escapar del r\u00e9cord. Y si alguien lo bate despu\u00e9s de m\u00ed, oh, y seguro que lo har\u00e1n, <b>lo disfrutar\u00e9 tanto que, sin intentarlo siquiera, lo volver\u00e9 a batir<\/b>\u201c. (\u2019Discurso de aceptaci\u00f3n tras batir el r\u00e9cord mundial de escalofr\u00edos\u2019).<\/p>\n<p><img decoding=\"async\" src=\"https:\/\/www.europesays.com\/es\/wp-content\/uploads\/2025\/11\/FY75Y3XANREM3E5P6L5J22DDIM.jpg\" alt=\"Come See Me in the Good Light\" class=\"mm__img\"   width=\"3840\" height=\"2160\" loading=\"lazy\"\/><\/p>\n<p>Ampliar<\/p>\n<p>Valoraci\u00f3n final<\/p>\n<p class=\"\">Da igual que no conozcas a Andrea Gibson, que no te guste la poes\u00eda y que el c\u00e1ncer y la comunidad queer no te toquen de cerca. \u2018Come See Me in the Good Light\u2019 tiene <b>reflexiones que acarician el alma y frases que atraviesan el coraz\u00f3n con una lanza<\/b>. No impone lecciones, ofrece consejos. Sobre la poca importancia de la mayor\u00eda de cosas que nos preocupan. Sobre la gratitud que deber\u00edamos sentir por tener un cuerpo. Sobre aceptar, sobre encajar. Sobre abrir nuestro coraz\u00f3n al amor. Es un precioso documental que permite conocer el talento de dos escritoras que<b> se cogieron de la mano m\u00e1s fuerte que nunca en el momento en que la vida les pidi\u00f3 que se separasen<\/b>. Es dif\u00edcil evitar las l\u00e1grimas y resulta a\u00fan m\u00e1s complicado no sentirse distinto, sanado y en paz con el universo, cuando aparecen los t\u00edtulos de cr\u00e9dito.<\/p>\n<p><img decoding=\"async\" src=\"https:\/\/www.europesays.com\/es\/wp-content\/uploads\/2025\/11\/ZJOQBDR3XNBFNIVOXTMWJW23QY.jpg\" alt=\"Come See Me in the Good Light\" class=\"mm__img\"   width=\"3840\" height=\"2160\" loading=\"lazy\"\/><\/p>\n<p>Ampliar<\/p>\n<p>Noticias relacionadas<\/p>\n<p class=\"\">Suscr\u00edbete al <a href=\"https:\/\/www.youtube.com\/@meristation\" target=\"_self\" rel=\"nofollow noopener\" title=\"https:\/\/www.youtube.com\/@meristation\">canal de MeriStation en YouTube<\/a>, tu web de videojuegos y entretenimiento para conocer todas las noticias y novedades sobre el mundo del videojuego, cine, series, manga y anime. An\u00e1lisis, entrevistas, tr\u00e1ileres, gameplays, p\u00f3dcast y mucho m\u00e1s. Tambi\u00e9n te animamos a seguir <a href=\"https:\/\/www.tiktok.com\/@meristation\" rel=\"nofollow noopener\" title=\"https:\/\/www.tiktok.com\/@meristation\" target=\"_blank\">nuestra cuenta de TikTok<\/a>. <\/p>\n<p class=\"\">\u00a1S\u00edguenos en ambas y, si est\u00e1s interesado en licenciar este contenido, pincha <a href=\"https:\/\/profesional.elpais.com\/soluciones-sindicacion?utm_medium=interno&amp;utm_source=crosslinking&amp;utm_campaign=sindicacion_as_pie_articulos\" target=\"_blank\" rel=\"nofollow noopener\" title=\"https:\/\/profesional.elpais.com\/soluciones-sindicacion?utm_medium=interno&amp;utm_source=crosslinking&amp;utm_campaign=sindicacion_as_pie_articulos\">aqu\u00ed<\/a>!<\/p>\n<p><script async src=\"\/\/www.tiktok.com\/embed.js\"><\/script><\/p>\n","protected":false},"excerpt":{"rendered":"(5 estrellas) \u201cImagina que cuando un ser humano muere, el alma echa de menos su cuerpo. Lamenta la&hellip;\n","protected":false},"author":2,"featured_media":248117,"comment_status":"","ping_status":"","sticky":false,"template":"","format":"standard","meta":{"footnotes":""},"categories":[169],"tags":[177,146,147,25,24,176,175,23],"class_list":{"0":"post-248116","1":"post","2":"type-post","3":"status-publish","4":"format-standard","5":"has-post-thumbnail","7":"category-cine","8":"tag-cine","9":"tag-entertainment","10":"tag-entretenimiento","11":"tag-es","12":"tag-espana","13":"tag-film","14":"tag-movies","15":"tag-spain"},"share_on_mastodon":{"url":"https:\/\/pubeurope.com\/@es\/115587908259600353","error":""},"_links":{"self":[{"href":"https:\/\/www.europesays.com\/es\/wp-json\/wp\/v2\/posts\/248116","targetHints":{"allow":["GET"]}}],"collection":[{"href":"https:\/\/www.europesays.com\/es\/wp-json\/wp\/v2\/posts"}],"about":[{"href":"https:\/\/www.europesays.com\/es\/wp-json\/wp\/v2\/types\/post"}],"author":[{"embeddable":true,"href":"https:\/\/www.europesays.com\/es\/wp-json\/wp\/v2\/users\/2"}],"replies":[{"embeddable":true,"href":"https:\/\/www.europesays.com\/es\/wp-json\/wp\/v2\/comments?post=248116"}],"version-history":[{"count":0,"href":"https:\/\/www.europesays.com\/es\/wp-json\/wp\/v2\/posts\/248116\/revisions"}],"wp:featuredmedia":[{"embeddable":true,"href":"https:\/\/www.europesays.com\/es\/wp-json\/wp\/v2\/media\/248117"}],"wp:attachment":[{"href":"https:\/\/www.europesays.com\/es\/wp-json\/wp\/v2\/media?parent=248116"}],"wp:term":[{"taxonomy":"category","embeddable":true,"href":"https:\/\/www.europesays.com\/es\/wp-json\/wp\/v2\/categories?post=248116"},{"taxonomy":"post_tag","embeddable":true,"href":"https:\/\/www.europesays.com\/es\/wp-json\/wp\/v2\/tags?post=248116"}],"curies":[{"name":"wp","href":"https:\/\/api.w.org\/{rel}","templated":true}]}}