{"id":248122,"date":"2025-11-21T13:26:12","date_gmt":"2025-11-21T13:26:12","guid":{"rendered":"https:\/\/www.europesays.com\/es\/248122\/"},"modified":"2025-11-21T13:26:12","modified_gmt":"2025-11-21T13:26:12","slug":"el-emotivo-homenaje-de-felipe-vi-a-la-reina-sofia","status":"publish","type":"post","link":"https:\/\/www.europesays.com\/es\/248122\/","title":{"rendered":"el emotivo homenaje de Felipe VI a la Reina Sof\u00eda"},"content":{"rendered":"<p style=\"\">En cuanto la Unidad de M\u00fasica de la Guardia Real ha terminado de interpretar el Himno Nacional desde el sal\u00f3n de Teniers del Palacio Real, el protocolo se ha relajado entre los miembros de la Familia Real. En el momento en que se dirig\u00edan desde  &#8230; el sal\u00f3n del Trono hasta la saleta de Gasparini, donde han saludado uno por uno a todos los invitados a la ceremonia de imposici\u00f3n del Collar de la Insigne Orden del Tois\u00f3n de Oro, la Princesa Leonor y la Infanta Sof\u00eda han dado un sentido abrazo a la Reina Sof\u00eda, a quien hoy ha condecorado el Rey por una <a href=\"https:\/\/www.abc.es\/espana\/casa-real\/felipe-reivindica-papel-decisivo-juan-carlos-gesto-20251121105307-nt.html\" target=\"_self\" data-voc-vtm-id=\"in-text-traffic\" title=\"\u00abvida entera de servicio ejemplar y de lealtad a Espa\u00f1a y a la Corona\" rel=\"nofollow noopener\">\u00abvida entera de servicio ejemplar y de lealtad a Espa\u00f1a y a la Corona<\/a>, apoyando con convicci\u00f3n al Rey Juan Carlos en su <strong>acertada y temprana apuesta por la apertura democr\u00e1tica y las libertades\u00bb<\/strong>.<\/p>\n<p class=\"voc-p\" style=\"\">Si hoy en el Palacio Real se ha vivido un d\u00eda hist\u00f3rico por el 50 aniversario de la restauraci\u00f3n de la Monarqu\u00eda, la imagen del d\u00eda ha sido la de ese preciso instante: la Princesa Leonor y la Reina Sof\u00eda caminando juntas cogidas por la espalda. Abuela y nieta, Reina y Heredera al Trono, las dos damas distinguidas por Felipe VI con el Tois\u00f3n de Oro, mostrando <strong>la continuidad de la Corona<\/strong> bajo la atenta mirada de Do\u00f1a Letizia, cuyo papel es fundamental en el reinado de Felipe VI y clave por su desempe\u00f1o al frente de las actividades institucionales y en el desarrollo personal y profesional de la Princesa de Asturias y la Infanta Sof\u00eda. No ha sido ninguna coincidencia, por eso, que la madre y la esposa de Felipe VI fueran vestidas del mismo<strong> rosa empolvado<\/strong>, Do\u00f1a Sof\u00eda con un dise\u00f1o de Alejandro de Miguel y la Reina Letizia con un Carolina Herrera.<\/p>\n<p class=\"voc-p\" style=\"\">El acto hab\u00eda comenzado una hora antes con el Batall\u00f3n de Honores de la Guardia Real formando filas en el patio de la Armer\u00eda del Palacio Real, ante sala de esta cita, con la que se ha conmemorado el 50 aniversario de la proclamaci\u00f3n de Juan Carlos I. <\/p>\n<p class=\"voc-p\" style=\"\">A la Armer\u00eda fueron llegando a pie los expresidentes del Gobierno <strong>Mariano Rajoy<\/strong> y <strong>Jos\u00e9 Mar\u00eda Aznar<\/strong>. Falt\u00f3<strong> Jos\u00e9 Luis Rodr\u00edguez Zapatero<\/strong>. En el interior, se reun\u00edan otros miembros del Gobierno desde 1975 y hasta 1985, como Marcelino Oreja, Rodolfo Mart\u00edn Villa, Jos\u00e9 Manuel Otero Novas, Ignacio Camu\u00f1as o Abel Caballero, entre otros. Charlaban animadamente con los principales poderes del Estado. Tambi\u00e9n estaba<strong> Pedro S\u00e1nchez<\/strong> con seis ministros de su Gobierno, adem\u00e1s de presidentes auton\u00f3micos, aunque hubo<strong> ausencias notables<\/strong>, como la presidenta de Madrid, Isabel D\u00edaz Ayuso; el lehendakari Imanol Pradales; el presidente valenciano, Carlos Maz\u00f3n, la presidenta navarra, Mar\u00eda Chivite, y la extreme\u00f1a, Mar\u00eda Guardiola.<\/p>\n<p class=\"voc-p\" style=\"\">A las diez en punto hicieron su entrada los tres nuevos miembros de la Orden del Tois\u00f3n. <strong>Miguel Roca<\/strong>, <strong>Miguel Herrero<\/strong> y <a href=\"https:\/\/www.abc.es\/espana\/casa-real\/felipe-gonzalez-princesa-leonor-tarea-debe-ejercer-20251121115952-nt.html\" data-voc-vtm-id=\"in-text-traffic\" title=\"Felipe Gonz\u00e1lez\" rel=\"nofollow noopener\" target=\"_blank\">Felipe Gonz\u00e1lez<\/a>, que llegaron en unos Cadillac Brougham de Patrimonio Nacional. Minutos despu\u00e9s lleg\u00f3 la <strong>Reina Sof\u00eda<\/strong> en un Mercedes oficial, que fue recibida con una interpretaci\u00f3n abreviada del himno nacional. Todos subieron por la escalera de Embajadores, flanqueada por alabarderos, salvo Herrero, que lo hizo en ascensor.<\/p>\n<p>\nLa Princesa y la Infanta, de estreno\n<\/p>\n<p class=\"voc-p\" style=\"\">Cinco minutos antes de las diez y media, llegaban los Reyes junto a sus hijas. Y en este momento se descubri\u00f3 el primer gesto de la <a href=\"https:\/\/www.abc.es\/espana\/casa-real\/rosa-union-reinas-abrazo-heredera-abuela-emotivo-20251121123449-nt.html\" data-voc-vtm-id=\"in-text-traffic\" title=\"Reina Letizia con Do\u00f1a Sof\u00eda \" rel=\"nofollow noopener\" target=\"_blank\">Reina Letizia con Do\u00f1a Sof\u00eda <\/a>al haber elegido el mismo tono rosa empolvado que ella. La Princesa Leonor estren\u00f3 un traje de chaqueta de <strong>Bleis<\/strong> de color burdeos, al igual que la Infanta Sof\u00eda, que luci\u00f3 un conjunto en gris y azul marino de <strong>Vogana<\/strong>.<\/p>\n<p><a class=\"voc-img-link\" href=\"https:\/\/www.abc.es\/espana\/casa-real\/entrega-toison-oro-imagenes-20251121105641-ga.html\" data-voc-vtm-id=\"in-text-traffic\" title=\"Fotogaler\u00eda: El acto de entrega del Tois\u00f3n de Orol, en im\u00e1genes\" rel=\"nofollow noopener\" target=\"_blank\"><\/p>\n<p><img decoding=\"async\" loading=\"lazy\" src=\"https:\/\/www.europesays.com\/es\/wp-content\/uploads\/2025\/11\/1503257914-U701071222350MDF--760x427@diario_abc.jpg\" class=\"voc-img\" width=\"760\" height=\"427\" alt=\"Fotogaler\u00eda: El acto de entrega del Tois\u00f3n de Orol, en im\u00e1genes\" data-voc-vtm-id=\"in-text-traffic\"\/><\/p>\n<p><\/a><\/p>\n<p>Galer\u00eda.<\/p>\n<p>Fotogaler\u00eda: El acto de entrega del Tois\u00f3n de Orol, en im\u00e1genes<\/p>\n<p>ABC<\/p>\n<p class=\"voc-p\" style=\"\">En el Sal\u00f3n del Trono, Do\u00f1a Sof\u00eda ocup\u00f3 <strong>un asiento destacado<\/strong>, situada sola frente a los otros condecorados y muy cerca de su hijo. Se la vio muy emocionada en todo momento, pero tambi\u00e9n serena y en su sitio, como lo ha estado a lo largo de estos cincuenta a\u00f1os, tal y como destac\u00f3 Felipe Gonz\u00e1lez en su intervenci\u00f3n, durante <a href=\"https:\/\/www.abc.es\/espana\/casa-real\/felipe-gonzalez-princesa-leonor-tarea-debe-ejercer-20251121115952-nt.html\" target=\"_self\" data-voc-vtm-id=\"in-text-traffic\" title=\"\u00abuna vida entregada a servir a Espa\u00f1a\u00bb\" rel=\"nofollow noopener\">\u00abuna vida entregada a servir a Espa\u00f1a\u00bb<\/a>. Pero el acto no solo estuvo marcado por las palabras que todos tuvieron hacia ella, tambi\u00e9n lo estuvo por otros detalles como la m\u00fasica que acompa\u00f1\u00f3 su entrada: la obra M\u00fasica para los Reales Fuegos de Artificio de <strong>H\u00e4ndel<\/strong>, interpretada por la camerata de la Escuela Superior de M\u00fasica Reina Sof\u00eda, una de sus piezas favoritas. Antes de la imposici\u00f3n de las insignias son\u00f3 tambi\u00e9n la Serenata para cuerdas de <strong>Chaikovski<\/strong>, otro gui\u00f1o a sus gustos musicales.<\/p>\n<p class=\"voc-p\" style=\"\">Otro de los momentos m\u00e1s emocionantes de la ceremonia ocurri\u00f3 durante la imposici\u00f3n de los collares por parte de Felipe VI. La primera en recibirlo fue su madre. Muy emocionado, el Rey bes\u00f3 a su madre en dos ocasiones y Do\u00f1a Sof\u00eda le susurr\u00f3 unas palabras que apenas se oyeron, mientras la Reina Letizia, la Princesa y la Infanta segu\u00edan el gesto con sonrisas c\u00f3mplices desde sus asientos. Do\u00f1a Sof\u00eda, reservada y sin af\u00e1n de protagonismo, declin\u00f3 pronunciar un discurso, pero s\u00ed permaneci\u00f3 de pie durante los largos minutos en que la sala entera le dedic\u00f3 un emocionante aplauso para <strong>reconocer su vida de servicio a Espa\u00f1a<\/strong>. <\/p>\n","protected":false},"excerpt":{"rendered":"En cuanto la Unidad de M\u00fasica de la Guardia Real ha terminado de interpretar el Himno Nacional desde&hellip;\n","protected":false},"author":2,"featured_media":248123,"comment_status":"","ping_status":"","sticky":false,"template":"","format":"standard","meta":{"footnotes":""},"categories":[91],"tags":[15919,20265,19640,146,147,25,24,10642,2398,6552,10717,35519,2465,11647,23,2079],"class_list":{"0":"post-248122","1":"post","2":"type-post","3":"status-publish","4":"format-standard","5":"has-post-thumbnail","7":"category-entretenimiento","8":"tag-abrazo","9":"tag-abuela","10":"tag-emotivo","11":"tag-entertainment","12":"tag-entretenimiento","13":"tag-es","14":"tag-espana","15":"tag-felipe","16":"tag-heredera","17":"tag-homenaje","18":"tag-reina","19":"tag-reinas","20":"tag-rosa","21":"tag-sofia","22":"tag-spain","23":"tag-union"},"share_on_mastodon":{"url":"https:\/\/pubeurope.com\/@es\/115587920148656645","error":""},"_links":{"self":[{"href":"https:\/\/www.europesays.com\/es\/wp-json\/wp\/v2\/posts\/248122","targetHints":{"allow":["GET"]}}],"collection":[{"href":"https:\/\/www.europesays.com\/es\/wp-json\/wp\/v2\/posts"}],"about":[{"href":"https:\/\/www.europesays.com\/es\/wp-json\/wp\/v2\/types\/post"}],"author":[{"embeddable":true,"href":"https:\/\/www.europesays.com\/es\/wp-json\/wp\/v2\/users\/2"}],"replies":[{"embeddable":true,"href":"https:\/\/www.europesays.com\/es\/wp-json\/wp\/v2\/comments?post=248122"}],"version-history":[{"count":0,"href":"https:\/\/www.europesays.com\/es\/wp-json\/wp\/v2\/posts\/248122\/revisions"}],"wp:featuredmedia":[{"embeddable":true,"href":"https:\/\/www.europesays.com\/es\/wp-json\/wp\/v2\/media\/248123"}],"wp:attachment":[{"href":"https:\/\/www.europesays.com\/es\/wp-json\/wp\/v2\/media?parent=248122"}],"wp:term":[{"taxonomy":"category","embeddable":true,"href":"https:\/\/www.europesays.com\/es\/wp-json\/wp\/v2\/categories?post=248122"},{"taxonomy":"post_tag","embeddable":true,"href":"https:\/\/www.europesays.com\/es\/wp-json\/wp\/v2\/tags?post=248122"}],"curies":[{"name":"wp","href":"https:\/\/api.w.org\/{rel}","templated":true}]}}