{"id":248130,"date":"2025-11-21T13:30:09","date_gmt":"2025-11-21T13:30:09","guid":{"rendered":"https:\/\/www.europesays.com\/es\/248130\/"},"modified":"2025-11-21T13:30:09","modified_gmt":"2025-11-21T13:30:09","slug":"ayuso-celebra-la-condena-al-fge-y-senala-a-sanchez","status":"publish","type":"post","link":"https:\/\/www.europesays.com\/es\/248130\/","title":{"rendered":"Ayuso celebra la condena al FGE y se\u00f1ala a S\u00e1nchez"},"content":{"rendered":"<p>La presidenta de la Comunidad de Madrid, Isabel D\u00edaz <strong>Ayuso<\/strong>, <strong>carga directamente <\/strong>contra el presidente del Gobierno, Pedro <strong>S\u00e1nchez <\/strong>tras la <strong>condena <\/strong>al <strong>fiscal general <\/strong>del Estado, \u00c1lvaro Garc\u00eda Ortiz, por revelar datos de su novio, Alberto Gonz\u00e1lez Amador.<strong> \u00abEl 20 de noviembre <\/strong>de 2025 <strong>pasar\u00e1 a la historia por ser un d\u00eda hist\u00f3rico. La justicia ha condenado al fiscal genera<\/strong>l por cometer un <strong>delito <\/strong>para <strong>da\u00f1ar <\/strong>a un <strong>adversario pol\u00edtico<\/strong>, son <strong>hechos propios de una dictadura\u00bb<\/strong>, ha declarado Ayuso. <\/p>\n<p>\u00abAyer los ciudadanos vieron como la justicia espa\u00f1ola funciona, incluso frente al uso interesado de las instituciones y el <strong>abuso arbitrario del poder por razones pol\u00edticas\u00bb<\/strong>, ha continuado en una declaraci\u00f3n institucional sin preguntas la presidenta madrile\u00f1a.<\/p>\n<p>Concretamente, <strong>Garc\u00eda Ortiz<\/strong>, est\u00e1 inhabilitado por dos a\u00f1os y una multa de 7.200 euros por <strong>revelaci\u00f3n de datos reservados<\/strong> en relaci\u00f3n con la filtraci\u00f3n de un correo electr\u00f3nico con la confesi\u00f3n de dos delitos fiscales por parte de Gonz\u00e1lez Amador. <\/p>\n<p>\u00abS\u00e1nchez ha decidido dinamitar la separaci\u00f3n de poderes, ser juez y parte\u00bb<\/p>\n<p>\u00abHemos visto como un ciudadano particular puede obtener la protecci\u00f3n y la tutela de nuestros tribunales frente a los delitos que el poder del Estado pueda cometer contra \u00e9l. La revelaci\u00f3n de secretos de un ciudadano por parte del fiscal general del Estado no solo ha vulnerado derechos fundamentales de un espa\u00f1ol, es que muestra la vulnerabilidad de los de todos\u00bb, ha incidido en una dura declaraci\u00f3n sobre una situaci\u00f3n de la que ha responsabilizado a S\u00e1nchez.  <strong>\u00abEl presidente del Gobierno ha decidido dinamitar la separaci\u00f3n de poderes y erigirse en juez y parte,<\/strong> por eso orden\u00f3 que la abogac\u00eda del Estado se querellase contra el juez que investiga a su mujer y por eso pretendi\u00f3 imponer la sentencia del fiscal al Supremo en mitad del juicio\u00bb, ha a\u00f1adido.  <\/p>\n<p>Para <strong>Ayuso \u00abno es el fiscal general del Estado, sino Pedro S\u00e1nchez quien se ha sentado en el banquillo de los acusados\u00bb.<\/strong> \u00ab\u00c9l mismo afirm\u00f3 que el fiscal depend\u00eda de \u00e9l y dijo que habr\u00eda que pedir perd\u00f3n al fiscal mientras juntos borraban todo el dispositivo digital con el \u00e1nimo de obstruir la labor judicial\u00bb, ha expresado desde la sede de la Comunidad de Madrid. <\/p>\n<p>\u00ab\u00bfDesde cu\u00e1ndo una democracia puede normalizar que el presidente del Gobierno utilice el poder del Estado de manera ilegal contra adversarios pol\u00edticos?\u00bb, ha preguntado mientras le\u00eda la comparecencia. \u00abEs un paso m\u00e1s hacia el guerracivilismo\u00bb, ha enfatizado. <\/p>\n<p>Ayuso dice que ya \u00absolo puede ganar la autocracia o la libertad\u00bb<\/p>\n<p>Por ese motivo, la presidenta madrile\u00f1a ha se\u00f1alado que<strong> \u00abEspa\u00f1a no se merece un Gobierno que les parta en dos,<\/strong> ni que utilice el Poder Judicial para fines pol\u00edticos, entre ellos la permanencia en el poder a toda costa\u00bb. <\/p>\n<p>Lejos de quedarse ah\u00ed, <strong>Ayuso ha continuado en la confrontaci\u00f3n contra S\u00e1nchez<\/strong>. \u00abNo sabemos qu\u00e9 pretende hacer el presidente en las pr\u00f3ximas horas y d\u00edas, es experto en apagar incendios con m\u00e1s gasolina\u00bb, ha expresado. <strong>\u00abLlegados a este puedo solo puede ganar o la autocracia o la libertad\u00bb, ha a\u00f1adido. <\/strong><\/p>\n<p>\u00abEl da\u00f1o que ya est\u00e1 sucediendo ser\u00e1 irreparable, las autocracias destruyen el mandamiento constitucional, la separaci\u00f3n de poderes y las instituciones al servicio de un l\u00edder desde dentro y lo siembran todo de zozobra sospecha\u00bb, ha dicho volviendo a se\u00f1alar al gobierno central. <\/p>\n<p>Fuentes cercanas a Ayuso ya avisaban este jueves, tras conocerse el fallo, que estaban muy satisfechos con el resultado. \u00abEsto es un \u00e9xito sin precedentes de la democracia: un espa\u00f1ol ha vencido al aparato del Estado que ha ido contra \u00e9l simplemente por su relaci\u00f3n personal con ella\u00bb, comentaban fuentes cercanas a la presidenta madrile\u00f1a.  \u00abSe han revelado secretos de un ciudadano y la justicia ha imperado en Espa\u00f1a\u00bb, a\u00f1ad\u00edan. <\/p>\n<p>G\u00e9nova, en la misma l\u00ednea que Ayuso <\/p>\n<p>A nivel nacional, el secretario general del PP, Miguel Tellado, ha asegurado que con la condena a Garc\u00eda Ortiz ha quedado \u00abacreditado\u00bb que es un \u00abdelincuente\u00bb y ha denunciado que se hable de \u00abgolpismo judicial\u00bb. <\/p>\n<p><strong>\u00abHoy en Espa\u00f1a tenemos un fiscal general del Estado que es un  delincuente. <\/strong>No lo dice el Partido Popular, lo dice el Tribunal  Supremo\u00bb, ha declarado Tellado en una entrevista en La Hora de La 1 de TVE. <\/p>\n<p>G\u00e9nova si coincide esta vez con el argumentario de la Comunidad de Madrid. De hecho, Tellado se ha expresado en su entrevista cas\u00ed en los mismos t\u00e9rminos que Ayuso. <strong>\u00abLe han condenado por utilizar su cargo para hacer pol\u00edtica en beneficio de  S\u00e1nchez, <\/strong>del partido de S\u00e1nchez, y atacar a una rival pol\u00edtica del PP\u00bb, ha manifestado.  <\/p>\n<p>\t\tEl PP, sobre la inhabilitaci\u00f3n a Garc\u00eda Ortiz: \u00abUtiliz\u00f3 su cargo para hacer pol\u00edtica en beneficio de Pedro S\u00e1nchez\u00bb\t<\/p>\n<p>\u00abNadie borra nada que le puede eximir de responsabilidades y si el fiscal general del  Estado borr\u00f3 sus correos electr\u00f3nicos o su tel\u00e9fono m\u00f3vil, es  probablemente porque estaba encubriendo a quien le dio la orden, a quien le dio la instrucci\u00f3n de delinquir\u00bb, ha a\u00f1adido Tellado. <\/p>\n","protected":false},"excerpt":{"rendered":"La presidenta de la Comunidad de Madrid, Isabel D\u00edaz Ayuso, carga directamente contra el presidente del Gobierno, Pedro&hellip;\n","protected":false},"author":2,"featured_media":248131,"comment_status":"","ping_status":"","sticky":false,"template":"","format":"standard","meta":{"footnotes":""},"categories":[8],"tags":[17,18,25,24,13,14,11,19,20,9,10,15,16,23,12,21,22],"class_list":{"0":"post-248130","1":"post","2":"type-post","3":"status-publish","4":"format-standard","5":"has-post-thumbnail","7":"category-espana","8":"tag-breaking-news","9":"tag-breakingnews","10":"tag-es","11":"tag-espana","12":"tag-featured-news","13":"tag-featurednews","14":"tag-headlines","15":"tag-latest-news","16":"tag-latestnews","17":"tag-news","18":"tag-noticias","19":"tag-noticias-destacadas","20":"tag-noticiasdestacadas","21":"tag-spain","22":"tag-titulares","23":"tag-ultimas-noticias","24":"tag-ultimasnoticias"},"share_on_mastodon":{"url":"https:\/\/pubeurope.com\/@es\/115587935525584198","error":""},"_links":{"self":[{"href":"https:\/\/www.europesays.com\/es\/wp-json\/wp\/v2\/posts\/248130","targetHints":{"allow":["GET"]}}],"collection":[{"href":"https:\/\/www.europesays.com\/es\/wp-json\/wp\/v2\/posts"}],"about":[{"href":"https:\/\/www.europesays.com\/es\/wp-json\/wp\/v2\/types\/post"}],"author":[{"embeddable":true,"href":"https:\/\/www.europesays.com\/es\/wp-json\/wp\/v2\/users\/2"}],"replies":[{"embeddable":true,"href":"https:\/\/www.europesays.com\/es\/wp-json\/wp\/v2\/comments?post=248130"}],"version-history":[{"count":0,"href":"https:\/\/www.europesays.com\/es\/wp-json\/wp\/v2\/posts\/248130\/revisions"}],"wp:featuredmedia":[{"embeddable":true,"href":"https:\/\/www.europesays.com\/es\/wp-json\/wp\/v2\/media\/248131"}],"wp:attachment":[{"href":"https:\/\/www.europesays.com\/es\/wp-json\/wp\/v2\/media?parent=248130"}],"wp:term":[{"taxonomy":"category","embeddable":true,"href":"https:\/\/www.europesays.com\/es\/wp-json\/wp\/v2\/categories?post=248130"},{"taxonomy":"post_tag","embeddable":true,"href":"https:\/\/www.europesays.com\/es\/wp-json\/wp\/v2\/tags?post=248130"}],"curies":[{"name":"wp","href":"https:\/\/api.w.org\/{rel}","templated":true}]}}