{"id":248132,"date":"2025-11-21T13:31:12","date_gmt":"2025-11-21T13:31:12","guid":{"rendered":"https:\/\/www.europesays.com\/es\/248132\/"},"modified":"2025-11-21T13:31:12","modified_gmt":"2025-11-21T13:31:12","slug":"la-fachada-del-ayuntamiento-se-ilumina-de-amarillo-por-el-dia-nacional-de-espina-bifida","status":"publish","type":"post","link":"https:\/\/www.europesays.com\/es\/248132\/","title":{"rendered":"La fachada del ayuntamiento se ilumina de amarillo por el D\u00eda Nacional de Espina B\u00edfida"},"content":{"rendered":"<ul>\n<li class=\" cmAlignjustify\"><strong>Con este gesto el Ayuntamiento de M\u00f3stoles se suma a la Asociaci\u00f3n Madrile\u00f1a de Espina B\u00edfida (AMEB) para dar visibilidad a esta malformaci\u00f3n cong\u00e9nita que afecta al sistema nervioso central. <\/strong><\/li>\n<\/ul>\n<p class=\"cmParagraph cmAlignjustify\"><img loading=\"lazy\" decoding=\"async\" src=\"https:\/\/www.europesays.com\/es\/wp-content\/uploads\/2025\/11\/1404863-Destacada Ayuntamiento de M\u00f3stoles 2.jpg\" width=\"400\" height=\"263\" alt=\"Destacada Ayuntamiento de M\u00f3stoles 2\"\/>El Ayuntamiento de M\u00f3stoles iluminar\u00e1 la fachada de la Casa Consistorial de amarillo hoy d\u00eda 21, coincidiendo con el D\u00eda Nacional de la Espina B\u00edfida, en apoyo a la Asociaci\u00f3n Madrile\u00f1a de Espina B\u00edfida (AMEB), para visibilizar este trastorno cong\u00e9nito, promover y defender los derechos de las personas que lo padecen y mejorar su calidad de vida y la de sus familias.  <\/p>\n<p class=\"cmParagraph cmAlignjustify\">La espina b\u00edfida es una grave malformaci\u00f3n cong\u00e9nita del tubo neural que afecta al sistema nervioso central, al aparato locomotor y al sistema genitourinario. Puede producir alteraciones en la m\u00e9dula espinal, la columna vertebral y el sistema nervioso central, provocando secuelas en la movilidad, la sensibilidad y el control de esf\u00ednteres, as\u00ed como la posible aparici\u00f3n de hidrocefalia. <\/p>\n<p class=\"cmParagraph cmAlignjustify\">A\u00fan se desconoce su causa exacta pero la falta de \u00e1cido f\u00f3lico, junto con factores gen\u00e9ticos y ambientales, puede influir en su desarrollo. Como prevenci\u00f3n y para reducir su prevalencia, es fundamental la ingesta de \u00e1cido f\u00f3lico tres meses antes de la gestaci\u00f3n y durante los primeros meses del embarazo. <\/p>\n<p class=\"cmParagraph cmAlignjustify\">La Asociaci\u00f3n Madrile\u00f1a de Espina B\u00edfida (AMEB) es una entidad sin \u00e1nimo de lucro, creada en 1976 y declarada de Utilidad P\u00fablica por el Ministerio del Interior en 2007, con sede en Madrid, calle Pr\u00e1dena del Rinc\u00f3n, 4. <\/p>\n<p class=\"cmParagraph cmAlignjustify\">Esta asociaci\u00f3n, junto a la Federaci\u00f3n Espa\u00f1ola de Asociaciones de Espina B\u00edfida e Hidrocefalia (FEBHI), lleva a cabo el proyecto \u00abMapeo Colectivo\u00bb, con el objetivo de dar visibilidad y promover la participaci\u00f3n e implicaci\u00f3n de las personas socias con motivo del D\u00eda Nacional de la Espina B\u00edfida, que se celebra cada 21 de noviembre desde 1998.<\/p>\n","protected":false},"excerpt":{"rendered":"Con este gesto el Ayuntamiento de M\u00f3stoles se suma a la Asociaci\u00f3n Madrile\u00f1a de Espina B\u00edfida (AMEB) para&hellip;\n","protected":false},"author":2,"featured_media":248133,"comment_status":"","ping_status":"","sticky":false,"template":"","format":"standard","meta":{"footnotes":""},"categories":[5],"tags":[1201,6853,1250,17,18,6854,777,2800,5509,25,24,13,14,11,6852,1928,6850,19,20,6849,9,10,15,16,4111,6851,23,12,21,22,6855],"class_list":{"0":"post-248132","1":"post","2":"type-post","3":"status-publish","4":"format-standard","5":"has-post-thumbnail","7":"category-titulares","8":"tag-alcalde","9":"tag-atencioacuten-ciudadana","10":"tag-ayuntamiento","11":"tag-breaking-news","12":"tag-breakingnews","13":"tag-callejero","14":"tag-ciudad","15":"tag-distritos","16":"tag-empleo","17":"tag-es","18":"tag-espana","19":"tag-featured-news","20":"tag-featurednews","21":"tag-headlines","22":"tag-inversioacuten","23":"tag-joven","24":"tag-juventud","25":"tag-latest-news","26":"tag-latestnews","27":"tag-moacutestoles","28":"tag-news","29":"tag-noticias","30":"tag-noticias-destacadas","31":"tag-noticiasdestacadas","32":"tag-presupuestos","33":"tag-sede-electroacutenica","34":"tag-spain","35":"tag-titulares","36":"tag-ultimas-noticias","37":"tag-ultimasnoticias","38":"tag-webs-municipales"},"share_on_mastodon":{"url":"","error":"Validation failed: Text character limit of 500 exceeded"},"_links":{"self":[{"href":"https:\/\/www.europesays.com\/es\/wp-json\/wp\/v2\/posts\/248132","targetHints":{"allow":["GET"]}}],"collection":[{"href":"https:\/\/www.europesays.com\/es\/wp-json\/wp\/v2\/posts"}],"about":[{"href":"https:\/\/www.europesays.com\/es\/wp-json\/wp\/v2\/types\/post"}],"author":[{"embeddable":true,"href":"https:\/\/www.europesays.com\/es\/wp-json\/wp\/v2\/users\/2"}],"replies":[{"embeddable":true,"href":"https:\/\/www.europesays.com\/es\/wp-json\/wp\/v2\/comments?post=248132"}],"version-history":[{"count":0,"href":"https:\/\/www.europesays.com\/es\/wp-json\/wp\/v2\/posts\/248132\/revisions"}],"wp:featuredmedia":[{"embeddable":true,"href":"https:\/\/www.europesays.com\/es\/wp-json\/wp\/v2\/media\/248133"}],"wp:attachment":[{"href":"https:\/\/www.europesays.com\/es\/wp-json\/wp\/v2\/media?parent=248132"}],"wp:term":[{"taxonomy":"category","embeddable":true,"href":"https:\/\/www.europesays.com\/es\/wp-json\/wp\/v2\/categories?post=248132"},{"taxonomy":"post_tag","embeddable":true,"href":"https:\/\/www.europesays.com\/es\/wp-json\/wp\/v2\/tags?post=248132"}],"curies":[{"name":"wp","href":"https:\/\/api.w.org\/{rel}","templated":true}]}}