{"id":248144,"date":"2025-11-21T13:41:13","date_gmt":"2025-11-21T13:41:13","guid":{"rendered":"https:\/\/www.europesays.com\/es\/248144\/"},"modified":"2025-11-21T13:41:13","modified_gmt":"2025-11-21T13:41:13","slug":"el-dardo-de-tamara-falco-a-cristina-pardo-en-el-hormiguero-eres-un-poco-rencorosa","status":"publish","type":"post","link":"https:\/\/www.europesays.com\/es\/248144\/","title":{"rendered":"El &#8216;dardo&#8217; de Tamara Falc\u00f3 a Cristina Pardo en &#8216;El Hormiguero&#8217;: \u00abEres un poco rencorosa&#8230;\u00bb"},"content":{"rendered":"<p class=\"c-paragraph\">Tras la entrevista a <a href=\"https:\/\/www.20minutos.es\/tags\/personas\/marta-sanchez.html\" title=\"Marta S\u00e1nchez\" rel=\"nofollow noopener\" target=\"_blank\">Marta S\u00e1nchez<\/a> este jueves en <a href=\"https:\/\/www.20minutos.es\/tags\/instituciones-empresas\/el-hormiguero.html\" title=\"El hormiguero\" rel=\"nofollow noopener\" target=\"_blank\">El Hormiguero<\/a>, P<a href=\"https:\/\/www.20minutos.es\/tags\/personas\/pablo-motos.html\" title=\"Pablo Motos\" rel=\"nofollow noopener\" target=\"_blank\">ablo Motos<\/a> <b>dio paso a\u00a0<a href=\"https:\/\/www.20minutos.es\/minuteca\/tamara-falco\/\" title=\"Tamara Falc\u00f3\" rel=\"nofollow noopener\" target=\"_blank\">Tamara Falc\u00f3<\/a>,\u00a0<a href=\"https:\/\/www.20minutos.es\/minuteca\/cristina-pardo\/\" title=\"Cristina Pardo\" rel=\"nofollow noopener\" target=\"_blank\">Cristina Pardo<\/a>,\u00a0<a href=\"https:\/\/www.20minutos.es\/minuteca\/nuria-roca\/\" title=\"Nuria Roca\" rel=\"nofollow noopener\" target=\"_blank\">Nuria Roca<\/a>\u00a0y\u00a0<a href=\"https:\/\/www.20minutos.es\/minuteca\/juan-del-val\/\" title=\"Juan del Val\" rel=\"nofollow noopener\" target=\"_blank\">Juan del Val<\/a>\u00a0<\/b>para iniciar la tertulia de actualidad.<\/p>\n<p class=\"c-paragraph\">El presentador desvel\u00f3 que este 20 de noviembre, <b>la marquesa de Gri\u00f1\u00f3n cumpl\u00eda 44 a\u00f1os<\/b>, y aprovecharon todos para felicitarla mientras sonaba la canci\u00f3n de Cumplea\u00f1os feliz.<\/p>\n<p class=\"c-paragraph\"><b>\u00ab\u00a1C\u00e1ntame, hombre!\u00bb<\/b>, exclam\u00f3 al ver que la presentadora de M\u00e1s vale tarde no lo hac\u00eda, pero la periodista se justific\u00f3: \u00abHay dos razones, una, no canto nada despu\u00e9s de Marta S\u00e1nchez\u00bb.<\/p>\n<p class=\"c-paragraph\">\u00abLa otra, es que<b> tenemos un grupo de WhatsApp en com\u00fan con varias personas<\/b> m\u00e1s, una de ellas, que tiene especial relaci\u00f3n con Tamara, la ha felicitado a las 7:02 de la ma\u00f1ana\u00bb, afirm\u00f3 Pardo.<\/p>\n<p class=\"c-paragraph\">Que continu\u00f3 diciendo: \u00abY son las 22:48 horas y todav\u00eda no ha contestado\u00bb. <b>Motos le pregunt\u00f3 a Falc\u00f3 a qu\u00e9 hora se hab\u00eda levantado<\/b>, que le respondi\u00f3 que a las 10:48 horas de la ma\u00f1ana.<\/p>\n<p class=\"c-paragraph\">\u00abEs que ten\u00eda saturado el m\u00f3vil y he decidido hacer otra serie de cosas antes de <b>contestar paulatinamente los mensajes<\/b>, y todav\u00eda no he llegado a ese\u00bb, explic\u00f3 la tertuliana.<\/p>\n<p class=\"c-paragraph\">Falc\u00f3 aprovech\u00f3 para lanzarle un dardo en tono de broma a la periodista: <b>\u00abEres un poco rencorosa&#8230;\u00bb<\/b>, mientras el resto de sus compa\u00f1eros estallaban en carcajadas.<\/p>\n<p class=\"c-paragraph\"><b>\u00abUn poquito&#8230;\u00bb<\/b>, la apoy\u00f3 Nuria Roca entre risas. Adem\u00e1s, Juan Ib\u00e1\u00f1ez desvel\u00f3 que hab\u00eda llevado pasteles para todo el equipo: \u00abTrufas, las he visto\u00bb, admiti\u00f3 Motos.<\/p>\n","protected":false},"excerpt":{"rendered":"Tras la entrevista a Marta S\u00e1nchez este jueves en El Hormiguero, Pablo Motos dio paso a\u00a0Tamara Falc\u00f3,\u00a0Cristina Pardo,\u00a0Nuria&hellip;\n","protected":false},"author":2,"featured_media":248145,"comment_status":"","ping_status":"","sticky":false,"template":"","format":"standard","meta":{"footnotes":""},"categories":[174],"tags":[255,7538,14233,146,147,25,24,5177,256,8364,23,5176],"class_list":{"0":"post-248144","1":"post","2":"type-post","3":"status-publish","4":"format-standard","5":"has-post-thumbnail","7":"category-famosos","8":"tag-celebrities","9":"tag-cristina","10":"tag-dardo","11":"tag-entertainment","12":"tag-entretenimiento","13":"tag-es","14":"tag-espana","15":"tag-falco","16":"tag-famosos","17":"tag-pardo","18":"tag-spain","19":"tag-tamara"},"share_on_mastodon":{"url":"https:\/\/pubeurope.com\/@es\/115587978681843233","error":""},"_links":{"self":[{"href":"https:\/\/www.europesays.com\/es\/wp-json\/wp\/v2\/posts\/248144","targetHints":{"allow":["GET"]}}],"collection":[{"href":"https:\/\/www.europesays.com\/es\/wp-json\/wp\/v2\/posts"}],"about":[{"href":"https:\/\/www.europesays.com\/es\/wp-json\/wp\/v2\/types\/post"}],"author":[{"embeddable":true,"href":"https:\/\/www.europesays.com\/es\/wp-json\/wp\/v2\/users\/2"}],"replies":[{"embeddable":true,"href":"https:\/\/www.europesays.com\/es\/wp-json\/wp\/v2\/comments?post=248144"}],"version-history":[{"count":0,"href":"https:\/\/www.europesays.com\/es\/wp-json\/wp\/v2\/posts\/248144\/revisions"}],"wp:featuredmedia":[{"embeddable":true,"href":"https:\/\/www.europesays.com\/es\/wp-json\/wp\/v2\/media\/248145"}],"wp:attachment":[{"href":"https:\/\/www.europesays.com\/es\/wp-json\/wp\/v2\/media?parent=248144"}],"wp:term":[{"taxonomy":"category","embeddable":true,"href":"https:\/\/www.europesays.com\/es\/wp-json\/wp\/v2\/categories?post=248144"},{"taxonomy":"post_tag","embeddable":true,"href":"https:\/\/www.europesays.com\/es\/wp-json\/wp\/v2\/tags?post=248144"}],"curies":[{"name":"wp","href":"https:\/\/api.w.org\/{rel}","templated":true}]}}