{"id":248146,"date":"2025-11-21T13:42:11","date_gmt":"2025-11-21T13:42:11","guid":{"rendered":"https:\/\/www.europesays.com\/es\/248146\/"},"modified":"2025-11-21T13:42:11","modified_gmt":"2025-11-21T13:42:11","slug":"el-sueno-la-cama-la-pintura-de-frida-kahlo-que-se-convirtio-en-la-obra-de-arte-mas-cara-de-una-mujer-jamas-subastada","status":"publish","type":"post","link":"https:\/\/www.europesays.com\/es\/248146\/","title":{"rendered":"\u00abEl sue\u00f1o (la cama)\u00bb, la pintura de Frida Kahlo que se convirti\u00f3 en la obra de arte m\u00e1s cara de una mujer jam\u00e1s subastada"},"content":{"rendered":"<p><img fetchpriority=\"high\" decoding=\"async\" src=\"https:\/\/www.europesays.com\/es\/wp-content\/uploads\/2025\/11\/b18c50e0-c67d-11f0-b68a-77526b7bca21.jpg.webp.webp\"   alt=\"La pintura, titulada El sue\u00f1o (La cama) de 1940, representa a la artista dormida en una cama de madera flotante bajo un esqueleto envuelto en dinamita que yace sobre el dosel superior&#10;\" loading=\"eager\" width=\"988\" height=\"555\" style=\"aspect-ratio:988 \/ 555\" class=\"css-4ejld5\"\/><\/p>\n<p class=\"css-by8ykd\" role=\"text\">Fuente de la imagen, Getty Images<\/p>\n<p>Pie de foto, \u00abEl sue\u00f1o (La cama)\u00bb fue pintado durante una \u00e9poca turbulenta en la vida de Kahlo.<strong id=\"article-byline\" aria-hidden=\"true\" class=\"css-m04vo2\">Informaci\u00f3n del art\u00edculo<\/strong><\/p>\n<ul class=\"css-1rvtlej\">\n<li class=\"css-oe8da4\">\n<ul role=\"list\" class=\"css-1rnycnn\">\n<li>Autor, Osmond Chia<\/li>\n<li>T\u00edtulo del autor,  Reportero de negocios<\/li>\n<\/ul>\n<\/li>\n<li class=\"css-1clfxfc\">\n<p>1 hora<\/p>\n<\/li>\n<li class=\"css-1clfxfc\"\/><\/ul>\n<p dir=\"ltr\" class=\"css-1qucyee e17g058b0\"><b>Una pintura surrealista de la famosa artista mexicana Frida Kahlo se vendi\u00f3 por US$54,7 millones, rompiendo el r\u00e9cord de subasta para una obra de una mujer.<\/b><\/p>\n<p dir=\"ltr\" class=\"css-1qucyee e17g058b0\">La pintura, de la d\u00e9cada de 1940, alcanz\u00f3 un precio m\u00e1s de mil veces superior a su valor original cuando fue subastada en 1980, tras una tensa puja entre dos coleccionistas, seg\u00fan la casa de subastas Sotheby&#8217;s.<\/p>\n<p dir=\"ltr\" class=\"css-1qucyee e17g058b0\">La obra, titulada \u00abEl sue\u00f1o (la cama)\u00bb, representa a Kahlo dormida en una cama con dosel bajo un esqueleto envuelto con dinamita.<\/p>\n<p dir=\"ltr\" class=\"css-1qucyee e17g058b0\">La subasta super\u00f3 el r\u00e9cord anterior para la obra de una pintora, de US$44 millones, as\u00ed como el precio m\u00e1s alto pagado por un retrato de Kahlo: US$34,9 millones en 2021.<\/p>\n<p><img decoding=\"async\" src=\"https:\/\/www.europesays.com\/es\/wp-content\/uploads\/2025\/11\/6693a890-c67d-11f0-b68a-77526b7bca21.jpg.webp.webp\"   alt=\"El cuadro de Frida Kahlo representa a la artista dormida en una cama de madera flotante bajo un esqueleto envuelto en dinamita que yace sobre el dosel superior.\" loading=\"lazy\" width=\"805\" height=\"453\" style=\"aspect-ratio:805 \/ 453\" class=\"css-4ejld5\"\/><\/p>\n<p class=\"css-by8ykd\" role=\"text\">Fuente de la imagen, Sotheby&#8217;s<\/p>\n<p>Pie de foto, La pintura se vendi\u00f3 por US$54,7 millones.<\/p>\n<p dir=\"ltr\" class=\"css-1qucyee e17g058b0\">El autorretrato es una de las obras de Kahlo con mayor carga psicol\u00f3gica, seg\u00fan Sotheby&#8217;s.<\/p>\n<p dir=\"ltr\" class=\"css-1qucyee e17g058b0\">Fue pintado durante un per\u00edodo turbulento de su vida: el a\u00f1o en que asesinaron a un ex amante y despu\u00e9s de divorciarse de Diego Rivera, reconciliarse y volverse a casar con \u00e9l.<\/p>\n<p dir=\"ltr\" class=\"css-1qucyee e17g058b0\">Kahlo, quien falleci\u00f3 en 1954, es considerada una de las m\u00e1s grandes pintoras del siglo pasado y se dio a conocer por sus autorretratos.<\/p>\n<p dir=\"ltr\" class=\"css-1qucyee e17g058b0\">Su obra a menudo reflejaba su dolorosa relaci\u00f3n con su cuerpo, afectado por la poliomielitis en su infancia y por las graves lesiones sufridas en un accidente de autob\u00fas.<\/p>\n<p dir=\"ltr\" class=\"css-1qucyee e17g058b0\">\u00abPocos podr\u00edan haber imaginado que &#8216;El sue\u00f1o (la cama)&#8217; se vender\u00eda finalmente por US$55 millones cuando fue subastada por primera vez en Sotheby&#8217;s en 1980 por US$51.000\u00bb, coment\u00f3 Anna Di Stasi, directora del departamento de arte latinoamericano de la casa de subastas. <\/p>\n<p dir=\"ltr\" class=\"css-1qucyee e17g058b0\">\u00abEste resultado sin precedentes demuestra lo mucho que hemos avanzado, no solo en la apreciaci\u00f3n del genio de Frida Kahlo, sino tambi\u00e9n en el reconocimiento de las mujeres artistas al m\u00e1s alto nivel del mercado\u00bb, a\u00f1adi\u00f3.<\/p>\n<p dir=\"ltr\" class=\"css-1qucyee e17g058b0\">El precio m\u00e1s alto alcanzado anteriormente en una subasta por una obra de una mujer artista lo ostentaba \u00abJimson Weed\/White Flower No. 1\u00bb, de Georgia O&#8217;Keeffe, vendida en Sotheby&#8217;s en 2014 por US$44 millones.<\/p>\n<p dir=\"ltr\" class=\"css-1qucyee e17g058b0\">\u00abEl sue\u00f1o (la cama)\u00bb es una de las pocas pinturas de Kahlo que se encuentran en el mercado p\u00fablico desde que las autoridades mexicanas declararon sus obras como monumentos art\u00edsticos en la d\u00e9cada de 1980, impidiendo su exportaci\u00f3n sin autorizaci\u00f3n.<\/p>\n<p dir=\"ltr\" class=\"css-1qucyee e17g058b0\">La historia de Kahlo fue adaptada al cine en 2002 con una pel\u00edcula biogr\u00e1fica protagonizada por Salma Hayek, que narra su tormentosa relaci\u00f3n con Diego Rivera y las lesiones que sufri\u00f3 en su vida.<\/p>\n<p><img decoding=\"async\" src=\"https:\/\/www.europesays.com\/es\/wp-content\/uploads\/2025\/11\/a94593b0-c6cd-11f0-a892-01d657345866.png.webp.webp\"   alt=\"line\" loading=\"lazy\" width=\"800\" height=\"100\" style=\"aspect-ratio:800 \/ 100\" class=\"css-4ejld5\"\/><\/p>\n<p dir=\"ltr\" class=\"css-1qucyee e17g058b0\"><a href=\"https:\/\/www.bbc.com\/mundo\/send\/u184973209\" class=\"focusIndicatorReducedWidth css-n8oauk e1p3sufg0\" rel=\"nofollow noopener\" target=\"_blank\">Suscr\u00edbete aqu\u00ed<\/a> a nuestro nuevo newsletter para recibir cada viernes una selecci\u00f3n de nuestro mejor contenido de la semana.<\/p>\n<p dir=\"ltr\" class=\"css-1qucyee e17g058b0\">Y recuerda que puedes recibir notificaciones en nuestra app. Descarga la \u00faltima versi\u00f3n y act\u00edvalas.<\/p>\n","protected":false},"excerpt":{"rendered":"Fuente de la imagen, Getty Images Pie de foto, \u00abEl sue\u00f1o (La cama)\u00bb fue pintado durante una \u00e9poca&hellip;\n","protected":false},"author":2,"featured_media":248147,"comment_status":"","ping_status":"","sticky":false,"template":"","format":"standard","meta":{"footnotes":""},"categories":[173],"tags":[229,233,231,230,232,234,146,147,25,24,23],"class_list":{"0":"post-248146","1":"post","2":"type-post","3":"status-publish","4":"format-standard","5":"has-post-thumbnail","7":"category-arte-y-diseno","8":"tag-arte","9":"tag-arte-y-diseno","10":"tag-arts","11":"tag-arts-and-design","12":"tag-design","13":"tag-diseno","14":"tag-entertainment","15":"tag-entretenimiento","16":"tag-es","17":"tag-espana","18":"tag-spain"},"share_on_mastodon":{"url":"https:\/\/pubeurope.com\/@es\/115587982833896970","error":""},"_links":{"self":[{"href":"https:\/\/www.europesays.com\/es\/wp-json\/wp\/v2\/posts\/248146","targetHints":{"allow":["GET"]}}],"collection":[{"href":"https:\/\/www.europesays.com\/es\/wp-json\/wp\/v2\/posts"}],"about":[{"href":"https:\/\/www.europesays.com\/es\/wp-json\/wp\/v2\/types\/post"}],"author":[{"embeddable":true,"href":"https:\/\/www.europesays.com\/es\/wp-json\/wp\/v2\/users\/2"}],"replies":[{"embeddable":true,"href":"https:\/\/www.europesays.com\/es\/wp-json\/wp\/v2\/comments?post=248146"}],"version-history":[{"count":0,"href":"https:\/\/www.europesays.com\/es\/wp-json\/wp\/v2\/posts\/248146\/revisions"}],"wp:featuredmedia":[{"embeddable":true,"href":"https:\/\/www.europesays.com\/es\/wp-json\/wp\/v2\/media\/248147"}],"wp:attachment":[{"href":"https:\/\/www.europesays.com\/es\/wp-json\/wp\/v2\/media?parent=248146"}],"wp:term":[{"taxonomy":"category","embeddable":true,"href":"https:\/\/www.europesays.com\/es\/wp-json\/wp\/v2\/categories?post=248146"},{"taxonomy":"post_tag","embeddable":true,"href":"https:\/\/www.europesays.com\/es\/wp-json\/wp\/v2\/tags?post=248146"}],"curies":[{"name":"wp","href":"https:\/\/api.w.org\/{rel}","templated":true}]}}