{"id":248150,"date":"2025-11-21T13:45:19","date_gmt":"2025-11-21T13:45:19","guid":{"rendered":"https:\/\/www.europesays.com\/es\/248150\/"},"modified":"2025-11-21T13:45:19","modified_gmt":"2025-11-21T13:45:19","slug":"concurso-comparte-tu-momentodial-y-gana-un-viaje-a-los-premios-dial-2026","status":"publish","type":"post","link":"https:\/\/www.europesays.com\/es\/248150\/","title":{"rendered":"\u00a1Concurso! Comparte tu #MomentoDial y gana un viaje a los Premios Dial 2026"},"content":{"rendered":"<p>\u00bfTe imaginas poder vivir la magia de los<a href=\"https:\/\/www.cadenadial.com\/2025\/dial-tal-cual-carlos-rivera-nos-visita-en-directo-para-desvelar-que-significa-el-amor-421512.html\" rel=\"nofollow noopener\" target=\"_blank\"><strong> Premios Dial 2026<\/strong><\/a> en primera persona? Pues ahora puedes hacerlo realidad. Desde <strong>Cadena Dial<\/strong> sabemos que la m\u00fasica no solo se escucha, tambi\u00e9n\u00a0<strong>se siente, <\/strong>y por eso hemos puesto en marcha<strong> un concurso \u00fanico para premiar a los oyentes m\u00e1s creativos y apasionados<\/strong>, esos que cada d\u00eda nos acompa\u00f1an escuchando <strong>lo mejor de nuestra m\u00fasica.\u00a0<\/strong><\/p>\n<p>Participar es muy sencillo: tan solo tienes que compartir con nosotros tu <strong>#MomentoDial<\/strong>. Pero, \u00bfqu\u00e9 es un momento Dial? Ese instante especial en el que la m\u00fasica de nuestra radio te acompa\u00f1a en tu d\u00eda a d\u00eda: mientras conduces, trabajas, limpias, descansas o compartes tiempo con los tuyos. Queremos ver c\u00f3mo disfrutas de la m\u00fasica Dial, as\u00ed que d\u00e9jate llevar por esas emociones que nos atrapan cuando una canci\u00f3n nos emociona y gr\u00e1bate d\u00e1ndolo todo. <strong>\u00a1Esta vez eres t\u00fa el protagonista!\u00a0<\/strong><\/p>\n<p>Participa y gana un viaje a Premios Dial 2026<\/p>\n<p>Para participar, graba un v\u00eddeo original mostrando tu momento Dial y publ\u00edcalo en tus redes sociales. No olvides mencionar la cuenta oficial de Instagram de <a href=\"https:\/\/www.instagram.com\/cadena_dial\/?hl=es\" target=\"_blank\" rel=\"false noopener nofollow\">@Cadena_Dial<\/a> y a\u00f1adir el hashtag <strong>#MiMomentoDIAL<\/strong>. Puedes hacerlo solo o acompa\u00f1ado, <strong>\u00a1la creatividad no tiene l\u00edmites!<\/strong><\/p>\n<p><a href=\"https:\/\/www.cadenadial.com\/wp-content\/uploads\/2025\/11\/1946_BBLL-cual-es-tu-momento-dial.pdf.pdf\" target=\"_blank\" rel=\"false noopener nofollow\">Consulta aqu\u00ed las BASES LEGALES<\/a>.<\/p>\n<p>\u00bfNecesitas algo de inspiraci\u00f3n? Aqu\u00ed te dejamos un ejemplo de oyentes de Cadena Dial viviendo un <strong>#MomentoDial<\/strong> por todo lo alto:<\/p>\n<p>Pero recuerda, el ganador <strong>ser\u00e1 elegido por la originalidad y creatividad de su v\u00eddeo.<\/strong> Una vez seleccionado, ser\u00e1 contactado por tel\u00e9fono y deber\u00e1 responder en el margen de dos llamadas para confirmar sus datos y facilitar la informaci\u00f3n necesaria para la gesti\u00f3n del premio. Si no se cumplen los plazos o instrucciones, se proceder\u00e1 a elegir un ganador reserva.<\/p>\n<p>Un premio por todo lo alto<\/p>\n<p>Y es que el premio es muy goloso. Nada menos que un viaje para dos personas a los Premios Dial 2026, que se celebrar\u00e1n el pr\u00f3ximo 12 de marzo en Santa Cruz de Tenerife. El premio incluye:<\/p>\n<ul>\n<li><strong>Dos entradas<\/strong> para asistir al evento (ganador + acompa\u00f1ante)<\/li>\n<li><strong>Vuelo ida y vuelta Madrid \u2013 Santa Cruz de Tenerife<\/strong>, con salida el 12 de marzo y regreso el 13.<\/li>\n<li><strong>Una noche de hotel<\/strong> de tres estrellas en habitaci\u00f3n doble, con alojamiento y desayuno.<\/li>\n<\/ul>\n<p>Prep\u00e1rate para vivir una noche incre\u00edble junto a las grandes estrellas de la m\u00fasica en espa\u00f1ol.<strong> \u00a1Participa y haz que tu #MomentoDial te lleve directo a los Premios Dial 2026!\u00a0<\/strong><\/p>\n<p>                                    <script async src=\"\/\/www.instagram.com\/embed.js\"><\/script><\/p>\n","protected":false},"excerpt":{"rendered":"\u00bfTe imaginas poder vivir la magia de los Premios Dial 2026 en primera persona? Pues ahora puedes hacerlo&hellip;\n","protected":false},"author":2,"featured_media":248151,"comment_status":"","ping_status":"","sticky":false,"template":"","format":"standard","meta":{"footnotes":""},"categories":[170],"tags":[60438,146,147,25,24,184,185,23],"class_list":{"0":"post-248150","1":"post","2":"type-post","3":"status-publish","4":"format-standard","5":"has-post-thumbnail","7":"category-musica","8":"tag-cadena-dial","9":"tag-entertainment","10":"tag-entretenimiento","11":"tag-es","12":"tag-espana","13":"tag-music","14":"tag-musica","15":"tag-spain"},"share_on_mastodon":{"url":"https:\/\/pubeurope.com\/@es\/115587994446192435","error":""},"_links":{"self":[{"href":"https:\/\/www.europesays.com\/es\/wp-json\/wp\/v2\/posts\/248150","targetHints":{"allow":["GET"]}}],"collection":[{"href":"https:\/\/www.europesays.com\/es\/wp-json\/wp\/v2\/posts"}],"about":[{"href":"https:\/\/www.europesays.com\/es\/wp-json\/wp\/v2\/types\/post"}],"author":[{"embeddable":true,"href":"https:\/\/www.europesays.com\/es\/wp-json\/wp\/v2\/users\/2"}],"replies":[{"embeddable":true,"href":"https:\/\/www.europesays.com\/es\/wp-json\/wp\/v2\/comments?post=248150"}],"version-history":[{"count":0,"href":"https:\/\/www.europesays.com\/es\/wp-json\/wp\/v2\/posts\/248150\/revisions"}],"wp:featuredmedia":[{"embeddable":true,"href":"https:\/\/www.europesays.com\/es\/wp-json\/wp\/v2\/media\/248151"}],"wp:attachment":[{"href":"https:\/\/www.europesays.com\/es\/wp-json\/wp\/v2\/media?parent=248150"}],"wp:term":[{"taxonomy":"category","embeddable":true,"href":"https:\/\/www.europesays.com\/es\/wp-json\/wp\/v2\/categories?post=248150"},{"taxonomy":"post_tag","embeddable":true,"href":"https:\/\/www.europesays.com\/es\/wp-json\/wp\/v2\/tags?post=248150"}],"curies":[{"name":"wp","href":"https:\/\/api.w.org\/{rel}","templated":true}]}}