{"id":248156,"date":"2025-11-21T13:48:09","date_gmt":"2025-11-21T13:48:09","guid":{"rendered":"https:\/\/www.europesays.com\/es\/248156\/"},"modified":"2025-11-21T13:48:09","modified_gmt":"2025-11-21T13:48:09","slug":"una-densidad-mamografica-alta-asociada-con-peores-tumores","status":"publish","type":"post","link":"https:\/\/www.europesays.com\/es\/248156\/","title":{"rendered":"Una densidad mamogr\u00e1fica alta, asociada con peores tumores"},"content":{"rendered":"<p><a href=\"https:\/\/breast-cancer-research.biomedcentral.com\/articles\/10.1186\/s13058-025-02142-2\" target=\"_blank\" rel=\"noreferrer noopener nofollow\">El estudio, publicado en la revista Breast Cancer Research<\/a>, ha evaluado a 714 pacientes diagnosticadas entre 2014 y 2019 en ocho hospitales de cuatro comunidades aut\u00f3nomas espa\u00f1olas. Los resultados sugieren que una mayor densidad mamogr\u00e1fica podr\u00eda estar asociada con el desarrollo de tipos tumorales m\u00e1s agresivos, como los HER2+ y los triple negativo, que tienen peor pron\u00f3stico.<\/p>\n<p>El c\u00e1ncer de mama es el tumor m\u00e1s frecuente en mujeres en Espa\u00f1a, representando cerca del 30% de todos los c\u00e1nceres en mujeres. Este tumor comprende distintos subtipos moleculares con comportamientos y pron\u00f3sticos diversos:<\/p>\n<ul class=\"wp-block-list\">\n<li>Subtipo con receptores hormonales (HR+), que en general tiene mejor pron\u00f3stico.<\/li>\n<li>Subtipo con receptor del factor de crecimiento epid\u00e9rmico (HER2+).<\/li>\n<li>Subtipo que no tiene ninguno de estos receptores (triple negativo), que suele tener el peor pron\u00f3stico.<\/li>\n<\/ul>\n<p>Los autores y autoras de este trabajo, liderados por la investigadora del CNE Virginia Lope, explican que la densidad mamogr\u00e1fica, que refleja la proporci\u00f3n de tejido fibroglandular frente al tejido graso en una mamograf\u00eda, constituye un importante factor de riesgo de c\u00e1ncer de mama, y podr\u00eda influir de manera diferente en el desarrollo de estos subtipos. En la investigaci\u00f3n tambi\u00e9n se ha estudiado la posible influencia del \u00edndice de masa corporal y el estado menop\u00e1usico.<\/p>\n<p>Hallazgos preliminares de un posible marcador pron\u00f3stico<\/p>\n<p>Para el desarrollo del estudio, se recogi\u00f3 informaci\u00f3n epidemiol\u00f3gica, cl\u00ednica y de anatom\u00eda patol\u00f3gica mediante cuestionarios a las participantes y revisi\u00f3n de historias cl\u00ednicas. El 69% de las participantes present\u00f3 tumores HR+, un 19% el subtipo HER2+ y un 12% el triple negativo. La densidad mamogr\u00e1fica media fue del 26%. Las mujeres con densidad mamogr\u00e1fica superior al 50% presentaron un menor porcentaje de tumores con mejor pron\u00f3stico (HR+), mientras que el porcentaje de tumores HER2+ y triple negativo -los m\u00e1s agresivos- fue un 36% y un 23% mayor, respectivamente, en comparaci\u00f3n con las mujeres del grupo de menor densidad.<\/p>\n<p>Virginia Lope explica que estos patrones se observaron principalmente en mujeres pre\/perimenop\u00e1usicas y en aquellas con sobrepeso u obesidad: \u201cAunque los hallazgos son preliminares y requieren confirmaci\u00f3n, apuntan a que la densidad mamogr\u00e1fica alta podr\u00eda ser un marcador relevante para identificar a mujeres con mayor riesgo de desarrollar formas m\u00e1s agresivas de c\u00e1ncer de mama\u201d, concluye.<\/p>\n<p><strong>Referencia del art\u00edculo<\/strong>: <\/p>\n<p>Fern\u00e1ndez-Morata J, Poll\u00e1n M, Fern\u00e1ndez de Larrea-Baza-Baz N, Pach\u00f3n-Olmos V, Garc\u00eda-P\u00e9rez J, Castell\u00f3 A, Sierra MA, Lucas P, Llobet R, Stradella A, Cantos B, Ram\u00f3n y Cajal T, Santisteban M, Segu\u00ed MA, Santaballa Bertr\u00e1n A, Granja M, Camps-Herrero J, Recalde S, Nu\u00f1ez-Garc\u00eda B, Calvo Verges N, P\u00e9rez-G\u00f3mez B, Pastor-Barriuso R, Lope V. Mammographic density and breast cancer pathological subtypes by menopausal status and body mass index. Breast Cancer Res. 2025 Oct 24;27(1):187. <a href=\"https:\/\/breast-cancer-research.biomedcentral.com\/articles\/10.1186\/s13058-025-02142-2\" rel=\"nofollow noopener\" target=\"_blank\">doi: 10.1186\/s13058-025-02142-2<\/a>.<\/p>\n","protected":false},"excerpt":{"rendered":"El estudio, publicado en la revista Breast Cancer Research, ha evaluado a 714 pacientes diagnosticadas entre 2014 y&hellip;\n","protected":false},"author":2,"featured_media":248157,"comment_status":"","ping_status":"","sticky":false,"template":"","format":"standard","meta":{"footnotes":""},"categories":[92],"tags":[8106,63149,25,24,165,26154,166,23],"class_list":{"0":"post-248156","1":"post","2":"type-post","3":"status-publish","4":"format-standard","5":"has-post-thumbnail","7":"category-salud","8":"tag-cancer-de-mama","9":"tag-densidad-mamografica","10":"tag-es","11":"tag-espana","12":"tag-health","13":"tag-isciii","14":"tag-salud","15":"tag-spain"},"share_on_mastodon":{"url":"https:\/\/pubeurope.com\/@es\/115588006297398320","error":""},"_links":{"self":[{"href":"https:\/\/www.europesays.com\/es\/wp-json\/wp\/v2\/posts\/248156","targetHints":{"allow":["GET"]}}],"collection":[{"href":"https:\/\/www.europesays.com\/es\/wp-json\/wp\/v2\/posts"}],"about":[{"href":"https:\/\/www.europesays.com\/es\/wp-json\/wp\/v2\/types\/post"}],"author":[{"embeddable":true,"href":"https:\/\/www.europesays.com\/es\/wp-json\/wp\/v2\/users\/2"}],"replies":[{"embeddable":true,"href":"https:\/\/www.europesays.com\/es\/wp-json\/wp\/v2\/comments?post=248156"}],"version-history":[{"count":0,"href":"https:\/\/www.europesays.com\/es\/wp-json\/wp\/v2\/posts\/248156\/revisions"}],"wp:featuredmedia":[{"embeddable":true,"href":"https:\/\/www.europesays.com\/es\/wp-json\/wp\/v2\/media\/248157"}],"wp:attachment":[{"href":"https:\/\/www.europesays.com\/es\/wp-json\/wp\/v2\/media?parent=248156"}],"wp:term":[{"taxonomy":"category","embeddable":true,"href":"https:\/\/www.europesays.com\/es\/wp-json\/wp\/v2\/categories?post=248156"},{"taxonomy":"post_tag","embeddable":true,"href":"https:\/\/www.europesays.com\/es\/wp-json\/wp\/v2\/tags?post=248156"}],"curies":[{"name":"wp","href":"https:\/\/api.w.org\/{rel}","templated":true}]}}