{"id":248160,"date":"2025-11-21T13:50:18","date_gmt":"2025-11-21T13:50:18","guid":{"rendered":"https:\/\/www.europesays.com\/es\/248160\/"},"modified":"2025-11-21T13:50:18","modified_gmt":"2025-11-21T13:50:18","slug":"el-ayuntamiento-de-jimena-de-la-frontera-mejora-las-zonas-ajardinadas-en-la-avenida-de-los-deportes-y-el-parque-del-pensionista","status":"publish","type":"post","link":"https:\/\/www.europesays.com\/es\/248160\/","title":{"rendered":"El Ayuntamiento de Jimena de la Frontera mejora las zonas ajardinadas en la Avenida de los Deportes y el Parque del Pensionista"},"content":{"rendered":"<p>El Ayuntamiento de Jimena de la Frontera est\u00e1 llevando a cabo una actuaci\u00f3n integral de mejora en la zona ajardinada de la Avenida de los Deportes y en la parte baja del Parque del Pensionista, con el objetivo de revitalizar estos espacios y optimizar su mantenimiento.<\/p>\n<p>Los trabajos conllevan la colocaci\u00f3n de nuevas plantas ornamentales, seleccionadas por su adaptaci\u00f3n al clima local y su bajo consumo h\u00eddrico, as\u00ed como en la renovaci\u00f3n completa del sistema de riego, sustituyendo la instalaci\u00f3n anterior por un sistema m\u00e1s eficiente y sostenible.<\/p>\n<p>Con esta intervenci\u00f3n, el Ayuntamiento busca mejorar la calidad de los espacios verdes, favorecer su conservaci\u00f3n a largo plazo y ofrecer a la ciudadan\u00eda un entorno m\u00e1s agradable y accesible.<\/p>\n<p>Estas actuaciones se enmarcan en el plan municipal de mantenimiento y puesta en valor de las zonas verdes del municipio, reforzando el compromiso del consistorio con un modelo de gesti\u00f3n responsable y sostenible.<\/p>\n<p><img loading=\"lazy\" decoding=\"async\" style=\"display: block; margin-left: auto; margin-right: auto;\" src=\"https:\/\/www.europesays.com\/es\/wp-content\/uploads\/2025\/11\/Jardines_Avenida_Jimena_2025_00.jpeg\" alt=\"\" width=\"574\" height=\"765\"\/><\/p>\n<p><img loading=\"lazy\" decoding=\"async\" style=\"display: block; margin-left: auto; margin-right: auto;\" src=\"https:\/\/www.europesays.com\/es\/wp-content\/uploads\/2025\/11\/Jardines_Avenida_Jimena_2025_01.jpeg\" alt=\"\" width=\"574\" height=\"765\"\/><\/p>\n<p><img loading=\"lazy\" decoding=\"async\" style=\"display: block; margin-left: auto; margin-right: auto;\" src=\"https:\/\/www.europesays.com\/es\/wp-content\/uploads\/2025\/11\/Jardines_Avenida_Jimena_2025_02.jpg\" alt=\"\" width=\"574\" height=\"765\"\/><\/p>\n","protected":false},"excerpt":{"rendered":"El Ayuntamiento de Jimena de la Frontera est\u00e1 llevando a cabo una actuaci\u00f3n integral de mejora en la&hellip;\n","protected":false},"author":2,"featured_media":248161,"comment_status":"","ping_status":"","sticky":false,"template":"","format":"standard","meta":{"footnotes":""},"categories":[81],"tags":[1250,119,123,124,25,24,16498,4899,117,121,122,23,118,120],"class_list":{"0":"post-248160","1":"post","2":"type-post","3":"status-publish","4":"format-standard","5":"has-post-thumbnail","7":"category-ciencia-y-tecnologia","8":"tag-ayuntamiento","9":"tag-ciencia","10":"tag-ciencia-y-tecnologia","11":"tag-cienciaytecnologia","12":"tag-es","13":"tag-espana","14":"tag-jimena","15":"tag-pueblo","16":"tag-science","17":"tag-science-and-technology","18":"tag-scienceandtechnology","19":"tag-spain","20":"tag-technology","21":"tag-tecnologia"},"share_on_mastodon":{"url":"https:\/\/pubeurope.com\/@es\/115588014387649244","error":""},"_links":{"self":[{"href":"https:\/\/www.europesays.com\/es\/wp-json\/wp\/v2\/posts\/248160","targetHints":{"allow":["GET"]}}],"collection":[{"href":"https:\/\/www.europesays.com\/es\/wp-json\/wp\/v2\/posts"}],"about":[{"href":"https:\/\/www.europesays.com\/es\/wp-json\/wp\/v2\/types\/post"}],"author":[{"embeddable":true,"href":"https:\/\/www.europesays.com\/es\/wp-json\/wp\/v2\/users\/2"}],"replies":[{"embeddable":true,"href":"https:\/\/www.europesays.com\/es\/wp-json\/wp\/v2\/comments?post=248160"}],"version-history":[{"count":0,"href":"https:\/\/www.europesays.com\/es\/wp-json\/wp\/v2\/posts\/248160\/revisions"}],"wp:featuredmedia":[{"embeddable":true,"href":"https:\/\/www.europesays.com\/es\/wp-json\/wp\/v2\/media\/248161"}],"wp:attachment":[{"href":"https:\/\/www.europesays.com\/es\/wp-json\/wp\/v2\/media?parent=248160"}],"wp:term":[{"taxonomy":"category","embeddable":true,"href":"https:\/\/www.europesays.com\/es\/wp-json\/wp\/v2\/categories?post=248160"},{"taxonomy":"post_tag","embeddable":true,"href":"https:\/\/www.europesays.com\/es\/wp-json\/wp\/v2\/tags?post=248160"}],"curies":[{"name":"wp","href":"https:\/\/api.w.org\/{rel}","templated":true}]}}