{"id":248164,"date":"2025-11-21T13:52:08","date_gmt":"2025-11-21T13:52:08","guid":{"rendered":"https:\/\/www.europesays.com\/es\/248164\/"},"modified":"2025-11-21T13:52:08","modified_gmt":"2025-11-21T13:52:08","slug":"no-me-silenciaran-el-joven-frances-que-lucha-contra-el-narcotrafico-en-marsella-y-cuyos-dos-hermanos-fueron-asesinados-bbc","status":"publish","type":"post","link":"https:\/\/www.europesays.com\/es\/248164\/","title":{"rendered":"&quot;No me silenciar\u00e1n&quot;: el joven franc\u00e9s que lucha contra el narcotr\u00e1fico en Marsella y cuyos dos hermanos fueron asesinados &#8211; BBC"},"content":{"rendered":"<ol>\n<li><a href=\"https:\/\/news.google.com\/rss\/articles\/CBMiW0FVX3lxTE84ZU8tcW9QQ2pieFB3M0w4YlpFZjZnaEFnY1hwd1l5VFNfMVBWeXlHaUdhTWFkVG1WbDNybmZiSi1NOW9WZVBsUFVFcmtsU3VJTURiOU1keEVFMlHSAWBBVV95cUxQNml6WUlvQ1pRTkNnMVpEdUhsZWhlVzUxUEFOS2hLcVlWR1NqekVIbGtzUmkxUEt6VmNwWXJBMzJ0cmVSaEQwSW5hWUo3VzFwUWw2ZFV2RldDdjdOUW80Tzg?oc=5\" target=\"_blank\" rel=\"nofollow noopener\">\u00abNo me silenciar\u00e1n\u00bb: el joven franc\u00e9s que lucha contra el narcotr\u00e1fico en Marsella y cuyos dos hermanos fueron asesinados<\/a>&nbsp;&nbsp;BBC<\/li>\n<li><a href=\"https:\/\/news.google.com\/rss\/articles\/CBMiiwFBVV95cUxNekVBQU1FTi14Zk1PNERSaHR6aWRneG4ySzVObmR6VXdRajU5TmpXaTN3SzVXSVJwbVFmWFQzTGN0Y3M2WlJiNy1zQnFQcU5RdU80QTJ6OFFaVDg0M3ZNRHlGN0NWelNlbVRRVFdtZTNiM1djaTAwUExjYnFzYXRpU3prZE5yclAteW5J?oc=5\" target=\"_blank\" rel=\"nofollow noopener\">El narco desaf\u00eda al Estado franc\u00e9s<\/a>&nbsp;&nbsp;EL PA\u00cdS<\/li>\n<li><a href=\"https:\/\/news.google.com\/rss\/articles\/CBMiwwFBVV95cUxPTE1zX2FKam9UeTU2dVlLYWRSZmw0X2NPdkxrUVFIcktmWEhUWVhYZlNRelRNYjZHYXNxWndpek5NZmZXcVZadWZTbDRQdmtCelQtVGNpVER1WElweDV5aUN6d053QWdpbnZGWGdpR2d5OUQ3Z2dJOVV6dk95M3hmRnBGTkRZNExNakl1NHZRMHU0Umg3VnFvdy1idThwbXU3ZXpjWlkzSjY0YWhHWW0wTHlvTjFRRWdRU1h5aGM5Y3FOUDA?oc=5\" target=\"_blank\" rel=\"nofollow noopener\">Francia declara al narcotr\u00e1fico como \u00abamenaza equivalente al terrorismo\u00bb y promete refuerzos<\/a>&nbsp;&nbsp;Euronews.com<\/li>\n<li><a href=\"https:\/\/news.google.com\/rss\/articles\/CBMixwFBVV95cUxPOWhNUzVTVER5b0hHcmczWE82US1rZnI1djlGVmhKbFdmQXRVcV8xMlI2d1cwZHBUUVpyQmp0VVpmWlUwNUtwdXloU3NGLWp6emNTTVMxaG5yOXVNRVU0amt2NWwxUC03LWhNSnZNMTN0R2RSalZQVVA4N3dNbU5yS05hLXZJaWhnY28wc2xhYmowd1dkcFZ2OFZnOXVuYWdfbEtwR3FrV0d2cEtKX3ZRZm1fc0xTbWZIejlqNTRjbjRJQjJ3YnZF?oc=5\" target=\"_blank\" rel=\"nofollow noopener\">El asesinato del hermano de un activista antinarcos conmociona a Francia<\/a>&nbsp;&nbsp;El Correo<\/li>\n<li><a href=\"https:\/\/news.google.com\/rss\/articles\/CBMiugFBVV95cUxQSWFtME9mUEdwUnRDR1BJYnlCQ2laUGwwSEc0LWxUV256aVFWZDFZalFGSkJhck1CNzkzNktiY001bnJmMHFxVmFkTklZLW1IaEhac2lqRHVHdGVSUlQ5SWJsWlZCcFMxTzZwYUdDZWxhNHpIQkdLU1BGOGtwczY0RmtRUktIcDg2RHNuQnJSVWU4Tk43QlFHM0c5SmFpUXB0ZU9WRkpHUlpxZjM4SF9TX3VSbDE2U0MwX2c?oc=5\" target=\"_blank\" rel=\"nofollow noopener\">Amine Kessaci, el activista forjado en el drama del narcotr\u00e1fico en Francia<\/a>&nbsp;&nbsp;SWI swissinfo.ch<\/li>\n<\/ol>\n","protected":false},"excerpt":{"rendered":"\u00abNo me silenciar\u00e1n\u00bb: el joven franc\u00e9s que lucha contra el narcotr\u00e1fico en Marsella y cuyos dos hermanos fueron&hellip;\n","protected":false},"author":2,"featured_media":245082,"comment_status":"","ping_status":"","sticky":false,"template":"","format":"standard","meta":{"footnotes":""},"categories":[42],"tags":[17,18,13,14,11,61,62,63,64,19,20,9,10,15,16,12,21,22,65,66,67],"class_list":{"0":"post-248164","1":"post","2":"type-post","3":"status-publish","4":"format-standard","5":"has-post-thumbnail","7":"category-internacional","8":"tag-breaking-news","9":"tag-breakingnews","10":"tag-featured-news","11":"tag-featurednews","12":"tag-headlines","13":"tag-internacional","14":"tag-international","15":"tag-international-news","16":"tag-internationalnews","17":"tag-latest-news","18":"tag-latestnews","19":"tag-news","20":"tag-noticias","21":"tag-noticias-destacadas","22":"tag-noticiasdestacadas","23":"tag-titulares","24":"tag-ultimas-noticias","25":"tag-ultimasnoticias","26":"tag-world","27":"tag-world-news","28":"tag-worldnews"},"share_on_mastodon":{"url":"https:\/\/pubeurope.com\/@es\/115588021995172555","error":""},"_links":{"self":[{"href":"https:\/\/www.europesays.com\/es\/wp-json\/wp\/v2\/posts\/248164","targetHints":{"allow":["GET"]}}],"collection":[{"href":"https:\/\/www.europesays.com\/es\/wp-json\/wp\/v2\/posts"}],"about":[{"href":"https:\/\/www.europesays.com\/es\/wp-json\/wp\/v2\/types\/post"}],"author":[{"embeddable":true,"href":"https:\/\/www.europesays.com\/es\/wp-json\/wp\/v2\/users\/2"}],"replies":[{"embeddable":true,"href":"https:\/\/www.europesays.com\/es\/wp-json\/wp\/v2\/comments?post=248164"}],"version-history":[{"count":0,"href":"https:\/\/www.europesays.com\/es\/wp-json\/wp\/v2\/posts\/248164\/revisions"}],"wp:featuredmedia":[{"embeddable":true,"href":"https:\/\/www.europesays.com\/es\/wp-json\/wp\/v2\/media\/245082"}],"wp:attachment":[{"href":"https:\/\/www.europesays.com\/es\/wp-json\/wp\/v2\/media?parent=248164"}],"wp:term":[{"taxonomy":"category","embeddable":true,"href":"https:\/\/www.europesays.com\/es\/wp-json\/wp\/v2\/categories?post=248164"},{"taxonomy":"post_tag","embeddable":true,"href":"https:\/\/www.europesays.com\/es\/wp-json\/wp\/v2\/tags?post=248164"}],"curies":[{"name":"wp","href":"https:\/\/api.w.org\/{rel}","templated":true}]}}