{"id":248165,"date":"2025-11-21T13:53:10","date_gmt":"2025-11-21T13:53:10","guid":{"rendered":"https:\/\/www.europesays.com\/es\/248165\/"},"modified":"2025-11-21T13:53:10","modified_gmt":"2025-11-21T13:53:10","slug":"portal-de-noticias-del-gobierno-de-canarias-320","status":"publish","type":"post","link":"https:\/\/www.europesays.com\/es\/248165\/","title":{"rendered":"Portal de Noticias del Gobierno de Canarias"},"content":{"rendered":"<p>El Gobierno de Canarias, a trav\u00e9s de la Direcci\u00f3n General de Emergencias, declara la situaci\u00f3n de prealerta por fen\u00f3menos costeros en el archipi\u00e9lago, a partir de las 06:00 horas de ma\u00f1ana, s\u00e1bado 22 de noviembre. Esta decisi\u00f3n se toma teniendo en cuenta la informaci\u00f3n facilitada por la Agencia Estatal de Meteorolog\u00eda y otras fuentes disponibles, y en aplicaci\u00f3n del Plan Espec\u00edfico de Emergencias de Canarias por Riesgos de Fen\u00f3menos Meteorol\u00f3gicos Adversos (PEFMA).<\/p>\n<p><strong>\u00c1mbito territorial:<\/strong><\/p>\n<p>Costa norte y oeste de La Palma, El Hierro, Fuerteventura y Lanzarote; y litoral norte de La Gomera, Tenerife y Gran Canaria.<\/p>\n<p><strong>Observaciones:\u00a0<\/strong><\/p>\n<p>Mal estado del mar, oleaje de mar combinada de 2 a 3 metros. Viento del nordeste fuerza 4 a 5 (20 a 38 kil\u00f3metros por hora) con \u00e1reas de fuerza 6 (39 a 49 kil\u00f3metros por hora). Marejada a fuerte marejada y mar de fondo del norte de 2 metros.<\/p>\n<p>Se insta a la poblaci\u00f3n a seguir los siguientes\u00a0<a href=\"https:\/\/www.gobiernodecanarias.org\/emergencias\/alertas\/consejos\/costeros\/costeros.html\" rel=\"nofollow noopener\" target=\"_blank\">consejos de autoprotecci\u00f3n<\/a>\u00a0de la Direcci\u00f3n General de Emergencias.<\/p>\n<p><a href=\"https:\/\/www3.gobiernodecanarias.org\/noticias\/wp-content\/uploads\/2025\/11\/25-11-21-declaracion-66-2025-PEFMA-Prealerta-costeros-FIRMADO.pdf\" rel=\"nofollow noopener\" target=\"_blank\">25-11-21 declaracion 66 2025 PEFMA Prealerta costeros<\/a><\/p>\n","protected":false},"excerpt":{"rendered":"El Gobierno de Canarias, a trav\u00e9s de la Direcci\u00f3n General de Emergencias, declara la situaci\u00f3n de prealerta por&hellip;\n","protected":false},"author":2,"featured_media":248166,"comment_status":"","ping_status":"","sticky":false,"template":"","format":"standard","meta":{"footnotes":""},"categories":[8],"tags":[17,18,25,24,13,14,11,19,20,9,10,15,16,23,12,21,22],"class_list":{"0":"post-248165","1":"post","2":"type-post","3":"status-publish","4":"format-standard","5":"has-post-thumbnail","7":"category-espana","8":"tag-breaking-news","9":"tag-breakingnews","10":"tag-es","11":"tag-espana","12":"tag-featured-news","13":"tag-featurednews","14":"tag-headlines","15":"tag-latest-news","16":"tag-latestnews","17":"tag-news","18":"tag-noticias","19":"tag-noticias-destacadas","20":"tag-noticiasdestacadas","21":"tag-spain","22":"tag-titulares","23":"tag-ultimas-noticias","24":"tag-ultimasnoticias"},"share_on_mastodon":{"url":"https:\/\/pubeurope.com\/@es\/115588025929706204","error":""},"_links":{"self":[{"href":"https:\/\/www.europesays.com\/es\/wp-json\/wp\/v2\/posts\/248165","targetHints":{"allow":["GET"]}}],"collection":[{"href":"https:\/\/www.europesays.com\/es\/wp-json\/wp\/v2\/posts"}],"about":[{"href":"https:\/\/www.europesays.com\/es\/wp-json\/wp\/v2\/types\/post"}],"author":[{"embeddable":true,"href":"https:\/\/www.europesays.com\/es\/wp-json\/wp\/v2\/users\/2"}],"replies":[{"embeddable":true,"href":"https:\/\/www.europesays.com\/es\/wp-json\/wp\/v2\/comments?post=248165"}],"version-history":[{"count":0,"href":"https:\/\/www.europesays.com\/es\/wp-json\/wp\/v2\/posts\/248165\/revisions"}],"wp:featuredmedia":[{"embeddable":true,"href":"https:\/\/www.europesays.com\/es\/wp-json\/wp\/v2\/media\/248166"}],"wp:attachment":[{"href":"https:\/\/www.europesays.com\/es\/wp-json\/wp\/v2\/media?parent=248165"}],"wp:term":[{"taxonomy":"category","embeddable":true,"href":"https:\/\/www.europesays.com\/es\/wp-json\/wp\/v2\/categories?post=248165"},{"taxonomy":"post_tag","embeddable":true,"href":"https:\/\/www.europesays.com\/es\/wp-json\/wp\/v2\/tags?post=248165"}],"curies":[{"name":"wp","href":"https:\/\/api.w.org\/{rel}","templated":true}]}}