{"id":248168,"date":"2025-11-21T13:58:15","date_gmt":"2025-11-21T13:58:15","guid":{"rendered":"https:\/\/www.europesays.com\/es\/248168\/"},"modified":"2025-11-21T13:58:15","modified_gmt":"2025-11-21T13:58:15","slug":"santi-tarrio-es-el-primer-lider-del-campeonato-de-espana-profesionales-2025","status":"publish","type":"post","link":"https:\/\/www.europesays.com\/es\/248168\/","title":{"rendered":"Santi Tarrio es el primer l\u00edder del campeonato de espa\u00f1a profesionales 2025"},"content":{"rendered":"<p>            <a href=\"https:\/\/ten-golf.com\/wp-content\/uploads\/2025\/11\/tarrioctoespana25jueves.jpg\" data-caption=\"Santi Tarrio.\" rel=\"nofollow noopener\" target=\"_blank\"><img decoding=\"async\" loading=\"lazy\" width=\"666\" height=\"385\" class=\"entry-thumb td-modal-image\" src=\"https:\/\/www.europesays.com\/es\/wp-content\/uploads\/2025\/11\/tarrioctoespana25jueves-666x385.jpg\"   alt=\"Santi Tarrio.\" title=\"Santi Tarrio.\"\/><\/a>Santi Tarrio.<\/p>\n<p>La inspiraci\u00f3n de <strong>Bernhard Langer<\/strong>, el \u00e1nimo de dos ni\u00f1os peque\u00f1os, hechizados por las copas que su pap\u00e1 muestra en su casa, y una invitaci\u00f3n de \u00faltima hora constituyen la intrahistoria de los mejores resultados de la primera jornada del<strong> Campeonato de Espa\u00f1a de Profesionales Masculino<\/strong> que se celebra en <strong>Mediterr\u00e1neo Golf<\/strong>.<\/p>\n<p>El gallego <strong>Santiago Tarrio<\/strong>, el vasco <strong>Borja Etchart<\/strong> y el catal\u00e1n <strong>Josep Mar\u00eda Serra<\/strong>, con rondas de 65, 67 y 67 golpes, ocupan las primeras posiciones de un torneo que muestra tantas alternativas y relatos como jugadores participan y que, como se anticipaba antes de su inicio, cabalga a caballo entre la calidad y la incertidumbre.<\/p>\n<p>El gallego Santiago Tarr\u00edo, un golfista con pedigr\u00ed bien labrado a lo largo de los a\u00f1os, con dos triunfos en el<strong> Alps Tour<\/strong> y otros dos en el <strong>Challenge Tour<\/strong>, con resultados incluso destacados dentro del <strong>DP World Tour<\/strong>, se vanagloria de acaparar en solitario el primer liderato a base de continuados aciertos.<\/p>\n<p>El l\u00edder indiscutible torci\u00f3 ligeramente el rostro al rememorar su primer hoyo, \u201ctres putts para empezar que me hicieron pensar que se iba a nublar el d\u00eda. Pero al final sali\u00f3 el sol\u201d.<\/p>\n<p>Se refer\u00eda Santiago Tarrio a la impresionante concentraci\u00f3n de aciertos acumulados entre el 6 y el 18, nada menos que siete birdies en 13 hoyos que le catapultaron como un cohete al primer puesto.<\/p>\n<p>La clave estaba, seg\u00fan desvelaba un alegre Santiago Tarrio en la mesa de entrega de tarjetas, en Internet, en un par de v\u00eddeos de <strong>Youtube<\/strong>, donde el alem\u00e1n <strong>Bernhard Langer<\/strong>, pura y gloriosa historia del golf mundial, desvelaba los secretos del manejo del putt escoba, una herramienta que, en solo tres semanas, ha obrado el milagro.<\/p>\n<p>\u201cTengo otras sensaciones despu\u00e9s de dos a\u00f1os pateando bastante mal. Lo apoyo en el pecho, como dice Langer, \u00a1y a golpear!\u201d, relataba con satisfacci\u00f3n un Santiago Tarrio que se ha convertido en el rival a batir en las pr\u00f3ximas tres jornadas.<\/p>\n<p>A rebufo, cerca, se encuentra quien no acert\u00f3 a decir que no a sus hijos. \u201c\u00bfDe qu\u00e9 son esas copas, por qu\u00e9 no vuelves a jugar\u201d, le dec\u00edan con irrebatible espontaneidad a su querido pap\u00e1 en referencia, entre otras cosas, a los tres torneos del Alps Tour ganados hace una d\u00e9cada.<\/p>\n<p><strong>Borja Etchart<\/strong>, como cualquiera en su situaci\u00f3n, hizo el esfuerzo, se dej\u00f3 convencer, se present\u00f3 a la jornada previa clasificatoria, la super\u00f3 y se dispuso a disputar con evidente acierto la primera jornada de este sorprendente Campeonato de Espa\u00f1a de Profesionales Masculino. Sesenta y siete golpes en su caso, segunda posici\u00f3n, producto de 7 birdies y 3 bogeys. \u201cHe disfrutado como un ni\u00f1o\u201d, acert\u00f3 a resumir con la mejor de las sonrisas en su rostro.<\/p>\n<p>Tambi\u00e9n se sum\u00f3 al carro de protagonistas el catal\u00e1n Josep Mar\u00eda Serra, acreedor tambi\u00e9n de una historia de superaci\u00f3n si se tiene en cuenta que, de momento, ha aprovechado hasta sus \u00faltimas consecuencias la invitaci\u00f3n cursada para poder participar en un torneo donde en primera instancia no hab\u00eda conseguido los m\u00e9ritos necesarios.<\/p>\n<p>Varios buenos resultados en torneos del Alps Tour en las \u00faltimas semanas llamaron la atenci\u00f3n de los organizadores, que le designaron una de las plazas de invitaci\u00f3n que Josep Mar\u00eda Serra, a las primeras de cambio, ha justificado con una sobresaliente tarjeta de 67 golpes, segundo puesto compartido con 4 bajo par.<\/p>\n<p>Por si fuera poco, el amateur valenciano <strong>Alejandro Tar\u00edn<\/strong>, tambi\u00e9n invitado, se postul\u00f3 para completar el anecdotario de esta primera jornada at\u00edpica, en su caso al acabar la primera ronda con 71 golpes, octavo clasificado, muy por encima de otros muchos profesionales de enjundia deseosos de contar su intrahistoria en este apasionante Campeonato de Espa\u00f1a de Profesionales Masculino.<\/p>\n<p><strong>Acceso gratuito para presenciar el torneo<\/strong><\/p>\n<p>Los aficionados que quieran presenciar en directo este Campeonato de Espa\u00f1a de Profesionales Masculino s\u00f3lo tienen que dirigirse hasta Mediterr\u00e1neo Golf, en las afueras de la ciudad de Castell\u00f3n, en la localidad de Borriol, para acceder al campo y disfrutar de la actuaci\u00f3n de gran parte de los mejores golfistas profesionales de nuestro pa\u00eds. El acceso es gratuito durante las cuatro jornadas de competici\u00f3n.<\/p>\n<p><strong>Mediterr\u00e1neo Golf, un interesante destino\u00a0<\/strong><\/p>\n<p>Este torneo se enmarca dentro de las acciones que realizan la Diputaci\u00f3n de Castell\u00f3n y el Ayuntamiento de Borriol para promocionar el deporte en general y otros atractivos tur\u00edsticos, culturales y gastron\u00f3micos que ofrece la provincia y la capital de Castell\u00f3n.<\/p>\n<p><strong>Apoyos a un torneo de prestigio<\/strong><\/p>\n<p>Este Campeonato de Espa\u00f1a de Profesionales Masculino cuenta con el patrocinio de la Real Federaci\u00f3n Espa\u00f1ola de Golf, Loter\u00edas y Apuestas del Estado y Diputaci\u00f3n de Castell\u00f3n, adem\u00e1s del apoyo del Ayuntamiento de Borriol, Hotel Albades, Consejo Superior de Deportes y la Federaci\u00f3n de Golf de la Comunidad Valenciana.<\/p>\n<p>Asimismo, colaboran en la celebraci\u00f3n del torneo Allianz, Aon, Iberdrola, Volvo, Halc\u00f3n Viajes, Kyocera, Grupo Mahou-San Miguel, Sol\u00e1n de Cabras, Mediterr\u00e1neo Golf, Dos Maderas, Gin Cubical, Croft Twist y Pepsi. El torneo est\u00e1 organizado por la empresa Gambito Golf.<\/p>\n","protected":false},"excerpt":{"rendered":"Santi Tarrio. La inspiraci\u00f3n de Bernhard Langer, el \u00e1nimo de dos ni\u00f1os peque\u00f1os, hechizados por las copas que&hellip;\n","protected":false},"author":2,"featured_media":248169,"comment_status":"","ping_status":"","sticky":false,"template":"","format":"standard","meta":{"footnotes":""},"categories":[275],"tags":[63150,63151,168,25,24,329,34254,63152,336,339,340,1909,1910,58014,23,167],"class_list":{"0":"post-248168","1":"post","2":"type-post","3":"status-publish","4":"format-standard","5":"has-post-thumbnail","7":"category-golf","8":"tag-borja-etchart","9":"tag-campeoanto-de-espana-de-profesionales","10":"tag-deportes","11":"tag-es","12":"tag-espana","13":"tag-golf","14":"tag-josep-maria-serra","15":"tag-mediterraneo-golf","16":"tag-notificacion","17":"tag-portada-america","18":"tag-portada-global","19":"tag-portada-top","20":"tag-portada-top-america","21":"tag-santi-tarrio","22":"tag-spain","23":"tag-sports"},"share_on_mastodon":{"url":"https:\/\/pubeurope.com\/@es\/115588046167080421","error":""},"_links":{"self":[{"href":"https:\/\/www.europesays.com\/es\/wp-json\/wp\/v2\/posts\/248168","targetHints":{"allow":["GET"]}}],"collection":[{"href":"https:\/\/www.europesays.com\/es\/wp-json\/wp\/v2\/posts"}],"about":[{"href":"https:\/\/www.europesays.com\/es\/wp-json\/wp\/v2\/types\/post"}],"author":[{"embeddable":true,"href":"https:\/\/www.europesays.com\/es\/wp-json\/wp\/v2\/users\/2"}],"replies":[{"embeddable":true,"href":"https:\/\/www.europesays.com\/es\/wp-json\/wp\/v2\/comments?post=248168"}],"version-history":[{"count":0,"href":"https:\/\/www.europesays.com\/es\/wp-json\/wp\/v2\/posts\/248168\/revisions"}],"wp:featuredmedia":[{"embeddable":true,"href":"https:\/\/www.europesays.com\/es\/wp-json\/wp\/v2\/media\/248169"}],"wp:attachment":[{"href":"https:\/\/www.europesays.com\/es\/wp-json\/wp\/v2\/media?parent=248168"}],"wp:term":[{"taxonomy":"category","embeddable":true,"href":"https:\/\/www.europesays.com\/es\/wp-json\/wp\/v2\/categories?post=248168"},{"taxonomy":"post_tag","embeddable":true,"href":"https:\/\/www.europesays.com\/es\/wp-json\/wp\/v2\/tags?post=248168"}],"curies":[{"name":"wp","href":"https:\/\/api.w.org\/{rel}","templated":true}]}}