{"id":248180,"date":"2025-11-21T14:05:10","date_gmt":"2025-11-21T14:05:10","guid":{"rendered":"https:\/\/www.europesays.com\/es\/248180\/"},"modified":"2025-11-21T14:05:10","modified_gmt":"2025-11-21T14:05:10","slug":"asi-nos-cuenta-como-quiere-que-veamos-su-gran-exposicion-en-la-fundacion-marta-ortega","status":"publish","type":"post","link":"https:\/\/www.europesays.com\/es\/248180\/","title":{"rendered":"as\u00ed nos cuenta c\u00f3mo quiere que veamos su gran exposici\u00f3n en la Fundaci\u00f3n Marta Ortega"},"content":{"rendered":"\n<p> Tener frente a ti a una leyenda viva de la fotograf\u00eda ya ser\u00eda, por s\u00ed solo, un privilegio. Pero poder recorrer una exposici\u00f3n guiada por su propia autora es un lujo reservado a muy pocos. Esta ma\u00f1ana, una decena de periodistas espa\u00f1oles \u2014entre ellos Vanitatis\u2014 hemos tenido la oportunidad de acompa\u00f1ar a Annie Leibovitz por la<strong> Fundaci\u00f3n Marta Ortega. La primera mujer que expone en este espacio<\/strong> ya es, desde hoy, parte de su historia. <\/p>\n<p> Vestida con vaquero negro, zapatillas deportivas y una chaqueta de terciopelo, Leibovitz ha llegado sin artificios, como quien no quiere darse importancia. Su sobriedad, su elegancia sin pretensi\u00f3n y, sobre todo, su atenci\u00f3n constante a los fot\u00f3grafos y c\u00e1maras presentes han dibujado desde el primer momento a una <a href=\"https:\/\/www.vanitatis.elconfidencial.com\/celebrities\/2024-11-26\/annie-leibovitz-relacion-escritora-susan-sontag-deuda_4011439\/\" target=\"_self\" rel=\"nofollow noopener\">mujer para la que la autenticidad sigue siendo un principio irrenunciable. <\/a>Ha bromeado mientras se preocupaba de que todos pudi\u00e9semos hacer nuestro trabajo. El gesto resume bien la forma en que concibe su oficio: directa, sin capas. Y ha confesado que el t\u00edtulo de la exposici\u00f3n viene de eso, la tierra de las maravillas<strong> \u00abWonderland\u00bb un lugar para disfrutar.<\/strong> <\/p>\n<p>                           Una exposici\u00f3n que se mira, se piensa y se escucha           <\/p>\n<p> Leibovitz ha insistido en que esta muestra est\u00e1 en A Coru\u00f1a por una raz\u00f3n: <a href=\"https:\/\/www.vanitatis.elconfidencial.com\/famosos\/2025-11-19\/marta-ortega-carlos-torretta-autoridades-exposicion-leibovitz_4250258\/\" target=\"_self\" rel=\"nofollow noopener\">el amor de Marta Ortega y Carlos Torretta<\/a> por la fotograf\u00eda. Un v\u00ednculo que, seg\u00fan la artista, fue decisivo para aceptar el proyecto. \u201cNo estaba segura de hacer una exposici\u00f3n de mi trabajo de moda&#8230; pero ellos son muy apasionados por el arte, as\u00ed que decid\u00ed aceptarlo\u201d, nos confesaba al inicio del recorrido. <\/p>\n<p> La ruta, de aproximadamente una hora, comienza con un v\u00eddeo imprescindible. Por \u00e9l desfilan colaboradores esenciales de su carrera \u2014como Graydon Carter o Grace Coddington\u2014 adem\u00e1s de modelos, estilistas y atrezzistas que han trabajado con ella durante d\u00e9cadas y cuentan la verdad entre sonrisas y frases como \u00abno negar\u00e9 que la hubiera querido matar un par de veces\u00bb frente a los asistentes que se sumergen en ese universo personal\u00edsimo, construido a lo largo de m\u00e1s de cinco d\u00e9cadas. <\/p>\n<p>TE PUEDE INTERESAR<\/p>\n<p>    <img decoding=\"async\" class=\"inTextNews__img\" alt=\"Foto: Carlos Torretta y Marta Ortega, esta ma\u00f1ana en A Coru\u00f1a. (Europa Press)\" src=\"https:\/\/www.europesays.com\/es\/wp-content\/uploads\/2025\/11\/f.elconfidencial.com\/original\/eb6\/b8e\/850\/eb6b8e850ba017e3c2117c1b556cc71f.jpg\"  \/>          <a class=\"inTextNews__title\" href=\"https:\/\/www.vanitatis.elconfidencial.com\/famosos\/2025-11-19\/marta-ortega-carlos-torretta-autoridades-exposicion-leibovitz_4250258\/\" onclick=\"window.ECCO.emit(&#039;amplitude&#039;, { dataEventName: &#039;click_related_article_module&#039;, data: { related_article_url: &#039;https:\/\/www.vanitatis.elconfidencial.com\/famosos\/2025-11-19\/marta-ortega-carlos-torretta-autoridades-exposicion-leibovitz_4250258\/&#039;, related_article_author: &#039;Cote Villar&#039;, related_article_section: &#039;famosos&#039; } })\" rel=\"nofollow noopener\" target=\"_blank\"> Marta Ortega y Carlos Torretta ultiman detalles para la gran cita cultural del a\u00f1o en A Coru\u00f1a <\/a>   <\/p>\n<p>    C. V.   <\/p>\n<p> Frente a una pared repleta de im\u00e1genes que recogen sus inicios en Rolling Stone, la artista ha explicado por qu\u00e9 en esta exposici\u00f3n ha querido resucitar su etapa de reportera. <strong>\u201cCreo que es importante que un fot\u00f3grafo joven entienda a qu\u00e9 profundidad debe llegar para comprender c\u00f3mo hacer un retrato.<\/strong> Esta pared es una pared de aprendizaje\u201d, y lo dice se\u00f1alando esas fotos grapadas directamente al muro, austeras, crudas, capaces de narrar la vida cotidiana de una generaci\u00f3n. <\/p>\n<p>            Un viaje desde el reporterismo a la moda que cambi\u00f3 su vida           <\/p>\n<p> La exposici\u00f3n avanza y las grapas que sostienen las im\u00e1genes de su juventud dan paso a las chinchetas, la cuerda de esparto y la madera: materiales simples, casi dom\u00e9sticos, <strong>sostienen algunos de los trabajos m\u00e1s ic\u00f3nicos de su carrera.<\/strong> Entre ellos, fotograf\u00edas de Susan Sontag, su pareja durante d\u00e9cadas a la que ha se\u00f1alado con una emoci\u00f3n discreta, pero incuestionable. <\/p>\n<p> Para muchos asistentes, algunas im\u00e1genes eran desconocidas incluso dentro de su vasto archivo. Otras, en cambio, forman parte ya del imaginario cultural contempor\u00e1neo: retratos de pr\u00e1cticamente todos los actores de Hollywood, composiciones teatrales, paisajes emocionales cargados de simbolismo. <\/p>\n<p> <a href=\"https:\/\/www.vanitatis.elconfidencial.com\/cache\/2007\/11\/12\/62_quien_rihanna.html\" target=\"_self\" rel=\"nofollow noopener\">Al detenerse frente a la fotograf\u00eda de Rihanna,<\/a> Leibovitz ha confesado la admiraci\u00f3n que siente por ella: \u201cEs una mujer inteligent\u00edsima, una joven de su tiempo\u201d. Y entre risas a\u00f1ad\u00eda que, cuando capt\u00f3 la c\u00e9lebre imagen de su embarazo, le sorprendi\u00f3 que la cantante \u201csiempre parece embarazarse para los grandes momentos: la Met Gala, la Super Bowl\u2026\u201d. <\/p>\n<p>                Annie Leibovitz (Fundaci\u00f3n MOP)            <\/p>\n<p> Tambi\u00e9n dedica m\u00e1s de una pared a Natalia Vodianova, convertida en Alicia en su particular Pa\u00eds de las Maravillas, y recordado a Karen Elson, una de sus musas m\u00e1s constantes. Para el p\u00fablico espa\u00f1ol, el gui\u00f1o lleg\u00f3 al detenerse frente a la imagen de Pen\u00e9lope Cruz. \u201cLa fotografi\u00e9 muchas veces, pero nunca captur\u00e9 la misma magia que cuando llegu\u00e9 a Espa\u00f1a y la vi posar en su tierra\u201d, confiesa. <\/p>\n<p> Una de las an\u00e9cdotas m\u00e1s emotivas ha sido al recordar <a href=\"https:\/\/www.vanitatis.elconfidencial.com\/celebrities\/2023-02-18\/yoko-ono-90-anos-hija-desaparecida-lennon_3577657\/\" target=\"_self\" rel=\"nofollow noopener\">c\u00f3mo fotografi\u00f3 a Yoko Ono<\/a> y John Lennon pocos d\u00edas antes de la muerte del cantante, \u00abme dio tiempo a ense\u00f1arle la Polaroid, la imagen captada, muri\u00f3 tan solo unas horas despu\u00e9s\u00bb. <\/p>\n<p>                Reyes, dise\u00f1adores y mitolog\u00edas: c\u00f3mo mira Annie a sus retratados           <\/p>\n<p> Una de las instalaciones audiovisuales muestra la fotograf\u00eda que el Banco de Espa\u00f1a le encarg\u00f3 el a\u00f1o pasado del rey Felipe VI y la reina Letizia. Leibovitz comparti\u00f3 una an\u00e9cdota reveladora: \u201cEl rey estaba muy relajado y la reina m\u00e1s nerviosa\u201d, dijo generando sonrisas entre los asistentes. Cuando se le pregunt\u00f3 por si existe diferencia entre retratar a un rey real o a un \u201crey de la moda\u201d, su respuesta fue contundente: \u201cNo creo que pueda simplificarlo as\u00ed. Todos tienen algo interesante. Me meto en cada sesi\u00f3n intentando hacer lo mejor que puedo, tratando de entender a la persona, ya sea un rey o un dise\u00f1ador\u201d. <\/p>\n<p>TE PUEDE INTERESAR<\/p>\n<p>    <img decoding=\"async\" class=\"inTextNews__img\" alt=\"Foto: moda-museos-exposiciones-confirman-fenomeno\" src=\"https:\/\/www.europesays.com\/es\/wp-content\/uploads\/2025\/11\/f.elconfidencial.com\/original\/aa2\/06c\/3fc\/aa206c3fcc8ae44097685b9c7afd0244.png\"  \/>          <a class=\"inTextNews__title\" href=\"https:\/\/www.vanitatis.elconfidencial.com\/estilo\/moda\/2025-11-16\/moda-museos-exposiciones-confirman-fenomeno_4247409\/\" onclick=\"window.ECCO.emit(&#039;amplitude&#039;, { dataEventName: &#039;click_related_article_module&#039;, data: { related_article_url: &#039;https:\/\/www.vanitatis.elconfidencial.com\/estilo\/moda\/2025-11-16\/moda-museos-exposiciones-confirman-fenomeno_4247409\/&#039;, related_article_author: &#039;Cristina Castany&#039;, related_article_section: &#039;moda&#039; } })\" rel=\"nofollow noopener\" target=\"_blank\"> La moda entra en los museos: dos exposiciones que confirman un fen\u00f3meno imparable <\/a>   <\/p>\n<p>    Cris Castany   <\/p>\n<p> Su iron\u00eda arranc\u00f3 carcajadas, pero detr\u00e1s hab\u00eda un mensaje claro: para Leibovitz, lo esencial nunca es el decorado, sino la verdad emocional. <\/p>\n<p> Uno de los momentos m\u00e1s personales lleg\u00f3 cuando una periodista le pregunt\u00f3 c\u00f3mo mantiene su energ\u00eda a los 76 a\u00f1os. Su respuesta fue tan sincera como inesperada: \u201c<strong>No se habla suficiente de lo maravilloso que es envejecer.<\/strong> Todo va m\u00e1s lento, s\u00ed, pero sabes lo que est\u00e1s haciendo. No significa que tu trabajo sea mejor, pero entiendes mejor la vida\u201d. Ha explicado que creci\u00f3 en una familia de seis hermanos \u201ccon d\u00e9ficit de atenci\u00f3n\u201d, seg\u00fan dijo entre risas, y una madre que los animaba a ser creativos. \u201cSoy famosa por no poder responder a las preguntas, lo siento\u201d, remat\u00f3 con humor. <\/p>\n<p>                Una muestra que se levant\u00f3 en 48 horas           <\/p>\n<p> Quiz\u00e1 lo m\u00e1s sorprendente es la velocidad con la que se mont\u00f3 la exposici\u00f3n: 48 horas. \u201cHicimos una maqueta del edificio en Nueva York y, b\u00e1sicamente, montamos all\u00ed la muestra. Luego vinimos y crecimos la exposici\u00f3n en el propio espacio\u201d, explic\u00f3. <\/p>\n<p> <strong>El resultado es una exhibici\u00f3n que no solo narra una trayectoria, sino que explica un lenguaje visual.<\/strong> <\/p>\n<p> En cada paso, Annie se preocupa por que los fot\u00f3grafos trabajen c\u00f3modamente. Su empat\u00eda con el gremio es palpable. Y al final del recorrido, la sensaci\u00f3n es un\u00e1nime: pocas veces se ve una conexi\u00f3n tan n\u00edtida entre moda y arte. Las primeras semanas ya est\u00e1n agotadas. Habr\u00e1 que esperar a que pase el boom. Pero vale, y mucho, la espera. <\/p>\n<p> Tener frente a ti a una leyenda viva de la fotograf\u00eda ya ser\u00eda, por s\u00ed solo, un privilegio. Pero poder recorrer una exposici\u00f3n guiada por su propia autora es un lujo reservado a muy pocos. Esta ma\u00f1ana, una decena de periodistas espa\u00f1oles \u2014entre ellos Vanitatis\u2014 hemos tenido la oportunidad de acompa\u00f1ar a Annie Leibovitz por la<strong> Fundaci\u00f3n Marta Ortega. La primera mujer que expone en este espacio<\/strong> ya es, desde hoy, parte de su historia. <\/p>\n","protected":false},"excerpt":{"rendered":"Tener frente a ti a una leyenda viva de la fotograf\u00eda ya ser\u00eda, por s\u00ed solo, un privilegio.&hellip;\n","protected":false},"author":2,"featured_media":248181,"comment_status":"","ping_status":"","sticky":false,"template":"","format":"standard","meta":{"footnotes":""},"categories":[173],"tags":[229,233,231,230,232,234,146,147,25,24,23],"class_list":{"0":"post-248180","1":"post","2":"type-post","3":"status-publish","4":"format-standard","5":"has-post-thumbnail","7":"category-arte-y-diseno","8":"tag-arte","9":"tag-arte-y-diseno","10":"tag-arts","11":"tag-arts-and-design","12":"tag-design","13":"tag-diseno","14":"tag-entertainment","15":"tag-entretenimiento","16":"tag-es","17":"tag-espana","18":"tag-spain"},"share_on_mastodon":{"url":"https:\/\/pubeurope.com\/@es\/115588073235124358","error":""},"_links":{"self":[{"href":"https:\/\/www.europesays.com\/es\/wp-json\/wp\/v2\/posts\/248180","targetHints":{"allow":["GET"]}}],"collection":[{"href":"https:\/\/www.europesays.com\/es\/wp-json\/wp\/v2\/posts"}],"about":[{"href":"https:\/\/www.europesays.com\/es\/wp-json\/wp\/v2\/types\/post"}],"author":[{"embeddable":true,"href":"https:\/\/www.europesays.com\/es\/wp-json\/wp\/v2\/users\/2"}],"replies":[{"embeddable":true,"href":"https:\/\/www.europesays.com\/es\/wp-json\/wp\/v2\/comments?post=248180"}],"version-history":[{"count":0,"href":"https:\/\/www.europesays.com\/es\/wp-json\/wp\/v2\/posts\/248180\/revisions"}],"wp:featuredmedia":[{"embeddable":true,"href":"https:\/\/www.europesays.com\/es\/wp-json\/wp\/v2\/media\/248181"}],"wp:attachment":[{"href":"https:\/\/www.europesays.com\/es\/wp-json\/wp\/v2\/media?parent=248180"}],"wp:term":[{"taxonomy":"category","embeddable":true,"href":"https:\/\/www.europesays.com\/es\/wp-json\/wp\/v2\/categories?post=248180"},{"taxonomy":"post_tag","embeddable":true,"href":"https:\/\/www.europesays.com\/es\/wp-json\/wp\/v2\/tags?post=248180"}],"curies":[{"name":"wp","href":"https:\/\/api.w.org\/{rel}","templated":true}]}}