{"id":248188,"date":"2025-11-21T14:10:10","date_gmt":"2025-11-21T14:10:10","guid":{"rendered":"https:\/\/www.europesays.com\/es\/248188\/"},"modified":"2025-11-21T14:10:10","modified_gmt":"2025-11-21T14:10:10","slug":"alessio-lisci-tenemos-que-dar-mas-es-un-partido-muy-importante","status":"publish","type":"post","link":"https:\/\/www.europesays.com\/es\/248188\/","title":{"rendered":"Alessio Lisci: \u201cTenemos que dar m\u00e1s, es un partido muy importante\u201d"},"content":{"rendered":"<p>Alessio Lisci compareci\u00f3 en la rueda de prensa previa al Osasuna \u2013 Real Sociedad y, antes de ceder el turno de preguntas a los periodistas, quiso enviar un mensaje de agradecimiento a todas las personas que hicieron posible que el equipo pudiera ejercitarse sobre el c\u00e9sped de Tajonar pese a la nevada ca\u00edda durante la noche en Tajonar. \u201cQuer\u00eda hacer p\u00fablico y agradecer al club, sobre todo a los jardineros por el trabajo que han hecho entre ayer, esta ma\u00f1ana de madrugada, hoy, para poder entrenar ha sido descomunal. Me apetec\u00eda agradecerles, hacen un trabajo en la sombra incre\u00edble, y cuando las cosas salen as\u00ed de bien hay que decirlo\u201d, expres\u00f3 el italiano.<\/p>\n<p>Sobre el partido de ma\u00f1ana, Lisci analiz\u00f3: \u201cEs un partido importante. Cuando jugamos el \u00faltimo amistoso contra ellos est\u00e1bamos al rev\u00e9s. Nosotros est\u00e1bamos bien, ellos no estaban bien. De un par\u00f3n al otro las cosas cambian. Ahora tenemos que hacer que para que cuando se pare otra vez la liga pues estemos en una situaci\u00f3n buena otra vez, empezando por ma\u00f1ana, evidentemente\u201d. Adem\u00e1s, habl\u00f3 sobre el ambiente que espera ma\u00f1ana en El Sadar: \u201cQu\u00e9 te voy a decir de nuestra afici\u00f3n. No le puedo pedir m\u00e1s. Lo que tenemos que hacer es nosotros dar m\u00e1s. Ma\u00f1ana es un partido muy muy importante y le pedimos que un d\u00eda m\u00e1s est\u00e9n a su nivel y que nos apoyen a lo largo de los noventa minutos, pase lo que pase. No tengo ninguna duda de que lo van a hacer. Cuando termine el partido, a partir de ah\u00ed juzgar\u00e1n si les ha gustado. Pero que en los noventa minutos est\u00e9n con nosotros, que nos apoyen y nos ayuden en los momentos malos, porque va a haber momentos malos o dif\u00edciles, y en los buenos que nos lleven como siempre. No le podemos pedir m\u00e1s a nuestros aficionados, simplemente que est\u00e9n ah\u00ed y nosotros dar de nuestra parte para que est\u00e9n orgullosos de nosotros\u201d.<\/p>\n<p>Sobre la Real Sociedad, reconoci\u00f3 tratarse de un equipo \u201ccon un nivel t\u00e9cnico alt\u00edsimo\u201d. \u201cTienen extremos, delanteros y ochos que te pueden romper presiones y ganarte un partido en cualquier momento. Lo que me preocupa son las situaciones en las que ellos no tienen ventaja, generarte ventaja. Cuando se juega contra los grandes equipos es as\u00ed. Es un aliciente m\u00e1s para estar m\u00e1s concentrados, competir mejor y hacer mejor partido\u201d, asegur\u00f3.<\/p>\n","protected":false},"excerpt":{"rendered":"Alessio Lisci compareci\u00f3 en la rueda de prensa previa al Osasuna \u2013 Real Sociedad y, antes de ceder&hellip;\n","protected":false},"author":2,"featured_media":248189,"comment_status":"","ping_status":"","sticky":false,"template":"","format":"standard","meta":{"footnotes":""},"categories":[93],"tags":[168,25,24,23,167],"class_list":{"0":"post-248188","1":"post","2":"type-post","3":"status-publish","4":"format-standard","5":"has-post-thumbnail","7":"category-deportes","8":"tag-deportes","9":"tag-es","10":"tag-espana","11":"tag-spain","12":"tag-sports"},"share_on_mastodon":{"url":"https:\/\/pubeurope.com\/@es\/115588092804239648","error":""},"_links":{"self":[{"href":"https:\/\/www.europesays.com\/es\/wp-json\/wp\/v2\/posts\/248188","targetHints":{"allow":["GET"]}}],"collection":[{"href":"https:\/\/www.europesays.com\/es\/wp-json\/wp\/v2\/posts"}],"about":[{"href":"https:\/\/www.europesays.com\/es\/wp-json\/wp\/v2\/types\/post"}],"author":[{"embeddable":true,"href":"https:\/\/www.europesays.com\/es\/wp-json\/wp\/v2\/users\/2"}],"replies":[{"embeddable":true,"href":"https:\/\/www.europesays.com\/es\/wp-json\/wp\/v2\/comments?post=248188"}],"version-history":[{"count":0,"href":"https:\/\/www.europesays.com\/es\/wp-json\/wp\/v2\/posts\/248188\/revisions"}],"wp:featuredmedia":[{"embeddable":true,"href":"https:\/\/www.europesays.com\/es\/wp-json\/wp\/v2\/media\/248189"}],"wp:attachment":[{"href":"https:\/\/www.europesays.com\/es\/wp-json\/wp\/v2\/media?parent=248188"}],"wp:term":[{"taxonomy":"category","embeddable":true,"href":"https:\/\/www.europesays.com\/es\/wp-json\/wp\/v2\/categories?post=248188"},{"taxonomy":"post_tag","embeddable":true,"href":"https:\/\/www.europesays.com\/es\/wp-json\/wp\/v2\/tags?post=248188"}],"curies":[{"name":"wp","href":"https:\/\/api.w.org\/{rel}","templated":true}]}}