{"id":248190,"date":"2025-11-21T14:11:10","date_gmt":"2025-11-21T14:11:10","guid":{"rendered":"https:\/\/www.europesays.com\/es\/248190\/"},"modified":"2025-11-21T14:11:10","modified_gmt":"2025-11-21T14:11:10","slug":"un-nuevo-perfil-medico-culpable-del-aumento-de-casos-de-gripe-en-espana","status":"publish","type":"post","link":"https:\/\/www.europesays.com\/es\/248190\/","title":{"rendered":"Un nuevo perfil m\u00e9dico, &#8216;culpable&#8217; del aumento de casos de gripe en Espa\u00f1a"},"content":{"rendered":"<p>\n                                                 Leovigildo Ginel Mendoza, coordinador del Grupo de Trabajo de Respiratorio de Semergen; y Lorenzo Armenteros,  portavoz de SEMG.                                            <\/p>\n<p>                                            <strong>La curva epid\u00e9mica de gripe 2025-2026 ha comenzado antes de lo habitual <\/strong>y ya ha superado la barrera epid\u00e9mica, con incidencias superiores a las registradas en los dos a\u00f1os anteriores. Este adelanto est\u00e1 generando un aumento de consultas en Atenci\u00f3n Primaria, m\u00e1s hospitalizaciones y demanda en Urgencias, especialmente en Pediatr\u00eda y <a href=\"https:\/\/www.redaccionmedica.com\/secciones\/sanidad-hoy\/espana-se-hunde-en-la-cronicidad-ya-hay-6-personas-mayores-por-cada-nino-5170\" title=\"Espa\u00f1a se hunde en la cronicidad: ya hay 6 personas mayores por cada ni\u00f1o\" rel=\"nofollow noopener\" target=\"_blank\">pacientes con patolog\u00edas cr\u00f3nicas<\/a>, que podr\u00eda\u00a0provocar sobrecarga asistencial en diciembre y durante las Navidades.<\/p>\n<p>As\u00ed, Leovigildo Ginel Mendoza, coordinador del Grupo de Trabajo de Respiratorio de la Sociedad Espa\u00f1ola de M\u00e9dicos de Atenci\u00f3n Primaria (Semergen),\u00a0afirma en Redacci\u00f3n M\u00e9dica que \u00abla tasa de s\u00edndrome gripal <strong>ha rebasado el umbral calculado a partir de series hist\u00f3ricas<\/strong>\u00ab. Esta temporada, adem\u00e1s, las incidencias actuales \u00abson superiores a las registradas en las mismas semanas de los dos a\u00f1os previos\u00bb. Esto se basa en \u00abla labor de los <strong>m\u00e9dicos centinelas de Atenci\u00f3n Primaria <\/strong>que toman muestras a pacientes con infecciones respiratorias para determinar el <a href=\"https:\/\/www.redaccionmedica.com\/secciones\/sanidad-hoy\/el-virus-de-marburgo-en-espana-llama-a-activar-guardias-24-7-de-preventiva-1541\" title=\"El virus de Marburgo en Espa\u00f1a llama a activar guardias 24\/7 de Preventiva\" rel=\"nofollow noopener\" target=\"_blank\">virus causante de la infecci\u00f3n<\/a>\u00ab.<\/p>\n<p>De hecho, Lorenzo Armenteros, portavoz de la Sociedad Espa\u00f1ola de M\u00e9dicos Generales y de Familia (SEMG), tambi\u00e9n apunta que durante los \u00faltimos d\u00edas la indicencia ha sido \u00abmucho mayor\u00bb y que \u00ab<strong>el 80 por ciento\u00a0 de la demanda eran procesos respiratorios\u00bb<\/strong>, aunque admite que todav\u00eda \u00abno hay\u00a0certidumbre\u00bb completa de que sea \u00abun inicio precoz\u00bb del pico epid\u00e9mico habitual que se produce en \u00e9pocas m\u00e1s tard\u00edas como en Navidad, \u00abpero podr\u00eda ser\u00bb.<\/p>\n<p>&#13;<br \/>\n\tVariantes del virus de la gripe<br \/>\n<br \/>\nAun as\u00ed, Ginel Mendoza explica que \u00ablos sistemas de vigilancia se\u00f1alan que la onda de infecciones respiratorias agudas y de gripe<strong> se ha adelantado varias semanas respecto a 2024-2025<\/strong>\u00ab. Entre los motivos, destaca que \u00abprobablemente influyen factores clim\u00e1ticos, el cambio de comportamiento poblacional y la modificaci\u00f3n de las diferentes variantes del virus de la gripe que <strong>pueden ser m\u00e1s contagiosas <\/strong>que a\u00f1os anteriores\u00bb. \u00abAunque esto no se puede determinar todav\u00eda\u00bb, reconoce.<\/p>\n<p>En la misma l\u00ednea, Armenteros dice que \u00abpodr\u00eda ser consecuencia de la nueva variante H3N2, que ya est\u00e1 incluida en la vacuna y que puede ser causante de gripe A con una cierta capacidad m\u00e1s infecciosa y haberlo provocado este pico de infecciones, pero habr\u00e1 que esperar unos d\u00edas para podernos asegurar\u00bb. De confirmarse,\u00a0supondr\u00eda \u00abuna<strong> sobrecarga de demanda en todo el mes de diciembre y en la \u00e9poca de las Navidades<\/strong>\u00ab.<\/p>\n<p>&#13;<br \/>\n\tImpacto en Atenci\u00f3n Primaria<br \/>\n<br \/>\nLo que es evidente es que la curva epid\u00e9mica de la gripe ha afectado la Atenci\u00f3n Primaria y la asistencia hospitalaria. Seg\u00fan Ginel Mendoza, \u00abun inicio precoz se traduce en<strong> aumento de consultas por infecciones respiratorias agudas <\/strong>y s\u00edndromes gripales, especialmente en pediatr\u00eda, y mayor demanda de urgencias tanto en los centros de salud como hospitalarias\u00bb. Por esta raz\u00f3n, los centros de salud \u00abest\u00e1n respondiendo con<strong> consultas presenciales<\/strong>, que han ido en aumento, algo de aumento tambi\u00e9n de las bajas laborales cuando el cuadro gripal es importante y refuerzo puntual de agendas y <strong>dispositivos de atenci\u00f3n continuada<\/strong> especialmente para pacientes con patolog\u00edas cr\u00f3nicas y edad avanzada\u00bb.<\/p>\n<p>Y es que advierte que\u00a0<a href=\"https:\/\/www.redaccionmedica.com\/secciones\/sanidad-hoy\/la-gripe-mato-en-2024-2025-a-1-825-personas-y-33-131-fueron-hospitalizadas-7071\" title=\"La gripe mat\u00f3 en 2024\u20132025 a 1.825 personas y 33.131 fueron hospitalizadas\" rel=\"nofollow noopener\" target=\"_blank\">en 2024-2025<\/a>\u00a0la gripe caus\u00f3 \u00abunas\u00a0<strong>1.825 muertes y m\u00e1s de 33.000 hospitalizaciones<\/strong>\u00a0en Espa\u00f1a, por delante de Covid-19 y VRS\u00bb. Para 2025-2026, se\u00f1ala que\u00a0 \u00abla intensidad actual es baja, pero con incremento de hospitalizaciones\u00bb. El \u00abimpacto final\u00bb, asegura, \u00abdepender\u00e1 de<strong>\u00a0la cobertura vacunal, la coincidencia con otros virus<\/strong>\u00a0y la afectaci\u00f3n de mayores y cr\u00f3nicos\u00bb.<\/p>\n<p>Sobre la duraci\u00f3n de la epidemia, comenta que \u00abla temporada pasada el periodo epid\u00e9mico mayor se extendi\u00f3 aproximadamente desde mediados de diciembre a primeros de marzo\u00bb. \u00abSi el inicio se adelanta, <strong>podemos ver un pico m\u00e1s temprano<\/strong>, pero no puede descartarse una meseta prolongada o segundas ondas en funci\u00f3n de la climatolog\u00eda y la movilidad\u00bb, a\u00f1ade el facultativo, que afirma que \u00abno se puede saber con certeza cu\u00e1nto durar\u00e1 la epidemia de gripe este a\u00f1o\u00bb. <strong>\u00abLo esperable es que llegue hasta marzo\u00bb<\/strong>, estima.<\/p>\n<p>&#13;<br \/>\n\tVacunaci\u00f3n y medidas de prevenci\u00f3n<br \/>\n<br \/>\nRespecto a la vacunaci\u00f3n, Armenteros tambi\u00e9n\u00a0punta que \u00ab<strong>se est\u00e1 reduciendo mucho<\/strong> y la poblaci\u00f3n con gripe es poblaci\u00f3n no vacunada\u00bb. En este contexto, advierte de la importancia de la vacunaci\u00f3n en el propio personal sanitario: \u00abSi no estamos vacunados, podemos convertirnos tambi\u00e9n en <strong>vectores de transmisi\u00f3n<\/strong>, l\u00f3gicamente, porque estamos pasando de un paciente a otro\u00bb.<\/p>\n<p>Por eso, en resumen, Ginel Mendoza indica que \u00ab<strong>siguen siendo prioritarios<\/strong> los mayores de 60 a\u00f1os, personas con patolog\u00edas cr\u00f3nicas o inmunodepresi\u00f3n, <strong>embarazadas, residentes<\/strong> en centros sociosanitarios, <a href=\"https:\/\/www.redaccionmedica.com\/secciones\/sanidad-hoy\/seis-de-cada-diez-sanitarios-no-esta-vacunado-contra-la-gripe-2145\" title=\"Seis de cada diez sanitarios no est\u00e1n vacunados contra la gripe\" rel=\"nofollow noopener\" target=\"_blank\">personal sanitario y sociosanitario<\/a>, y otros grupos esenciales\u00bb. Adem\u00e1s, \u00abse consolida la vacunaci\u00f3n sistem\u00e1tica de la infancia de 6-59 meses\u00bb. Aparte, esta temporada se recomiendan \u00ab<strong>campa\u00f1as diferenciadas de gripe y Covid-19<\/strong>, aunque coincidan en oto\u00f1o\u00bb.<\/p>\n<p>Finalmente, sobre las medidas b\u00e1sicas de prevenci\u00f3n, el coordinador del Grupo de Trabajo de Respiratorio de Semergen subraya que. a parte, es fundamental \u00abla ventilaci\u00f3n adecuada de interiores, la higiene de manos frecuente,<strong> la mascarilla en entornos sanitarios, residencias o espacios cerrados<\/strong> concurridos y cuando aparecen s\u00edntomas de infecci\u00f3n respiratoria y el\u00a0<strong>aislamiento domiciliario en cuadros gripales intensos<\/strong>\u00ab.                                        <\/p>\n<p>\n                                            Las informaciones publicadas en Redacci\u00f3n M\u00e9dica contienen afirmaciones, datos y declaraciones procedentes de instituciones oficiales y profesionales sanitarios. No obstante, ante cualquier duda relacionada con su salud, consulte con su especialista sanitario correspondiente.\n                                        <\/p>\n","protected":false},"excerpt":{"rendered":"Leovigildo Ginel Mendoza, coordinador del Grupo de Trabajo de Respiratorio de Semergen; y Lorenzo Armenteros, portavoz de SEMG.&hellip;\n","protected":false},"author":2,"featured_media":248191,"comment_status":"","ping_status":"","sticky":false,"template":"","format":"standard","meta":{"footnotes":""},"categories":[92],"tags":[25,24,165,166,23],"class_list":{"0":"post-248190","1":"post","2":"type-post","3":"status-publish","4":"format-standard","5":"has-post-thumbnail","7":"category-salud","8":"tag-es","9":"tag-espana","10":"tag-health","11":"tag-salud","12":"tag-spain"},"share_on_mastodon":{"url":"https:\/\/pubeurope.com\/@es\/115588096619903730","error":""},"_links":{"self":[{"href":"https:\/\/www.europesays.com\/es\/wp-json\/wp\/v2\/posts\/248190","targetHints":{"allow":["GET"]}}],"collection":[{"href":"https:\/\/www.europesays.com\/es\/wp-json\/wp\/v2\/posts"}],"about":[{"href":"https:\/\/www.europesays.com\/es\/wp-json\/wp\/v2\/types\/post"}],"author":[{"embeddable":true,"href":"https:\/\/www.europesays.com\/es\/wp-json\/wp\/v2\/users\/2"}],"replies":[{"embeddable":true,"href":"https:\/\/www.europesays.com\/es\/wp-json\/wp\/v2\/comments?post=248190"}],"version-history":[{"count":0,"href":"https:\/\/www.europesays.com\/es\/wp-json\/wp\/v2\/posts\/248190\/revisions"}],"wp:featuredmedia":[{"embeddable":true,"href":"https:\/\/www.europesays.com\/es\/wp-json\/wp\/v2\/media\/248191"}],"wp:attachment":[{"href":"https:\/\/www.europesays.com\/es\/wp-json\/wp\/v2\/media?parent=248190"}],"wp:term":[{"taxonomy":"category","embeddable":true,"href":"https:\/\/www.europesays.com\/es\/wp-json\/wp\/v2\/categories?post=248190"},{"taxonomy":"post_tag","embeddable":true,"href":"https:\/\/www.europesays.com\/es\/wp-json\/wp\/v2\/tags?post=248190"}],"curies":[{"name":"wp","href":"https:\/\/api.w.org\/{rel}","templated":true}]}}