{"id":248192,"date":"2025-11-21T14:12:09","date_gmt":"2025-11-21T14:12:09","guid":{"rendered":"https:\/\/www.europesays.com\/es\/248192\/"},"modified":"2025-11-21T14:12:09","modified_gmt":"2025-11-21T14:12:09","slug":"autores-de-novela-negra-nacionales-e-internacionales-se-dan-cita-en-lalfas-desde-este-viernes-hasta-el-domingo","status":"publish","type":"post","link":"https:\/\/www.europesays.com\/es\/248192\/","title":{"rendered":"Autores de novela negra nacionales e internacionales se dan cita en l\u00b4Alf\u00e0s desde este viernes hasta el domingo"},"content":{"rendered":"<p>Festival Tinta y Crimen <\/p>\n<p>El primer <b>Festival Tinta y Crimen<\/b>, se desarrolla del <b>21 al 23 de noviembre en el Espai Cultural Escoles Velles<\/b>. Organizado por la Asociaci\u00f3n Literaria Antaviana, en colaboraci\u00f3n con la concejal\u00eda de Cultura, el evento reune a destacados autores nacionales e internacionales, ofreciendo charlas, mesas redondas, presentaciones de libros y encuentros literarios en Onda Cero Marina Baixa hemos entrevistado a la escritora <b>Paz Castell\u00f3<\/b> y al autor <b>Santiago D\u00edaz<\/b><\/p>\n<p class=\"articleSignature-name\"> Onda Cero Marina Baixa <\/p>\n<p class=\"articleSignature-datecontent\">Alfaz del PI | <strong>21.11.2025 14:58 <\/strong><\/p>\n","protected":false},"excerpt":{"rendered":"Festival Tinta y Crimen El primer Festival Tinta y Crimen, se desarrolla del 21 al 23 de noviembre&hellip;\n","protected":false},"author":2,"featured_media":248193,"comment_status":"","ping_status":"","sticky":false,"template":"","format":"standard","meta":{"footnotes":""},"categories":[91],"tags":[146,147,25,24,23],"class_list":{"0":"post-248192","1":"post","2":"type-post","3":"status-publish","4":"format-standard","5":"has-post-thumbnail","7":"category-entretenimiento","8":"tag-entertainment","9":"tag-entretenimiento","10":"tag-es","11":"tag-espana","12":"tag-spain"},"share_on_mastodon":{"url":"https:\/\/pubeurope.com\/@es\/115588100617821007","error":""},"_links":{"self":[{"href":"https:\/\/www.europesays.com\/es\/wp-json\/wp\/v2\/posts\/248192","targetHints":{"allow":["GET"]}}],"collection":[{"href":"https:\/\/www.europesays.com\/es\/wp-json\/wp\/v2\/posts"}],"about":[{"href":"https:\/\/www.europesays.com\/es\/wp-json\/wp\/v2\/types\/post"}],"author":[{"embeddable":true,"href":"https:\/\/www.europesays.com\/es\/wp-json\/wp\/v2\/users\/2"}],"replies":[{"embeddable":true,"href":"https:\/\/www.europesays.com\/es\/wp-json\/wp\/v2\/comments?post=248192"}],"version-history":[{"count":0,"href":"https:\/\/www.europesays.com\/es\/wp-json\/wp\/v2\/posts\/248192\/revisions"}],"wp:featuredmedia":[{"embeddable":true,"href":"https:\/\/www.europesays.com\/es\/wp-json\/wp\/v2\/media\/248193"}],"wp:attachment":[{"href":"https:\/\/www.europesays.com\/es\/wp-json\/wp\/v2\/media?parent=248192"}],"wp:term":[{"taxonomy":"category","embeddable":true,"href":"https:\/\/www.europesays.com\/es\/wp-json\/wp\/v2\/categories?post=248192"},{"taxonomy":"post_tag","embeddable":true,"href":"https:\/\/www.europesays.com\/es\/wp-json\/wp\/v2\/tags?post=248192"}],"curies":[{"name":"wp","href":"https:\/\/api.w.org\/{rel}","templated":true}]}}