{"id":248197,"date":"2025-11-21T14:15:12","date_gmt":"2025-11-21T14:15:12","guid":{"rendered":"https:\/\/www.europesays.com\/es\/248197\/"},"modified":"2025-11-21T14:15:12","modified_gmt":"2025-11-21T14:15:12","slug":"al-menos-5-muertos-en-un-ataque-ruso-con-una-bomba-planeadora-en-el-sur-de-ucrania","status":"publish","type":"post","link":"https:\/\/www.europesays.com\/es\/248197\/","title":{"rendered":"Al menos 5 muertos en un ataque ruso con una bomba planeadora en el sur de Ucrania"},"content":{"rendered":"<p>\n                    Publicado                 21\/11\/2025 &#8211; 14:19 CET<br \/>\n                \u2022Ultima actualizaci\u00f3n<br \/>\n                                     15:05\n                                        <\/p>\n<p>Al menos <strong>cinco personas han muerto<\/strong> despu\u00e9s de que una bomba planeadora rusa impactara en un barrio residencial de la <a href=\"https:\/\/es.euronews.com\/tag\/zaporizhia\" rel=\"nofollow noopener\" target=\"_blank\">ciudad ucraniana de Zaporiyia<\/a>, en el sur del pa\u00eds, seg\u00fan informaron el viernes las autoridades, mientras las fuerzas rusas siguen golpeando zonas civiles.<\/p>\n<p>Una bomba planeadora de gran potencia da\u00f1\u00f3 varios bloques de viviendas de gran altura y destruy\u00f3 un mercado local, en lo que supone <strong>el tercer ataque de este tipo<\/strong> en la ciudad desde que comenz\u00f3 la guerra, seg\u00fan el jefe de la administraci\u00f3n militar regional, Ivan Fedorov.<\/p>\n<p>La potencia destructiva de las bombas planeadoras, <strong>un arma sovi\u00e9tica adaptada lanzada por aviones rusos<\/strong> que vuelan a gran altitud, lleva meses arrasando las ciudades del frente en Ucrania. Ucrania carece de contramedidas eficaces frente a ellas.<\/p>\n<p>Un ataque ruso con drones contra la ciudad de Odesa, en el sur del pa\u00eds, alcanz\u00f3 tambi\u00e9n <strong>una zona residencial durante la noche<\/strong> e hiri\u00f3 a cinco personas.<\/p>\n<p>Los ataques nocturnos llegaron dos d\u00edas despu\u00e9s de que <strong>una andanada de drones y misiles rusos<\/strong> impactara contra la ciudad occidental ucraniana de Tern\u00f3pil, causando la muerte de 31 personas, entre ellas seis ni\u00f1os. 94 personas resultaron heridas. <\/p>\n<p>Todo el oeste de Ucrania fue alcanzado por <strong>un ataque combinado que incluy\u00f3 varios tipos de armamento a\u00e9reo<\/strong>, entre ellos misiles X-101, misiles Kalibr y un misil bal\u00edstico, seg\u00fan las autoridades.<\/p>\n<p>Los servicios de emergencia se\u00f1alan que <strong>13 personas siguen desaparecidas despu\u00e9s de que el ataque derribara las plantas superiores<\/strong> de varios bloques de apartamentos y provocara incendios.<\/p>\n<p>Mosc\u00fa ha intensificado de forma significativa <a href=\"https:\/\/es.euronews.com\/my-europe\/2024\/11\/08\/rusia-intensifica-sus-ataques-aereos-sobre-ucrania\" rel=\"nofollow noopener\" target=\"_blank\"><strong>sus ataques a\u00e9reos contra Ucrania<\/strong><\/a> en los \u00faltimos meses, centrados en infraestructuras energ\u00e9ticas y otros objetivos civiles. En muchas ciudades de Ucrania, los civiles se han visto obligados a soportar m\u00e1s de 15 horas al d\u00eda sin electricidad, con el fr\u00edo cada vez m\u00e1s intenso y la llegada del invierno.<\/p>\n<p>Fuentes adicionales<strong> \u2022 AP<\/strong><\/p>\n","protected":false},"excerpt":{"rendered":"Publicado 21\/11\/2025 &#8211; 14:19 CET \u2022Ultima actualizaci\u00f3n 15:05 Al menos cinco personas han muerto despu\u00e9s de que una&hellip;\n","protected":false},"author":2,"featured_media":248198,"comment_status":"","ping_status":"","sticky":false,"template":"","format":"standard","meta":{"footnotes":""},"categories":[42],"tags":[17,18,352,13,14,7419,11,61,62,63,64,19,20,9,10,15,16,7354,12,7081,21,22,14181,65,66,67],"class_list":{"0":"post-248197","1":"post","2":"type-post","3":"status-publish","4":"format-standard","5":"has-post-thumbnail","7":"category-internacional","8":"tag-breaking-news","9":"tag-breakingnews","10":"tag-donald-trump","11":"tag-featured-news","12":"tag-featurednews","13":"tag-guerra-en-ucrania","14":"tag-headlines","15":"tag-internacional","16":"tag-international","17":"tag-international-news","18":"tag-internationalnews","19":"tag-latest-news","20":"tag-latestnews","21":"tag-news","22":"tag-noticias","23":"tag-noticias-destacadas","24":"tag-noticiasdestacadas","25":"tag-rusia-ucrania-invasion","26":"tag-titulares","27":"tag-ucrania","28":"tag-ultimas-noticias","29":"tag-ultimasnoticias","30":"tag-volodimir-zelenski","31":"tag-world","32":"tag-world-news","33":"tag-worldnews"},"share_on_mastodon":{"url":"","error":""},"_links":{"self":[{"href":"https:\/\/www.europesays.com\/es\/wp-json\/wp\/v2\/posts\/248197","targetHints":{"allow":["GET"]}}],"collection":[{"href":"https:\/\/www.europesays.com\/es\/wp-json\/wp\/v2\/posts"}],"about":[{"href":"https:\/\/www.europesays.com\/es\/wp-json\/wp\/v2\/types\/post"}],"author":[{"embeddable":true,"href":"https:\/\/www.europesays.com\/es\/wp-json\/wp\/v2\/users\/2"}],"replies":[{"embeddable":true,"href":"https:\/\/www.europesays.com\/es\/wp-json\/wp\/v2\/comments?post=248197"}],"version-history":[{"count":0,"href":"https:\/\/www.europesays.com\/es\/wp-json\/wp\/v2\/posts\/248197\/revisions"}],"wp:featuredmedia":[{"embeddable":true,"href":"https:\/\/www.europesays.com\/es\/wp-json\/wp\/v2\/media\/248198"}],"wp:attachment":[{"href":"https:\/\/www.europesays.com\/es\/wp-json\/wp\/v2\/media?parent=248197"}],"wp:term":[{"taxonomy":"category","embeddable":true,"href":"https:\/\/www.europesays.com\/es\/wp-json\/wp\/v2\/categories?post=248197"},{"taxonomy":"post_tag","embeddable":true,"href":"https:\/\/www.europesays.com\/es\/wp-json\/wp\/v2\/tags?post=248197"}],"curies":[{"name":"wp","href":"https:\/\/api.w.org\/{rel}","templated":true}]}}