{"id":248204,"date":"2025-11-21T14:25:09","date_gmt":"2025-11-21T14:25:09","guid":{"rendered":"https:\/\/www.europesays.com\/es\/248204\/"},"modified":"2025-11-21T14:25:09","modified_gmt":"2025-11-21T14:25:09","slug":"lebron-james-se-sincera-sobre-la-relacion-con-su-hijo-bronny-ya-no-hablamos-tanto","status":"publish","type":"post","link":"https:\/\/www.europesays.com\/es\/248204\/","title":{"rendered":"LeBron James se sincera sobre la relaci\u00f3n con su hijo Bronny: \u00abYa no hablamos tanto\u00bb"},"content":{"rendered":"<p class=\"ft-text\"><strong>LeBron James<\/strong>\u00a0es considerado uno de los mejores jugadores de baloncesto de la historia, y su trayectoria lo respalda. A lo largo de su carrera, el deportista <strong>ha ganado el t\u00edtulo de la NBA en cuatro ocasiones, las mismas veces que ha sido nombrado MVP <\/strong>de la temporada regular.<\/p>\n<p class=\"ft-text\">El pasado mi\u00e9rcoles, el estadounidense <strong>debut\u00f3 en su octava temporada con Los \u00c1ngeles Lakers y en la n\u00famero 23 de su carrera en la NBA<\/strong>, convirti\u00e9ndose en el primer jugador de la historia en disputar tantas temporadas.<\/p>\n<p class=\"ft-text\">Aunque el equipo ya llevaba 14 partidos, el &#8216;Rey&#8217; se incorpor\u00f3 m\u00e1s tarde debido a una<strong> lesi\u00f3n en el nervio ci\u00e1tico de la pierna derecha. <\/strong><\/p>\n<p class=\"ft-text\">La estrella de los Lakers <strong>se reencontr\u00f3 en la cancha con su hijo Bronny,<\/strong> ya que hace poco m\u00e1s de un a\u00f1o hicieron historia en la NBA al convertirse en el <strong>primer d\u00fao padre e hijo en jugar juntos un partido.<\/strong><\/p>\n<p class=\"ft-text\">Tras el encuentro frente a los Utah Jazz, el veterano de 40 a\u00f1os habl\u00f3 sobre su descendiente: \u00abHa sido genial verlo, observarlo. Y <strong>todav\u00eda es joven, obviamente acaba de cumplir 21 a\u00f1os. Contin\u00faa aprendiendo y mejorando con cada oportunidad\u00bb.<\/strong><\/p>\n<p class=\"ft-text\">LeBron James tambi\u00e9n <strong>se sincer\u00f3 sobre su relaci\u00f3n actual con Bronny<\/strong>, admitiendo que, aunque son compa\u00f1eros de equipo,<strong> ya no mantienen la misma comunicaci\u00f3n<\/strong> que hace unos meses.<\/p>\n<p class=\"ft-text\"><strong>\u00abCreo que est\u00e1 disfrutando del proceso, pero es mejor preguntarle a \u00e9l que a m\u00ed. Ya no vive en casa, as\u00ed que no hablamos tanto;<\/strong> ahora tiene su propio espacio\u00bb, declar\u00f3 el jugador de baloncesto.<\/p>\n","protected":false},"excerpt":{"rendered":"LeBron James\u00a0es considerado uno de los mejores jugadores de baloncesto de la historia, y su trayectoria lo respalda.&hellip;\n","protected":false},"author":2,"featured_media":248205,"comment_status":"","ping_status":"","sticky":false,"template":"","format":"standard","meta":{"footnotes":""},"categories":[269],"tags":[299,298,168,25,24,256,30,13783,10594,5678,5977,9474,23,167],"class_list":{"0":"post-248204","1":"post","2":"type-post","3":"status-publish","4":"format-standard","5":"has-post-thumbnail","7":"category-baloncesto","8":"tag-baloncesto","9":"tag-basketball","10":"tag-deportes","11":"tag-es","12":"tag-espana","13":"tag-famosos","14":"tag-hijo","15":"tag-james","16":"tag-lebron","17":"tag-lebron-james","18":"tag-relacion","19":"tag-sincera","20":"tag-spain","21":"tag-sports"},"share_on_mastodon":{"url":"https:\/\/pubeurope.com\/@es\/115588151868045487","error":""},"_links":{"self":[{"href":"https:\/\/www.europesays.com\/es\/wp-json\/wp\/v2\/posts\/248204","targetHints":{"allow":["GET"]}}],"collection":[{"href":"https:\/\/www.europesays.com\/es\/wp-json\/wp\/v2\/posts"}],"about":[{"href":"https:\/\/www.europesays.com\/es\/wp-json\/wp\/v2\/types\/post"}],"author":[{"embeddable":true,"href":"https:\/\/www.europesays.com\/es\/wp-json\/wp\/v2\/users\/2"}],"replies":[{"embeddable":true,"href":"https:\/\/www.europesays.com\/es\/wp-json\/wp\/v2\/comments?post=248204"}],"version-history":[{"count":0,"href":"https:\/\/www.europesays.com\/es\/wp-json\/wp\/v2\/posts\/248204\/revisions"}],"wp:featuredmedia":[{"embeddable":true,"href":"https:\/\/www.europesays.com\/es\/wp-json\/wp\/v2\/media\/248205"}],"wp:attachment":[{"href":"https:\/\/www.europesays.com\/es\/wp-json\/wp\/v2\/media?parent=248204"}],"wp:term":[{"taxonomy":"category","embeddable":true,"href":"https:\/\/www.europesays.com\/es\/wp-json\/wp\/v2\/categories?post=248204"},{"taxonomy":"post_tag","embeddable":true,"href":"https:\/\/www.europesays.com\/es\/wp-json\/wp\/v2\/tags?post=248204"}],"curies":[{"name":"wp","href":"https:\/\/api.w.org\/{rel}","templated":true}]}}