{"id":248206,"date":"2025-11-21T14:26:10","date_gmt":"2025-11-21T14:26:10","guid":{"rendered":"https:\/\/www.europesays.com\/es\/248206\/"},"modified":"2025-11-21T14:26:10","modified_gmt":"2025-11-21T14:26:10","slug":"la-debilidad-blanca-de-sarabia-arda-guler-me-parece-descomunal","status":"publish","type":"post","link":"https:\/\/www.europesays.com\/es\/248206\/","title":{"rendered":"La debilidad blanca de Sarabia: \u201cArda G\u00fcler me parece descomunal\u201d"},"content":{"rendered":"<p class=\"\"><b>Eder Sarabia <\/b>tiene un sue\u00f1o: \u201cEstamos aqu\u00ed para hacer historia, que dentro de 80 a\u00f1os se recuerde a este Elche\u201c. El t\u00e9cnico afronta el duelo contra el Real Madrid con ilusi\u00f3n y ambici\u00f3n, con intenci\u00f3n de que su equipo demuestre sus constantes vitales y sepa leer el partido para minimizar \u201dlas muchas virtudes\u00bb que tiene el conjunto de Xabi Alonso. De todo el elenco de jugadores blancos, una debilidad: \u201cArda G\u00fcler me parece descomunal\u201d <\/p>\n<p class=\"\"><b>\u00bfSe le puede ganar al Real Madrid? <\/b><\/p>\n<p class=\"\">Como dijimos el d\u00eda del Barcelona, seguramente en la Liga van a quedar por delante de nosotros, si jugamos varios partidos, lo normal es que ellos ganen m\u00e1s&#8230; pero a un partido, en nuestra gente, con nuestras armas y determinaci\u00f3n, por supuesto que puede pasar. La energ\u00eda que transmite el equipo y la que sentimos desde fuera es que vamos a plantarles cara y ponerles en dificultades, tenemos recursos para ello. Vamos a necesitar un partido casi perfecto y nos lo creemos. Estamos en un gran momento individual y colectivo y recuperamos a pr\u00e1cticamente todos los jugadores. Vamos a poner nuestra mejor versi\u00f3n para hacer algo hist\u00f3rico. <\/p>\n<p><a href=\"https:\/\/as.com\/resultados\/ficha\/equipo\/elche\/121\/\" rel=\"nofollow noopener\" target=\"_blank\"><img decoding=\"async\" src=\"https:\/\/www.europesays.com\/es\/wp-content\/uploads\/2025\/11\/1763735170_597_121.png\" alt=\"La debilidad blanca de Sarabia: \u201cArda G\u00fcler me parece descomunal\u201d\" height=\"80\" width=\"80\"  loading=\"lazy\" data-error-image=\"https:\/\/static.as.com\/dist\/resources\/images\/placeholder-team.png\"\/><\/a><\/p>\n<p class=\"\">\u00bfQu\u00e9 bajas tiene? <\/p>\n<p class=\"\">En principio Josan, porque no sab\u00edamos muy bien de d\u00f3nde le ven\u00eda una molestia que ten\u00eda en la pierna y al final parece que s\u00ed tiene una lesi\u00f3n muscular. Lo dem\u00e1s est\u00e1n bien y eso es buena se\u00f1al, porque vamos a <\/p>\n<p class=\"\"><b>Por el estilo del Elche, \u00bfel Madrid es peor rival que el Barcelona?<\/b><\/p>\n<p class=\"\">Es diferente y por eso nosotros vamos a hacer tambi\u00e9n cosas diferentes. La valent\u00eda, la esencia, el querer atacar, el querer recuperar la pelota&#8230; siempre va a estar ah\u00ed. Pero hay que hacerlo desde el plan que entendemos que es mejor para enfrentarnos al Real Madrid. Pero es como siempre lo hacemos. Gran parte es lo nuestro pero parte tambi\u00e9n es del an\u00e1lisis del rival. No s\u00e9 si es mejor o peor. Hemos aprendido cosas de ese partido contra el Barcelona, del partido contra la Real Sociedad&#8230; vamos trabajando cada semana cosas hasta trazar un plan definitivo. Es diferente, muy bonito, un reto grande. Pero la Primera Divisi\u00f3n es lo que tiene. Cada d\u00eda es un reto. A nivel de glamour quiz\u00e1s el Madrid es especial y a nivel individual y colectivo, tambi\u00e9n. Pero hay que afrontar cada reto que vamos a tener. <\/p>\n<p class=\"\"><b>\u00bfC\u00f3mo se puede parar a sus individuales? <\/b><\/p>\n<p class=\"\">Lo que decimos siempre. Lo primero es lo previo a que ellos reciban y despu\u00e9s analizar c\u00f3mo frenarles cuando ya han recibido. En ocasiones haremos uno por uno como nos gusta, en otras tener m\u00e1s ayudas&#8230; Habr\u00e1 veces que intentaremos orientar el juego a zonas en las que nos puedan interesar m\u00e1s. Hemos visto a diferentes equipos con diferentes ideas. Y lo que se suele decir, que no tengan el d\u00eda m\u00e1s inspirado. <\/p>\n<blockquote class=\"a_q\">\n<p>A nivel de glamour quiz\u00e1s el Madrid es especial y a nivel individual y colectivo, tambi\u00e9n\u00bb <\/p>\n<p>Sarabia<\/p><\/blockquote>\n<p class=\"\"><b>\u00bfC\u00f3mo se trabaja estos partidos a nivel psicol\u00f3gico? <\/b><\/p>\n<p class=\"\">Lo mental no es un tema de un d\u00eda. Si hoy no nos sinti\u00e9ramos fuertes por la trayectoria que traemos, si vini\u00e9ramos siendo un equipo al que los rivales le superan constantemente&#8230; pues ser\u00eda contarles una pel\u00edcula a los jugadores y al primer golpe se vendr\u00edan abajo. Todo eso tiene que ver con el proceso, con transmitirles que en el f\u00fatbol por momentos puedes no ser superior, pero en una acci\u00f3n cambiar la situaci\u00f3n. Se trata de reforzar lo que venimos haciendo, de demostr\u00e1rselo y que ellos lo hayan sentido previamente. El partido contra el Barcelona nos dio otra dimensi\u00f3n. En una reuni\u00f3n en pretemporada, en la que todos ten\u00edamos dudas porque no ven\u00edan refuerzos y los resultados en verano no eran buenos&#8230; pero todo eso lo hemos ido tirando abajo y nos hemos ido sintiendo m\u00e1s poderosos. <\/p>\n<p class=\"\"><b>\u00bfC\u00f3mo mantendr\u00e1 el plan del equipo? <\/b><\/p>\n<p class=\"\">Cada partido es diferente. A veces hay ciertos partidos que a todos nos genera un poco m\u00e1s y los entrenadores tenemos que ser equilibrados en eso, porque a veces quieres dar demasiada informaci\u00f3n. Ahora hemos tenido dos semanas, aunque la semana pasada fueron entrenamientos de conceptos generales y esta semana hemos sido m\u00e1s rigurosos en el partido. Pero en el f\u00fatbol tienes tanta informaci\u00f3n que podr\u00edamos volverte t\u00fa loco y volver loco a los jugadores. As\u00ed que hay que saber equilibrar el mensaje, la informaci\u00f3n, los v\u00eddeos y no pasarte, aunque como le dije el otro d\u00eda a los jugadores: \u2018Estamos aqu\u00ed para hacer historiaT\u2019. <\/p>\n<blockquote class=\"a_q\">\n<p>Tenemos que saber la lectura que tiene el partido en cada momento\u00bb<\/p>\n<p>Sarabia<\/p><\/blockquote>\n<p class=\"\"><b>\u00bfCu\u00e1les cree que ser\u00e1n las claves? <\/b><\/p>\n<p class=\"\">Vamos a ver qu\u00e9 bajas pueden tener ellos, porque eso puede condicionar. Y luego lo que hagamos en cada momento lo hagamos muy convencidos, con toda la intenci\u00f3n y con todos en una misma idea. Saber la lectura que tiene el partido en cada momento y desarrollarlo como si todos fu\u00e9ramos uno. <\/p>\n<p class=\"\"><b>\u00bfCree que los \u00e1rbitros tienen m\u00e1s miedo de equivocarse en contra del Real Madrid o Barcelona? <\/b><\/p>\n<p class=\"\">Ellos est\u00e1 claro que tambi\u00e9n se la juegan mucho en cada partido. Ellos tambi\u00e9n tienen un estatus y su nivel. Ellos tambi\u00e9n quieren mantenerse en Primera y no quieren fallar. Adem\u00e1s ellos est\u00e1n muy expuestos, porque en este pa\u00eds la pol\u00e9mica alrededor de los \u00e1rbitros existe. Con todo eso, como seres humanos, seguramente no quieren fallar en contra del Real Madrid o Barcelona, porque tiene m\u00e1s repercusi\u00f3n que si lo hacen contra un Elche. Lo \u00fanico que deseo es que entiendan los partidos por d\u00f3nde van, lo que cada equipo propone y en la medida de lo posible pasen desapercibidos. Si el domingo no hablamos del \u00e1rbitro, ser\u00e1 buena se\u00f1al. <\/p>\n<blockquote class=\"a_q\">\n<p>Los \u00e1rbitros seguramente no quieren fallar en contra del Real Madrid o Barcelona por la repercusi\u00f3n que tiene\u00bb <\/p>\n<p>Sarabia<\/p><\/blockquote>\n<p class=\"\"><b>\u00bfHay f\u00f3rmula para evitar que Vinicius y Mbapp\u00e9 puedan correr al espacio?<\/b><\/p>\n<p class=\"\">Lo primero es que tenemos uno de los campos m\u00e1s largos de Espa\u00f1a. El otro d\u00eda dec\u00eda que igual hab\u00eda que recortarlo un poco, porque ve\u00eda el partido de Vallecas e influye. Pero tambi\u00e9n nos sirven esos metros cuadrados de m\u00e1s para tener nosotros m\u00e1s espacios para distribuir el bal\u00f3n. As\u00ed que lo que dec\u00eda antes, hay que entender cada acci\u00f3n, saber d\u00f3nde no queremos perderla, c\u00f3mo no queremos quedarnos tras p\u00e9rdida&#8230; es un partido para saber qu\u00e9 cosas no queremos que pasen y hacia qu\u00e9 cosas queremos llevar el partido. <\/p>\n<p class=\"\"><b>\u00bfLe preocupa el arbitraje? <\/b><\/p>\n<p class=\"\">No. No. Ni lo he pensado. No pierdo ni medio segundo antes. Es verdad que el delegado luego nos pasa informaci\u00f3n, que hay que saber cu\u00e1l es el estilo del \u00e1rbitro, porque tambi\u00e9n hay estilos diferentes. Pero previamente no le dedico m\u00e1s que el tiempo necesario para saber qu\u00e9 estilo tiene el \u00e1rbitro.<\/p>\n<p class=\"\"><b>\u00bfC\u00f3mo ha visto a Rodrigo Mendoza tras su vuelta de la Sub\u201921 y los rumores sobre su situaci\u00f3n en el mercado? <\/b><\/p>\n<p class=\"\">Antes de jugar contra Ruman\u00eda, me escribi\u00f3 y me dijo que estaba muy bien. No han sido partidos de una exigencia muy grande y \u00e9l quer\u00eda estar aqu\u00ed desde el mismo momento que acab\u00f3 la concentraci\u00f3n. Estamos encantados de que siga creciendo en la selecci\u00f3n, donde est\u00e1 a\u00f1adiendo virtudes y est\u00e1 rodeado de grand\u00edsimos jugadores y de un buen ambiente. A partir de ah\u00ed, con naturalidad su vuelta y su integraci\u00f3n. Ma\u00f1ana estar\u00e1 ya al cien por cien. Y respecto a los rumores, \u00e9l est\u00e1 bien amueblado y rodeado. Si alguien quiere a Rodrigo, que pague mucho dinero y ya veremos si sale o no. <\/p>\n<p class=\"\"><b>\u00bfTiene alguna debilidad con alg\u00fan jugador del Madrid? <\/b><\/p>\n<p class=\"\">Empezando por el portero, que espero que no sea el m\u00e1s destacado como lo ha sido \u00faltimamente. Seguramente Mbapp\u00e9 es el jugador m\u00e1s a tener en cuenta por ese acierto que tiene de cara al gol, pero son todos buen\u00edsimos. Vinicius me parece una barbaridad. Como debilidad&#8230; Arda G\u00fcller me parece un jugador descomunal. <\/p>\n<p class=\"\"><b>En la porter\u00eda, \u00bfDituro o I\u00f1aki Pe\u00f1a?<\/b><\/p>\n<p class=\"\">Pues es casi lo \u00fanico que no tengo decidido. Lo dem\u00e1s lo tengo bastante claro. <\/p>\n<p class=\"\"><b>\u00bfQu\u00e9 imagen le gustar\u00eda que dejara el Elche? <\/b><\/p>\n<p>Noticias relacionadas<\/p>\n<p class=\"\">Antes de empezar el partido contra el Barcelona les dije que no estamos aqu\u00ed para que hablen bien de nosotros, que es bonito y est\u00e1 bien, s\u00ed, pero a la gente le gusta ver al Elche y creo que somos referencia en algunas cosas. No me las atribuyo a m\u00ed porque estos jugadores me han ense\u00f1ado muchas cosas y parte de lo que estamos haciendo ya estaba aqu\u00ed inculcado de antes o lo tra\u00edan los jugadores que han ido llegando. Est\u00e1 bien que hablen de uno, que digan que este equipo tiene una identidad y que es valiente&#8230; pero lo que queremos es ganar, no que hablen de nosotros. Lo que nos gustar\u00eda que dijeran es que hemos hecho historia y que estamos aqu\u00ed para que dentro de 80 a\u00f1os se nos recuerde como un equipo que logr\u00f3 cosas importantes. <\/p>\n<p class=\"\"><b>\u00a1Tus opiniones importan!<\/b> Comenta en los art\u00edculos y suscr\u00edbete gratis a nuestra <a href=\"https:\/\/asfan.as.com\/newsletters\/\" target=\"_blank\" rel=\"nofollow noopener\" title=\"https:\/\/asfan.as.com\/newsletters\/\">newsletter<\/a> y a las alertas informativas en la <a href=\"https:\/\/as.com\/aplicacion-de-as-n\/\" target=\"_blank\" rel=\"nofollow noopener\" title=\"https:\/\/as.com\/aplicacion-de-as-n\/\">App<\/a> o el canal de <a href=\"https:\/\/www.whatsapp.com\/channel\/0029VaAasdA7j6g745nz9M10\" target=\"_blank\" rel=\"nofollow noopener\" title=\"https:\/\/www.whatsapp.com\/channel\/0029VaAasdA7j6g745nz9M10\">WhatsApp<\/a>. \u00bfBuscas licenciar contenido? Haz clic <a href=\"https:\/\/profesional.elpais.com\/soluciones-sindicacion?utm_medium=interno&amp;utm_source=crosslinking&amp;utm_campaign=sindicacion_as_pie_articulos\" target=\"_blank\" rel=\"nofollow noopener\" title=\"https:\/\/profesional.elpais.com\/soluciones-sindicacion?utm_medium=interno&amp;utm_source=crosslinking&amp;utm_campaign=sindicacion_as_pie_articulos\">aqu\u00ed<\/a><\/p>\n","protected":false},"excerpt":{"rendered":"Eder Sarabia tiene un sue\u00f1o: \u201cEstamos aqu\u00ed para hacer historia, que dentro de 80 a\u00f1os se recuerde a&hellip;\n","protected":false},"author":2,"featured_media":248207,"comment_status":"","ping_status":"","sticky":false,"template":"","format":"standard","meta":{"footnotes":""},"categories":[268],"tags":[168,25,24,280,282,281,23,167],"class_list":{"0":"post-248206","1":"post","2":"type-post","3":"status-publish","4":"format-standard","5":"has-post-thumbnail","7":"category-futbol","8":"tag-deportes","9":"tag-es","10":"tag-espana","11":"tag-football","12":"tag-futbol","13":"tag-soccer","14":"tag-spain","15":"tag-sports"},"share_on_mastodon":{"url":"https:\/\/pubeurope.com\/@es\/115588155996198575","error":""},"_links":{"self":[{"href":"https:\/\/www.europesays.com\/es\/wp-json\/wp\/v2\/posts\/248206","targetHints":{"allow":["GET"]}}],"collection":[{"href":"https:\/\/www.europesays.com\/es\/wp-json\/wp\/v2\/posts"}],"about":[{"href":"https:\/\/www.europesays.com\/es\/wp-json\/wp\/v2\/types\/post"}],"author":[{"embeddable":true,"href":"https:\/\/www.europesays.com\/es\/wp-json\/wp\/v2\/users\/2"}],"replies":[{"embeddable":true,"href":"https:\/\/www.europesays.com\/es\/wp-json\/wp\/v2\/comments?post=248206"}],"version-history":[{"count":0,"href":"https:\/\/www.europesays.com\/es\/wp-json\/wp\/v2\/posts\/248206\/revisions"}],"wp:featuredmedia":[{"embeddable":true,"href":"https:\/\/www.europesays.com\/es\/wp-json\/wp\/v2\/media\/248207"}],"wp:attachment":[{"href":"https:\/\/www.europesays.com\/es\/wp-json\/wp\/v2\/media?parent=248206"}],"wp:term":[{"taxonomy":"category","embeddable":true,"href":"https:\/\/www.europesays.com\/es\/wp-json\/wp\/v2\/categories?post=248206"},{"taxonomy":"post_tag","embeddable":true,"href":"https:\/\/www.europesays.com\/es\/wp-json\/wp\/v2\/tags?post=248206"}],"curies":[{"name":"wp","href":"https:\/\/api.w.org\/{rel}","templated":true}]}}