{"id":248208,"date":"2025-11-21T14:27:09","date_gmt":"2025-11-21T14:27:09","guid":{"rendered":"https:\/\/www.europesays.com\/es\/248208\/"},"modified":"2025-11-21T14:27:09","modified_gmt":"2025-11-21T14:27:09","slug":"sus-palabras-de-orgullo-revelando-a-que-se-dedican","status":"publish","type":"post","link":"https:\/\/www.europesays.com\/es\/248208\/","title":{"rendered":"sus palabras de orgullo revelando a qu\u00e9 se dedican"},"content":{"rendered":"<p id=\"elx953AiZ_\" data-wc=\"98\">Judit Masc\u00f3 es una de las modelos espa\u00f1olas que han conseguido llegar hasta el olimpio, siendo una de las tops de los 90 que ha dejado huella en el mundo de la moda. Y, aunque sus hijas no siguen -al menos por el momento- sus pasos en este \u00e1mbito, Judit tiene muchos motivos para presumir de ellas. Madre de cuatro chicas -fruto de su matrimonio con Eduardo Vicente-, la modelo ha hablado muy orgullosa sobre ellas, revelando a qu\u00e9 se dedican y contando la fuerte conexi\u00f3n con el arte que tiene gracias a Mar\u00eda, Paula, Romita y Clara.<\/p>\n","protected":false},"excerpt":{"rendered":"Judit Masc\u00f3 es una de las modelos espa\u00f1olas que han conseguido llegar hasta el olimpio, siendo una de&hellip;\n","protected":false},"author":2,"featured_media":248209,"comment_status":"","ping_status":"","sticky":false,"template":"","format":"standard","meta":{"footnotes":""},"categories":[174],"tags":[517,255,146,147,25,24,256,22083,23],"class_list":{"0":"post-248208","1":"post","2":"type-post","3":"status-publish","4":"format-standard","5":"has-post-thumbnail","7":"category-famosos","8":"tag-actualidad","9":"tag-celebrities","10":"tag-entertainment","11":"tag-entretenimiento","12":"tag-es","13":"tag-espana","14":"tag-famosos","15":"tag-judit-masco","16":"tag-spain"},"share_on_mastodon":{"url":"https:\/\/pubeurope.com\/@es\/115588159627563975","error":""},"_links":{"self":[{"href":"https:\/\/www.europesays.com\/es\/wp-json\/wp\/v2\/posts\/248208","targetHints":{"allow":["GET"]}}],"collection":[{"href":"https:\/\/www.europesays.com\/es\/wp-json\/wp\/v2\/posts"}],"about":[{"href":"https:\/\/www.europesays.com\/es\/wp-json\/wp\/v2\/types\/post"}],"author":[{"embeddable":true,"href":"https:\/\/www.europesays.com\/es\/wp-json\/wp\/v2\/users\/2"}],"replies":[{"embeddable":true,"href":"https:\/\/www.europesays.com\/es\/wp-json\/wp\/v2\/comments?post=248208"}],"version-history":[{"count":0,"href":"https:\/\/www.europesays.com\/es\/wp-json\/wp\/v2\/posts\/248208\/revisions"}],"wp:featuredmedia":[{"embeddable":true,"href":"https:\/\/www.europesays.com\/es\/wp-json\/wp\/v2\/media\/248209"}],"wp:attachment":[{"href":"https:\/\/www.europesays.com\/es\/wp-json\/wp\/v2\/media?parent=248208"}],"wp:term":[{"taxonomy":"category","embeddable":true,"href":"https:\/\/www.europesays.com\/es\/wp-json\/wp\/v2\/categories?post=248208"},{"taxonomy":"post_tag","embeddable":true,"href":"https:\/\/www.europesays.com\/es\/wp-json\/wp\/v2\/tags?post=248208"}],"curies":[{"name":"wp","href":"https:\/\/api.w.org\/{rel}","templated":true}]}}