{"id":248210,"date":"2025-11-21T14:28:20","date_gmt":"2025-11-21T14:28:20","guid":{"rendered":"https:\/\/www.europesays.com\/es\/248210\/"},"modified":"2025-11-21T14:28:20","modified_gmt":"2025-11-21T14:28:20","slug":"cinco-personajes-eligen-su-foto-preferida-de-robert-capa","status":"publish","type":"post","link":"https:\/\/www.europesays.com\/es\/248210\/","title":{"rendered":"cinco personajes eligen su foto preferida de Robert Capa"},"content":{"rendered":"<p data-gtm-element-container=\"modulo-texto-link\" class=\"paragraph\">Est\u00e1 considerado el fot\u00f3grafo de guerra m\u00e1s c\u00e9lebre de la historia; en apenas dos d\u00e9cadas de carrera cubri\u00f3 cinco conflictos decisivos. Tambi\u00e9n el precursor del fotoperiodismo moderno y el autor de im\u00e1genes tan ic\u00f3nicas como Muerte de un miliciano, s\u00edmbolo de la Guerra Civil Espa\u00f1ola. De Robert Capa son tambi\u00e9n las estremecedoras escenas del Desembarco de Normand\u00eda, tomadas bajo fuego enemigo en Omaha Beach. Y los retratos cercanos de combatientes, civiles y amigos.<\/p>\n<p data-gtm-element-container=\"modulo-texto-link\" class=\"paragraph\">Pero no fue \u00fanicamente un testigo de guerra, sino que tambi\u00e9n captur\u00f3 a personalidades como Picasso, Hemingway o Ingrid Bergman, explor\u00f3 la fotograf\u00eda en color, hizo moda, rodajes cinematogr\u00e1ficos y reportajes de viaje por Europa. En 1947 fund\u00f3 la agencia Magnum Photos, que revolucion\u00f3 el modo de trabajar de los fot\u00f3grafos, otorg\u00e1ndoles control sobre sus negativos, publicaciones y derechos de autor.<\/p>\n<p>En 1947 fund\u00f3 la agencia Magnum Photos, que revolucion\u00f3 el modo de trabajar de los fot\u00f3grafos<\/p>\n<p data-gtm-element-container=\"modulo-texto-link\" class=\"paragraph\">Ahora, la exposici\u00f3n Robert Capa. Icons re\u00fane en la capital la mayor retrospectiva dedicada al fot\u00f3grafo en Espa\u00f1a, con im\u00e1genes ic\u00f3nicas y rara vez vistas. Son un total de 250 piezas originales que podr\u00e1n contemplarse hasta el 25 de enero de 2026 en el C\u00edrculo de Bellas Artes de Madrid. Entre ellas, hay fotograf\u00edas de \u00e9poca reveladas en su momento por el propio Capa, publicaciones hist\u00f3ricas y objetos personales procedentes de la Golda Darty Collection y de los archivos de la prestigiosa agencia Magnum Photos.<\/p>\n<p data-gtm-element-container=\"modulo-texto-link\" class=\"paragraph\">Hemos pedido a cinco creadores de diferentes disciplinas que escojan la fotograf\u00eda que m\u00e1s les seduce de Robert Capa y le dediquen unas l\u00edneas. Este es el resultado.<\/p>\n<p>Directora y actriz<br \/>\nLeticia D\u00f3lera<\/p>\n<p>                <img loading=\"lazy\" decoding=\"async\" data-full-src=\"https:\/\/www.lavanguardia.com\/uploads\/2025\/11\/19\/691de71b0559a.jpeg\" alt=\"Tropas estadounidenses siendo trasladadas a barcos m\u00e1s grandes, en preparaci\u00f3n para la invasi\u00f3n aliada de Normand\u00eda. Weymouth, Dorset, Gran Breta\u00f1a. 4 de junio de 1944\" width=\"449\" height=\"295\" src=\"https:\/\/www.europesays.com\/es\/wp-content\/uploads\/2025\/11\/691de71b0559a.jpeg\" class=\"lazy\"\/><\/p>\n<p class=\"caption-title \">Tropas estadounidenses siendo trasladadas a barcos m\u00e1s grandes, en preparaci\u00f3n para la invasi\u00f3n aliada de Normand\u00eda. Weymouth, Dorset, Gran Breta\u00f1a. 4 de junio de 1944<\/p>\n<p>                    \u00a9 Robert Capa\/Centro Internacional de Fotograf\u00eda\/Magnum Photos.<\/p>\n<p data-gtm-element-container=\"modulo-texto-link\" class=\"paragraph\">\u201cRobert Capa dec\u00eda que &#8216;si tu foto no es lo suficientemente buena es porque no est\u00e1s lo suficientemente cerca&#8217;. En esta imagen, Capa est\u00e1 muy cerca de los ojos de estos chavales que se encontraban a punto de cambiar de barco, antes de zarpar hacia el desembarco de Normand\u00eda. Me conmueve la mezcla de miedo y fragilidad que reflejan sus rostros y como, a su vez, parece que se estuvieran preparando, anestesi\u00e1ndose por dentro, para poder hacer frente a lo que se les ven\u00eda encima. Hiela la sangre pensar que, seguramente, fue, de casi todos, su \u00faltima fotograf\u00eda. Del personaje de Capa me llama la atenci\u00f3n que, tras alejarse de los conflictos b\u00e9licos y dedicarse durante un tiempo a retratar a grandes artistas, llegando hacer foto de moda en Par\u00eds, no desapareciera en \u00e9l la pulsi\u00f3n por estar cerca de los l\u00edmites entre la vida y la muerte, y volviera al campo de batalla con su c\u00e1mara. Hasta el punto de que su propia muerte fue tomando una fotograf\u00eda a unos soldados en la guerra de Indochina, quienes, muy probablemente, caminaban tambi\u00e9n hacia su propio final\u201d.<\/p>\n<p>Dise\u00f1ador<br \/>\nJuan Duyos<\/p>\n<p>                <img loading=\"lazy\" decoding=\"async\" data-full-src=\"https:\/\/www.lavanguardia.com\/uploads\/2025\/11\/19\/691de7a857510.jpeg\" alt=\"Madrid, Espa\u00f1a. Noviembre-diciembre 1936.\" width=\"449\" height=\"327\" src=\"https:\/\/www.europesays.com\/es\/wp-content\/uploads\/2025\/11\/691de7a857510.jpeg\" class=\"lazy\"\/><\/p>\n<p class=\"caption-title \">Madrid, Espa\u00f1a. Noviembre-diciembre 1936.<\/p>\n<p>                    \u00a9 Robert Capa\/Centro Internacional de Fotograf\u00eda\/Magnum Photos.<\/p>\n<p data-gtm-element-container=\"modulo-texto-link\" class=\"paragraph\">\u201cElijo esta emocionante foto de Robert Capa en la que el desastre que ya se adivinaba a los pocos meses del estallido de la Guerra Civil, reflejado en los agujeros de balas en la pared destrozada, convive con la imparable cotidianeidad de la vida: esos ni\u00f1os jugando en su acera bajo la mirada sonriente de su madre. Pelos de punta\u2026 La ilusi\u00f3n e inocencia de los ni\u00f1os en contraste con el horror de la guerra, tristemente vigente a\u00fan 100 despu\u00e9s\u201d.<\/p>\n<p>Artista<br \/>\nValeria Palmeiro, &#8216;Coco D\u00e1vez&#8217;<\/p>\n<p>                <img loading=\"lazy\" decoding=\"async\" data-full-src=\"https:\/\/www.lavanguardia.com\/uploads\/2025\/11\/19\/691de84cb61e5.jpeg\" alt=\"Un tripulante de un carguero de la Cunard hace se\u00f1ales a otro barco de un convoy aliado que se dirige a Gran Breta\u00f1a desde Estados Unidos. Oc\u00e9ano Atl\u00e1ntico, 1941. Su barco transportaba siete aviones, dos torpederos y doce pasajeros que aceptaron viajar por su cuenta y riesgo. El capit\u00e1n y su tripulaci\u00f3n son noruegos y han cruzado el Atl\u00e1ntico muchas veces durante la guerra\" width=\"449\" height=\"354\" src=\"https:\/\/www.europesays.com\/es\/wp-content\/uploads\/2025\/11\/691de84cb61e5.jpeg\" class=\"lazy\"\/><\/p>\n<p class=\"caption-title \">Un tripulante de un carguero de la Cunard hace se\u00f1ales a un convoy aliado que se dirige a Gran Breta\u00f1a desde EE.UU. Atl\u00e1ntico, 1941. Su barco transportaba 7 aviones, 2 torpederos y 12 pasajeros\u00a0<\/p>\n<p>                    \u00a9 Robert Capa\/Centro Internacional de Fotograf\u00eda\/Magnum Photos.<\/p>\n<p data-gtm-element-container=\"modulo-texto-link\" class=\"paragraph\">\u201cRecuerdo cuando, en 2016, el C\u00edrculo de Bellas Artes acogi\u00f3 la exposici\u00f3n Capa en color. Me lanc\u00e9 a la aventura, quer\u00eda ver si la mirada de alguien a quien siempre asociamos con la crudeza de la guerra en blanco y negro, en color cambiaba. Y s\u00ed, de alguna manera sent\u00ed que sus fotos ten\u00edan otro lenguaje. Por una parte, percib\u00eda como si el color tambi\u00e9n hubiera llegado a su vida y, a su vez, vi en ellas cierta incomodidad. Nunca me hab\u00eda pasado. S\u00e9 que sus famosos carretes Kodachrome le generaron un dilema enorme: \u00e9l se sent\u00eda reportero de guerra y el color le hac\u00eda pensar que no estaba mostrando la realidad del todo. Ese conflicto me gusta. Tambi\u00e9n me atrae intentar entender su lucha por adaptarse al color mientras, en el fondo, lo rechazaba. Creo que sent\u00eda que el color romantizaba lo que no deb\u00eda suavizarse. Capa me plantea preguntas. \u00bfEl blanco y negro se acerca m\u00e1s a la verdad? \u00bfEs el color una forma de amortiguaci\u00f3n? \u00bfQu\u00e9 es, en realidad, \u201cla pura realidad\u201d?<\/p>\n<p>Fot\u00f3grafo<br \/>\nManuel Outumuro<\/p>\n<p>                <img loading=\"lazy\" decoding=\"async\" data-full-src=\"https:\/\/www.lavanguardia.com\/uploads\/2025\/11\/19\/691de8f057795.jpeg\" alt=\"Fotograf\u00eda de moda. Par\u00eds, a\u00f1os cincuenta\" width=\"449\" height=\"666\" src=\"https:\/\/www.europesays.com\/es\/wp-content\/uploads\/2025\/11\/691de8f057795.jpeg\" class=\"lazy\"\/><\/p>\n<p class=\"caption-title \">Fotograf\u00eda de moda. Par\u00eds, a\u00f1os cincuenta<\/p>\n<p>                    \u00a9 Robert Capa\/Centro Internacional de Fotograf\u00eda\/Magnum Photos<\/p>\n<p data-gtm-element-container=\"modulo-texto-link\" class=\"paragraph\">\u201cHe seleccionado esta fotograf\u00eda, desconocida para m\u00ed, porque me remite a un Robert Capa ins\u00f3lito. Lejos de sus conocidas cr\u00f3nicas visuales de guerras y conflictos, Capa muestra en esta imagen la versatilidad de un ojo privilegiado. Un modo de ver que, por su factura, elegancia, contexto y \u00e9poca, bien podr\u00eda ser un disparo de Richard Avedon\u201d.<\/p>\n<p>Escritora<br \/>\nMar\u00eda Due\u00f1as<\/p>\n<p>                <img loading=\"lazy\" decoding=\"async\" data-full-src=\"https:\/\/www.lavanguardia.com\/uploads\/2025\/11\/19\/691de92c442a0.jpeg\" alt=\"La llegada de miles de inmigrantes procedentes de Europa del Este, Turqu\u00eda y T\u00fanez. Haifa, Israel, mayo-junio de 1949\" width=\"449\" height=\"346\" src=\"https:\/\/www.europesays.com\/es\/wp-content\/uploads\/2025\/11\/691de92c442a0.jpeg\" class=\"lazy\"\/><\/p>\n<p class=\"caption-title \">La llegada de miles de inmigrantes procedentes de Europa del Este, Turqu\u00eda y T\u00fanez. Haifa, Israel, mayo-junio de 1949<\/p>\n<p>                    \u00a9 Robert Capa\/Centro Internacional de Fotograf\u00eda\/Magnum Photos.<\/p>\n<p data-gtm-element-container=\"modulo-texto-link\" class=\"paragraph\">\u201cRobert Capa fue testigo de las hostilidades entre jud\u00edos y palestinos a finales de la d\u00e9cada de los cuarenta, y dej\u00f3 numerosos testimonios de aquellos tiempos turbios en torno al nacimiento del estado de Israel. Fotografi\u00f3 escenas de dolor y angustia, de penalidades e incertidumbres, repletas de humanidad. En esta imagen de 1949 nos muestra la llegada de un barco cargado de jud\u00edos europeos al puerto de Haifa, con la mirada compasiva de quien tambi\u00e9n sufri\u00f3 la di\u00e1spora solo unos a\u00f1os antes. No puedo dejar de preguntarme c\u00f3mo enfocar\u00eda el conflicto del presente, casi ochenta a\u00f1os despu\u00e9s\u201d.<\/p>\n","protected":false},"excerpt":{"rendered":"Est\u00e1 considerado el fot\u00f3grafo de guerra m\u00e1s c\u00e9lebre de la historia; en apenas dos d\u00e9cadas de carrera cubri\u00f3&hellip;\n","protected":false},"author":2,"featured_media":248211,"comment_status":"","ping_status":"","sticky":false,"template":"","format":"standard","meta":{"footnotes":""},"categories":[173],"tags":[229,233,231,230,232,234,146,147,25,24,23],"class_list":{"0":"post-248210","1":"post","2":"type-post","3":"status-publish","4":"format-standard","5":"has-post-thumbnail","7":"category-arte-y-diseno","8":"tag-arte","9":"tag-arte-y-diseno","10":"tag-arts","11":"tag-arts-and-design","12":"tag-design","13":"tag-diseno","14":"tag-entertainment","15":"tag-entretenimiento","16":"tag-es","17":"tag-espana","18":"tag-spain"},"share_on_mastodon":{"url":"https:\/\/pubeurope.com\/@es\/115588164440988247","error":""},"_links":{"self":[{"href":"https:\/\/www.europesays.com\/es\/wp-json\/wp\/v2\/posts\/248210","targetHints":{"allow":["GET"]}}],"collection":[{"href":"https:\/\/www.europesays.com\/es\/wp-json\/wp\/v2\/posts"}],"about":[{"href":"https:\/\/www.europesays.com\/es\/wp-json\/wp\/v2\/types\/post"}],"author":[{"embeddable":true,"href":"https:\/\/www.europesays.com\/es\/wp-json\/wp\/v2\/users\/2"}],"replies":[{"embeddable":true,"href":"https:\/\/www.europesays.com\/es\/wp-json\/wp\/v2\/comments?post=248210"}],"version-history":[{"count":0,"href":"https:\/\/www.europesays.com\/es\/wp-json\/wp\/v2\/posts\/248210\/revisions"}],"wp:featuredmedia":[{"embeddable":true,"href":"https:\/\/www.europesays.com\/es\/wp-json\/wp\/v2\/media\/248211"}],"wp:attachment":[{"href":"https:\/\/www.europesays.com\/es\/wp-json\/wp\/v2\/media?parent=248210"}],"wp:term":[{"taxonomy":"category","embeddable":true,"href":"https:\/\/www.europesays.com\/es\/wp-json\/wp\/v2\/categories?post=248210"},{"taxonomy":"post_tag","embeddable":true,"href":"https:\/\/www.europesays.com\/es\/wp-json\/wp\/v2\/tags?post=248210"}],"curies":[{"name":"wp","href":"https:\/\/api.w.org\/{rel}","templated":true}]}}