{"id":248212,"date":"2025-11-21T14:30:10","date_gmt":"2025-11-21T14:30:10","guid":{"rendered":"https:\/\/www.europesays.com\/es\/248212\/"},"modified":"2025-11-21T14:30:10","modified_gmt":"2025-11-21T14:30:10","slug":"buenafuente-hace-un-paron-temporal-en-su-agenda-para-descansar-y-recuperarse-por-exceso-de-carga-laboral","status":"publish","type":"post","link":"https:\/\/www.europesays.com\/es\/248212\/","title":{"rendered":"Buenafuente hace un par\u00f3n \u00abtemporal\u00bb en su agenda para descansar y recuperarse por \u00abexceso\u00bb de carga laboral"},"content":{"rendered":"<p class=\"paragraph\">El presentador y c\u00f3mico <b>Andreu Buenafuente<\/b> se ha visto \u00abobligado a hacer un<b> par\u00f3n temporal <\/b>en su agenda profesional para descansar y recuperarse\u00bb por motivos de \u00abexceso de carga laboral\u00bb y por \u00abprescripci\u00f3n m\u00e9dica\u00bb.\u00a0<\/p>\n<p class=\"paragraph\">As\u00ed lo ha anunciado este viernes la Direcci\u00f3n de Comunicaci\u00f3n y Participaci\u00f3n de RTVE en un comentario publicado en X, recogido por Europa Press. <\/p>\n<p class=\"paragraph\">\u00ab<b>Tengo que parar un poco para recuperarme <\/b>y volver con la energ\u00eda que se merece todo lo que hago. Gracias por la comprensi\u00f3n, el apoyo y el cari\u00f1o\u00bb, explica el propio Andreu Buenafuente en un comunicado difundido por RTVE en redes sociales. <\/p>\n<p class=\"paragraph\">El anuncio llega d\u00edas despu\u00e9s de conocerse que el presentador de &#8216;Futuro Imperfecto&#8217; en La 1 era el elegido por la Corporaci\u00f3n para<b> presentar las Campanadas de fin de a\u00f1o<\/b>, junto a su pareja, la actriz y humorista <b>Silvia Abril<\/b>. Fuentes de RTVE, consultadas por Europa Press, han confirmado que Andreu Buenafuente conducir\u00e1 el programa el pr\u00f3ximo 31 de diciembre. <\/p>\n","protected":false},"excerpt":{"rendered":"El presentador y c\u00f3mico Andreu Buenafuente se ha visto \u00abobligado a hacer un par\u00f3n temporal en su agenda&hellip;\n","protected":false},"author":2,"featured_media":248213,"comment_status":"","ping_status":"","sticky":false,"template":"","format":"standard","meta":{"footnotes":""},"categories":[171],"tags":[4071,1270,47085,146,147,25,24,10675,23,19255,214],"class_list":{"0":"post-248212","1":"post","2":"type-post","3":"status-publish","4":"format-standard","5":"has-post-thumbnail","7":"category-tv","8":"tag-agenda","9":"tag-buenafuente","10":"tag-descansar","11":"tag-entertainment","12":"tag-entretenimiento","13":"tag-es","14":"tag-espana","15":"tag-paron","16":"tag-spain","17":"tag-temporal","18":"tag-tv"},"share_on_mastodon":{"url":"","error":""},"_links":{"self":[{"href":"https:\/\/www.europesays.com\/es\/wp-json\/wp\/v2\/posts\/248212","targetHints":{"allow":["GET"]}}],"collection":[{"href":"https:\/\/www.europesays.com\/es\/wp-json\/wp\/v2\/posts"}],"about":[{"href":"https:\/\/www.europesays.com\/es\/wp-json\/wp\/v2\/types\/post"}],"author":[{"embeddable":true,"href":"https:\/\/www.europesays.com\/es\/wp-json\/wp\/v2\/users\/2"}],"replies":[{"embeddable":true,"href":"https:\/\/www.europesays.com\/es\/wp-json\/wp\/v2\/comments?post=248212"}],"version-history":[{"count":0,"href":"https:\/\/www.europesays.com\/es\/wp-json\/wp\/v2\/posts\/248212\/revisions"}],"wp:featuredmedia":[{"embeddable":true,"href":"https:\/\/www.europesays.com\/es\/wp-json\/wp\/v2\/media\/248213"}],"wp:attachment":[{"href":"https:\/\/www.europesays.com\/es\/wp-json\/wp\/v2\/media?parent=248212"}],"wp:term":[{"taxonomy":"category","embeddable":true,"href":"https:\/\/www.europesays.com\/es\/wp-json\/wp\/v2\/categories?post=248212"},{"taxonomy":"post_tag","embeddable":true,"href":"https:\/\/www.europesays.com\/es\/wp-json\/wp\/v2\/tags?post=248212"}],"curies":[{"name":"wp","href":"https:\/\/api.w.org\/{rel}","templated":true}]}}