{"id":248217,"date":"2025-11-21T14:34:10","date_gmt":"2025-11-21T14:34:10","guid":{"rendered":"https:\/\/www.europesays.com\/es\/248217\/"},"modified":"2025-11-21T14:34:10","modified_gmt":"2025-11-21T14:34:10","slug":"la-casa-de-las-mujeres-de-irun-acogera-una-charla-de-la-nutricionista-sandra-pineiro","status":"publish","type":"post","link":"https:\/\/www.europesays.com\/es\/248217\/","title":{"rendered":"La Casa de las Mujeres de Irun acoger\u00e1 una charla de la nutricionista Sandra Pi\u00f1eiro"},"content":{"rendered":"<p>Con motivo del <strong>D\u00eda Internacional de la Lucha contra los Trastornos de la Conducta Alimentaria<\/strong>, el Servicio de Igualdad del Ayuntamiento de Irun ha organizado la charla &#8216;M\u00e1s all\u00e1 del cuerpo: una mirada comprensiva a los Trastornos de Conducta Alimentaria&#8217;, con la nutricionista Sandra Pi\u00f1eiro, para abordar esta problem\u00e1tica que afecta especialmente a las mujeres. Se celebrar\u00e1 el pr\u00f3ximo mi\u00e9rcoles, 26 de noviembre, a las 18:30 horas en la Casa de las Mujeres. La entrada libre hasta completar aforo.<\/p>\n<p>El objetivo de esta charla es <strong>visibilizar la realidad de aquellas personas que conviven con la anorexia, la bulimia, la ortorexia y con otros trastornos de la conducta alimentaria (TCA)<\/strong>. Es una charla para sensibilizar, informar y desmontar mitos, que, adem\u00e1s, ofrecer\u00e1 pautas b\u00e1sicas que contribuyan a acompa\u00f1ar esta problem\u00e1tica que afrontan muchas mujeres en las distintas etapas de su vida.<\/p>\n<p>Sandra Pi\u00f1eiro cursa actualmente estudios de Psicolog\u00eda y es graduada en Ciencias del Deporte, con un M\u00e1ster en Nutrici\u00f3n y Salud, as\u00ed como formaci\u00f3n espec\u00edfica en TCA. Cabe destacar que la propia experta ser\u00e1 tambi\u00e9n la encargada de impartir el curso &#8216;M\u00e1s all\u00e1 del cuerpo&#8217; de la <strong>Escuela de Empoderamiento<\/strong>, que comenzar\u00e1 el 3 de diciembre. Ser\u00e1n cinco sesiones con un enfoque preventivo y psicoeducativo dirigido a un grupo reducido de mujeres, cuyo objetivo es reflexionar sobre la relaci\u00f3n que tienen con su cuerpo y la comida para adquirir herramientas de pr\u00e1cticas de autocuidado y fortalecer su autoestima.<\/p>\n","protected":false},"excerpt":{"rendered":"Con motivo del D\u00eda Internacional de la Lucha contra los Trastornos de la Conducta Alimentaria, el Servicio de&hellip;\n","protected":false},"author":2,"featured_media":248218,"comment_status":"","ping_status":"","sticky":false,"template":"","format":"standard","meta":{"footnotes":""},"categories":[92],"tags":[25,24,165,166,23],"class_list":{"0":"post-248217","1":"post","2":"type-post","3":"status-publish","4":"format-standard","5":"has-post-thumbnail","7":"category-salud","8":"tag-es","9":"tag-espana","10":"tag-health","11":"tag-salud","12":"tag-spain"},"share_on_mastodon":{"url":"https:\/\/pubeurope.com\/@es\/115588187556952727","error":""},"_links":{"self":[{"href":"https:\/\/www.europesays.com\/es\/wp-json\/wp\/v2\/posts\/248217","targetHints":{"allow":["GET"]}}],"collection":[{"href":"https:\/\/www.europesays.com\/es\/wp-json\/wp\/v2\/posts"}],"about":[{"href":"https:\/\/www.europesays.com\/es\/wp-json\/wp\/v2\/types\/post"}],"author":[{"embeddable":true,"href":"https:\/\/www.europesays.com\/es\/wp-json\/wp\/v2\/users\/2"}],"replies":[{"embeddable":true,"href":"https:\/\/www.europesays.com\/es\/wp-json\/wp\/v2\/comments?post=248217"}],"version-history":[{"count":0,"href":"https:\/\/www.europesays.com\/es\/wp-json\/wp\/v2\/posts\/248217\/revisions"}],"wp:featuredmedia":[{"embeddable":true,"href":"https:\/\/www.europesays.com\/es\/wp-json\/wp\/v2\/media\/248218"}],"wp:attachment":[{"href":"https:\/\/www.europesays.com\/es\/wp-json\/wp\/v2\/media?parent=248217"}],"wp:term":[{"taxonomy":"category","embeddable":true,"href":"https:\/\/www.europesays.com\/es\/wp-json\/wp\/v2\/categories?post=248217"},{"taxonomy":"post_tag","embeddable":true,"href":"https:\/\/www.europesays.com\/es\/wp-json\/wp\/v2\/tags?post=248217"}],"curies":[{"name":"wp","href":"https:\/\/api.w.org\/{rel}","templated":true}]}}