{"id":248227,"date":"2025-11-21T14:39:16","date_gmt":"2025-11-21T14:39:16","guid":{"rendered":"https:\/\/www.europesays.com\/es\/248227\/"},"modified":"2025-11-21T14:39:16","modified_gmt":"2025-11-21T14:39:16","slug":"el-rey-felipe-vi-destaca-la-transicion-democratica-de-espana-como-modelo","status":"publish","type":"post","link":"https:\/\/www.europesays.com\/es\/248227\/","title":{"rendered":"El rey Felipe VI destaca la transici\u00f3n democr\u00e1tica de Espa\u00f1a como modelo"},"content":{"rendered":"<p>    <img src=\"https:\/\/www.europesays.com\/es\/wp-content\/uploads\/2025\/11\/2025-11-21T143A093A17Z-90424274.jpg\" width=\"1024\" height=\"674\" alt=\"\" loading=\"eager\" decoding=\"sync\" fetchpriority=\"high\"\/><\/p>\n<p>            afp_tickers        <\/p>\n<p>        Este contenido fue publicado en    <\/p>\n<p>        21 noviembre 2025 &#8211; 15:09\n<\/p>\n<p>El rey Felipe VI destac\u00f3 este viernes el periodo de transici\u00f3n hacia la democracia en Espa\u00f1a tras la muerte del dictador Francisco Franco en 1975 como un modelo para resolver conflictos en el clima actual altamente polarizado.<\/p>\n<p>\u00abEn tiempos en los que el desacuerdo se expresa con crispaci\u00f3n, mirar hacia ese periodo puede servirnos\u00bb, se\u00f1al\u00f3 el jefe del Estado espa\u00f1ol en un evento conmemorativo del 50\u00ba aniversario de la restauraci\u00f3n de la monarqu\u00eda.<\/p>\n<p>\u00abNo para idealizarlo, sino para recordar su m\u00e9todo, la palabra frente al grito, el respeto frente al desprecio, la b\u00fasqueda del acuerdo frente a la imposici\u00f3n\u00bb, continu\u00f3 el monarca.<\/p>\n<p>La muerte de Franco el 20 de noviembre de 1975 puso fin a 36 a\u00f1os de un r\u00e9gimen autoritario que sigui\u00f3 a la devastadora Guerra Civil (1936-1939).<\/p>\n<p>El padre de Felipe, Juan Carlos, fue proclamado rey dos d\u00edas despu\u00e9s, heredando los poderes absolutos del dictador, pero decepcion\u00f3 a los franquistas y maniobr\u00f3 para dirigir al pa\u00eds hacia un sistema parlamentario dentro de una monarqu\u00eda constitucional.<\/p>\n<p>Los espa\u00f1oles pudieron ir a elecciones en 1977 y, un a\u00f1o m\u00e1s tarde, aprobar una nueva Constituci\u00f3n.<\/p>\n<p>Juan Carlos, ahora de 87 a\u00f1os, abdic\u00f3 en favor de su hijo Felipe en 2014, tras una serie de esc\u00e1ndalos sobre su opaca fortuna y sus relaciones extramaritales que erosionaron su popularidad.\u00a0<\/p>\n<p>Desde 2020, vive en un exilio autoimpuesto en los Emiratos \u00c1rabes Unidos, y no asisti\u00f3 a la ceremonia del viernes.\u00a0<\/p>\n<p>En el evento en el Palacio Real, Felipe otorg\u00f3 a su madre, la reina Sof\u00eda, quien ha permanecido en Espa\u00f1a, la Orden del Tois\u00f3n de Oro, una de las distinciones m\u00e1s prestigiosas del pa\u00eds.\u00a0<\/p>\n<p>Felipe VI la elogi\u00f3 por haber apoyado \u00abcon convicci\u00f3n al rey Juan Carlos, mi padre, en su acertada y temprana apuesta por la apertura democr\u00e1tica y las libertades\u00bb.<\/p>\n<p>ds\/mdm\/phz\/du\/dbh<\/p>\n","protected":false},"excerpt":{"rendered":"afp_tickers Este contenido fue publicado en 21 noviembre 2025 &#8211; 15:09 El rey Felipe VI destac\u00f3 este viernes&hellip;\n","protected":false},"author":2,"featured_media":248228,"comment_status":"","ping_status":"","sticky":false,"template":"","format":"standard","meta":{"footnotes":""},"categories":[8],"tags":[17,18,25,24,13,14,11,24455,10110,53916,39605,19,20,9,10,15,16,88,20122,53917,2005,23,90,12,21,22],"class_list":{"0":"post-248227","1":"post","2":"type-post","3":"status-publish","4":"format-standard","5":"has-post-thumbnail","7":"category-espana","8":"tag-breaking-news","9":"tag-breakingnews","10":"tag-es","11":"tag-espana","12":"tag-featured-news","13":"tag-featurednews","14":"tag-headlines","15":"tag-history","16":"tag-human-interest","17":"tag-human-science","18":"tag-imperial-and-royal-matters","19":"tag-latest-news","20":"tag-latestnews","21":"tag-news","22":"tag-noticias","23":"tag-noticias-destacadas","24":"tag-noticiasdestacadas","25":"tag-politics","26":"tag-sci-tech","27":"tag-social-sciences","28":"tag-society","29":"tag-spain","30":"tag-ticker","31":"tag-titulares","32":"tag-ultimas-noticias","33":"tag-ultimasnoticias"},"share_on_mastodon":{"url":"https:\/\/pubeurope.com\/@es\/115588207779628718","error":""},"_links":{"self":[{"href":"https:\/\/www.europesays.com\/es\/wp-json\/wp\/v2\/posts\/248227","targetHints":{"allow":["GET"]}}],"collection":[{"href":"https:\/\/www.europesays.com\/es\/wp-json\/wp\/v2\/posts"}],"about":[{"href":"https:\/\/www.europesays.com\/es\/wp-json\/wp\/v2\/types\/post"}],"author":[{"embeddable":true,"href":"https:\/\/www.europesays.com\/es\/wp-json\/wp\/v2\/users\/2"}],"replies":[{"embeddable":true,"href":"https:\/\/www.europesays.com\/es\/wp-json\/wp\/v2\/comments?post=248227"}],"version-history":[{"count":0,"href":"https:\/\/www.europesays.com\/es\/wp-json\/wp\/v2\/posts\/248227\/revisions"}],"wp:featuredmedia":[{"embeddable":true,"href":"https:\/\/www.europesays.com\/es\/wp-json\/wp\/v2\/media\/248228"}],"wp:attachment":[{"href":"https:\/\/www.europesays.com\/es\/wp-json\/wp\/v2\/media?parent=248227"}],"wp:term":[{"taxonomy":"category","embeddable":true,"href":"https:\/\/www.europesays.com\/es\/wp-json\/wp\/v2\/categories?post=248227"},{"taxonomy":"post_tag","embeddable":true,"href":"https:\/\/www.europesays.com\/es\/wp-json\/wp\/v2\/tags?post=248227"}],"curies":[{"name":"wp","href":"https:\/\/api.w.org\/{rel}","templated":true}]}}