{"id":248233,"date":"2025-11-21T14:48:15","date_gmt":"2025-11-21T14:48:15","guid":{"rendered":"https:\/\/www.europesays.com\/es\/248233\/"},"modified":"2025-11-21T14:48:15","modified_gmt":"2025-11-21T14:48:15","slug":"el-nuevo-proyecto-para-hacer-ciclismo-de-montana-que-estara-en-uno-de-los-pueblos-mas-visitados-de-la-rioja","status":"publish","type":"post","link":"https:\/\/www.europesays.com\/es\/248233\/","title":{"rendered":"El nuevo proyecto para hacer ciclismo de monta\u00f1a que estar\u00e1 en uno de los pueblos m\u00e1s visitados de La Rioja"},"content":{"rendered":"\n<ul class=\"bodyList bodyList--unordered\">\n<li class=\"bodyList__item\"><strong><a href=\"https:\/\/www.elconfidencial.com\/viajes\/2025-11-07\/bonito-pueblo-medieval-la-rioja-bodegas-1tna-1qrt_4243320\/\" target=\"_self\" rel=\"nofollow noopener\">El tesoro escondido de La Rioja: un pueblo medieval con castillos, bodegas subterr\u00e1neas y rutas de ensue\u00f1o<\/a><\/strong><\/li>\n<li class=\"bodyList__item\"><strong><a href=\"https:\/\/profile.google.com\/cp\/CgsvZy8xMjI2ZzRoMA\" target=\"_blank\" rel=\"nofollow noopener\">Sigue a El Confidencial en Google Discover para enterarte de todas las noticias<\/a><\/strong><\/li>\n<\/ul>\n<p> <strong>\u200b<\/strong>El <strong>bike park de <a href=\"https:\/\/www.elconfidencial.com\/espana\/2024-09-25\/ezcaray-pueblo-la-rioja-para-buscadores-de-setas-1tna-1qrt_3968918\/\" target=\"_self\" rel=\"nofollow noopener\">Ezcaray<\/a> <\/strong>avanza hacia su <strong>implantaci\u00f3n definitiva<\/strong> con una propuesta que<strong> redefine c\u00f3mo se practica el ciclismo de monta\u00f1a<\/strong> en uno de los destinos m\u00e1s concurridos de la comunidad, gracias a un dise\u00f1o que combina <strong>sostenibilidad, acceso directo desde el casco urbano y un trazado pensado para diferentes niveles<\/strong>. <\/p>\n<p> El proyecto, <strong>a\u00fan en exposici\u00f3n p\u00fablica<\/strong>, ha despertado expectaci\u00f3n en la comarca. No solo porque modificar\u00e1 por completo la experiencia de quienes visitan Ezcaray, sino porque <strong>rompe con la idea inicial de ubicar las pistas junto a Valdezcaray, tal y como apunta <a href=\"https:\/\/www.larioja.com\/comarcas\/bike-park-ezcaray-valdezcaray-20251119213259-nt_amp.html\" target=\"_blank\" rel=\"nofollow noopener\">larioja.com<\/a><\/strong>. La reubicaci\u00f3n, fruto de un <strong>estudio de viabilidad<\/strong>, deja entrever un <strong>planteamiento m\u00e1s ambicioso y adaptado a las necesidades reales del entorno<\/strong>. <\/p>\n<p>              <img decoding=\"async\" class=\"inTextNews__img\" alt=\"Foto: Paisaje de esta sierra riojana entre vi\u00f1edos y monta\u00f1as. (Foto: iStock)\" src=\"https:\/\/www.europesays.com\/es\/wp-content\/uploads\/2025\/11\/f.elconfidencial.com\/original\/449\/c8e\/739\/449c8e7395ae79b66ef5f0cb93d18487.jpg\"  \/>     <\/p>\n<p>TE PUEDE INTERESAR<\/p>\n<p>      <a class=\"inTextNews__title\" href=\"https:\/\/www.elconfidencial.com\/viajes\/2025-11-14\/destino-rioja-montanas-senderos-pueblos-1qrt-1tna_4246180\/\" onclick=\"window.ECCO.emit(&#039;amplitude&#039;, { dataEventName: &#039;click_related_article_module&#039;, data: { related_article_url: &#039;https:\/\/www.elconfidencial.com\/viajes\/2025-11-14\/destino-rioja-montanas-senderos-pueblos-1qrt-1tna_4246180\/&#039;, related_article_author: &#039;Jorge Garc\u00eda Gonz\u00e1lez&#039;, related_article_section: &#039;viajes&#039; } })\" rel=\"nofollow noopener\" target=\"_blank\"> El destino de La Rioja que no te puedes perder este oto\u00f1o: entre monta\u00f1as, senderos y pueblos con encanto <\/a>   <\/p>\n<p>    J. Garc\u00eda Gonz\u00e1lez   <\/p>\n<p>           <strong>Un dise\u00f1o m\u00e1s cercano al pueblo y adaptado al terreno<\/strong>           <\/p>\n<p> Los<strong> nuevos senderos <\/strong>se situar\u00e1n al <strong>este y al oeste del n\u00facleo urbano<\/strong>, en parajes como<strong> El Molino, Santa B\u00e1rbara, Chinajua y Micoba\u00f1a<\/strong>, lo que permitir\u00e1 <strong>acceder a las zonas altas pedaleando directamente desde Ezcaray<\/strong>. Esta cercan\u00eda facilita que la salida y el final de los recorridos se integren en el municipio, favoreciendo una experiencia m\u00e1s c\u00f3moda y una<strong> convivencia ordenada<\/strong> entre ciclistas, senderistas y actividades ganaderas. <\/p>\n<p> La propuesta del bike park de Ezcaray incluye cerca de <strong>diez kil\u00f3metros de senderos de nueva construcci\u00f3n<\/strong> y la <strong>adecuaci\u00f3n de tramos ya existentes para hacerlos m\u00e1s accesibles, sostenibles y seguros<\/strong>. El dise\u00f1o t\u00e9cnico plantea <strong>pendientes suaves del 5 % en los caminos de subida y l\u00edneas descendentes con elementos de inercia<\/strong> \u2014como mesetas o peque\u00f1os saltos\u2014. Adem\u00e1s, se define la creaci\u00f3n de <strong>senderos de bajada tipo flow trail, con una pendiente media en torno al 7 <\/strong><strong>%<\/strong><strong>, <\/strong>pensados para que el usuario fluya sin necesidad de frenar o pedalear en exceso. <\/p>\n<blockquote class=\"instagram-media\" data-instgrm-captioned=\"\" data-instgrm-permalink=\"https:\/\/www.instagram.com\/p\/DRIQXZQjOVE\/?utm_source=ig_embed&amp;utm_campaign=loading\" data-instgrm-version=\"14\" style=\" background:#FFF; border:0; border-radius:3px; box-shadow:0 0 1px 0 rgba(0,0,0,0.5),0 1px 10px 0 rgba(0,0,0,0.15); margin: 1px; max-width:540px; min-width:326px; padding:0; width:99.375%; width:-webkit-calc(100% - 2px); width:calc(100% - 2px);\"\/><p>\n           <strong>Cinco &#8216;trails&#8217; con distintos niveles de dificultad<\/strong>           <\/p>\n<p> La zona este acoger\u00e1 <strong>tres senderos diferenciados por nivel: intermedio, avanzado y dif\u00edcil<\/strong>. En el \u00e1rea oeste se construir\u00e1n <strong>dos itinerarios de nivel rojo, dirigidos a ciclistas con mayor experiencia<\/strong>. Todos ellos seguir\u00e1n criterios de <strong>construcci\u00f3n sostenible<\/strong> y estar\u00e1n adaptados a la morfolog\u00eda del terreno, tal y como se\u00f1alan los t\u00e9cnicos que han validado el proyecto. <\/p>\n<p> Una de las claves del dise\u00f1o es la ausencia de remontes mec\u00e1nicos. A diferencia de otros <a href=\"https:\/\/www.elconfidencial.com\/viajes\/2025-09-25\/parque-natural-la-rioja-otono-bosque-hayas-1tna-1qrt_4215311\/\" target=\"_self\" rel=\"nofollow noopener\">parques de monta\u00f1a<\/a>, aqu\u00ed se<strong> prioriza el acceso aut\u00f3nomo: llegar al punto m\u00e1s alto pedaleando en un tiempo inferior a una hora<\/strong>. Esta decisi\u00f3n reduce el impacto ambiental y mantiene la esencia del ciclismo de monta\u00f1a tradicional. <\/p>\n<blockquote class=\"twitter-tweet\">\n<p lang=\"es\" dir=\"ltr\">\ud83d\udccd Ezcaray, La Rioja<br \/>Mejor pueblo tur\u00edstico 2025<br \/>Info en enlace \ud83d\udc47\ud83c\udffb \u270d\ud83c\udffb <br \/>\ud83d\udd17<a href=\"https:\/\/t.co\/A0IWdvUDgk\" rel=\"nofollow\">https:\/\/t.co\/A0IWdvUDgk<\/a> <a href=\"https:\/\/t.co\/5kk8X15I12\" rel=\"nofollow\">pic.twitter.com\/5kk8X15I12<\/a><\/p>\n<p>\u2014 Susana y sus cosas \ud83c\udf0f\ud83d\ude97\ud83d\udcf1 (@Susturismo1) <a href=\"https:\/\/twitter.com\/Susturismo1\/status\/1990517717313728967?ref_src=twsrc%5Etfw\" rel=\"nofollow noopener\" target=\"_blank\">November 17, 2025<\/a><\/p><\/blockquote>\n<p>            <strong>Un impulso al turismo deportivo de Ezcaray<\/strong>           <\/p>\n<p> La<strong> ejecuci\u00f3n de las obras s<\/strong>e estima en unos <strong>diez meses<\/strong> desde la firma del acta de replanteo. Para la localidad, que ya recibe una<strong> afluencia destacada de ciclistas procedentes de <a href=\"https:\/\/www.elconfidencial.com\/tags\/lugares\/la-rioja-9690\/\" target=\"_self\" rel=\"nofollow noopener\">La Rioja,<\/a> Madrid y el Pa\u00eds Vasco<\/strong>, el nuevo bike park de Ezcaray refuerza su papel como <strong>destino deportivo durante todo el a\u00f1o<\/strong>, m\u00e1s all\u00e1 de la temporada de nieve de Valdezcaray. <\/p>\n<p> El proyecto aspira a convertirse en la <strong>mayor instalaci\u00f3n cicloturista de la comunidad<\/strong>, y su cercan\u00eda al casco urbano promete transformar la relaci\u00f3n entre Ezcaray y el <a href=\"https:\/\/lariojaturismo.com\/servicios-turisticos\/tag\/turismo+activo\" target=\"_blank\" rel=\"nofollow noopener\">turismo activo<\/a>, manteniendo un <strong>equilibrio entre deporte, paisaje y sostenibilidad<\/strong>. <\/p>\n<p>         <script async src=\"https:\/\/platform.twitter.com\/widgets.js\" charset=\"utf-8\"><\/script><script async src=\"\/\/www.instagram.com\/embed.js\"><\/script><\/p>\n","protected":false},"excerpt":{"rendered":"El tesoro escondido de La Rioja: un pueblo medieval con castillos, bodegas subterr\u00e1neas y rutas de ensue\u00f1o Sigue&hellip;\n","protected":false},"author":2,"featured_media":248234,"comment_status":"","ping_status":"","sticky":false,"template":"","format":"standard","meta":{"footnotes":""},"categories":[273],"tags":[313,312,168,25,24,23,167],"class_list":{"0":"post-248233","1":"post","2":"type-post","3":"status-publish","4":"format-standard","5":"has-post-thumbnail","7":"category-ciclismo","8":"tag-ciclismo","9":"tag-cycling","10":"tag-deportes","11":"tag-es","12":"tag-espana","13":"tag-spain","14":"tag-sports"},"share_on_mastodon":{"url":"https:\/\/pubeurope.com\/@es\/115588242412406042","error":""},"_links":{"self":[{"href":"https:\/\/www.europesays.com\/es\/wp-json\/wp\/v2\/posts\/248233","targetHints":{"allow":["GET"]}}],"collection":[{"href":"https:\/\/www.europesays.com\/es\/wp-json\/wp\/v2\/posts"}],"about":[{"href":"https:\/\/www.europesays.com\/es\/wp-json\/wp\/v2\/types\/post"}],"author":[{"embeddable":true,"href":"https:\/\/www.europesays.com\/es\/wp-json\/wp\/v2\/users\/2"}],"replies":[{"embeddable":true,"href":"https:\/\/www.europesays.com\/es\/wp-json\/wp\/v2\/comments?post=248233"}],"version-history":[{"count":0,"href":"https:\/\/www.europesays.com\/es\/wp-json\/wp\/v2\/posts\/248233\/revisions"}],"wp:featuredmedia":[{"embeddable":true,"href":"https:\/\/www.europesays.com\/es\/wp-json\/wp\/v2\/media\/248234"}],"wp:attachment":[{"href":"https:\/\/www.europesays.com\/es\/wp-json\/wp\/v2\/media?parent=248233"}],"wp:term":[{"taxonomy":"category","embeddable":true,"href":"https:\/\/www.europesays.com\/es\/wp-json\/wp\/v2\/categories?post=248233"},{"taxonomy":"post_tag","embeddable":true,"href":"https:\/\/www.europesays.com\/es\/wp-json\/wp\/v2\/tags?post=248233"}],"curies":[{"name":"wp","href":"https:\/\/api.w.org\/{rel}","templated":true}]}}