{"id":248258,"date":"2025-11-21T15:05:16","date_gmt":"2025-11-21T15:05:16","guid":{"rendered":"https:\/\/www.europesays.com\/es\/248258\/"},"modified":"2025-11-21T15:05:16","modified_gmt":"2025-11-21T15:05:16","slug":"perez-llorca-llamo-a-mazon-para-preguntar-por-las-inundaciones-de-utiel","status":"publish","type":"post","link":"https:\/\/www.europesays.com\/es\/248258\/","title":{"rendered":"P\u00e9rez Llorca llam\u00f3 a Maz\u00f3n para preguntar por las inundaciones de Utiel"},"content":{"rendered":"<p>El secretario general del PP valenciano, Juanfran P\u00e9rez Llorca, ha testificado este viernes que llam\u00f3 al president  de la Generalitat, Carlos Maz\u00f3n,<strong> hacia las 19 horas del d\u00eda de la dana para preguntarle por la situaci\u00f3n de las inundaciones en Utiel<\/strong>, donde ya hab\u00eda varios desaparecidos. Este, sin embargo, le contest\u00f3 hablando de los problemas que hab\u00eda habido en la comarca de La Ribera por la ma\u00f1ana.<\/p>\n<p>P\u00e9rez Llorca, <a href=\"https:\/\/www.rtve.es\/noticias\/20251119\/perez-llorca-candidatura-pp-president-generalitat-valenciana\/16821821.shtml\" rel=\"nofollow noopener\" target=\"_blank\">candidato a suceder a Maz\u00f3n<\/a>, ha asegurado tambi\u00e9n ante la jueza de Catarroja que investiga la gesti\u00f3n de la dana que fue una<strong> \u00abcoincidencia\u00bb que hablase de forma sucesiva con la exconsellera Salom\u00e9 Pradas y con el <\/strong><strong>president <\/strong>aquella tarde.<\/p>\n<p>Seg\u00fan han explicado fuentes judiciales presentes en la declaraci\u00f3n como testigo de P\u00e9rez Llorca, el tambi\u00e9n alcalde de Finestrat ha asegurado que se encontraba en la Vila Joiosa, en Alicante aquel 29 de octubre de 2024. Desde all\u00ed, llam\u00f3 a Maz\u00f3n a las 18:57 horas tras haber visto unas im\u00e1genes en una cafeter\u00eda, cree que de Utiel, y que este le respondi\u00f3 aludiendo a La Ribera. <strong>En esa conversaci\u00f3n, Maz\u00f3n no le dijo d\u00f3nde estaba<\/strong>, ha agregado.<\/p>\n<p>Pradas ten\u00eda guardado el n\u00famero como \u00abJuanFran Maz\u00f3n\u00bb<\/p>\n<p>La jueza ha informado al testigo de que la exconsellera Salom\u00e9 Pradas aport\u00f3 un acta notarial con las llamadas que realiz\u00f3 aquella jornada en la que aparece un <strong>intento de comunicaci\u00f3n con P\u00e9rez Llorca a las 18:57 horas<\/strong>, una llamada posterior exitosa de 14 segundos y una tercera en sentido inverso, es decir, realizada por P\u00e9rez Llorca a Pradas, de 9 segundos.<\/p>\n<p>A juicio de la instructora, <strong>Pradas intentaba ponerse en contacto con Maz\u00f3n y, al no lograrlo, llamaba a personas cercanas<\/strong>, como Francisco Gonz\u00e1lez -director general de Comunicaci\u00f3n-, Jos\u00e9 Manuel Cuenca -secretario auton\u00f3mico del Gabinete del President-, o el propio Llorca, cuyo nombre estaba guardado en el m\u00f3vil de Pradas como \u00abJuanFran Maz\u00f3n\u00bb.<\/p>\n<p>P\u00e9rez Llorca ha negado esta tesis, ha asegurado que <strong>Pradas no le dijo que tuviese problemas para hablar con Maz\u00f3n ni le pidi\u00f3 que lo hiciese por ella<\/strong>. Seg\u00fan ha se\u00f1alado el secretario general del PP valenciano, este cruce de llamadas fue una \u00abcoincidencia\u00bb.<\/p>\n<p>El candidato a la Presidencia de la Generalitat <strong>ha accedido al juzgado de Catarroja directamente desde el aparcamiento,<\/strong> un asunto sobre el que el Tribunal Superior de Justicia de la Comunitat Valenciana ha indicado que no se ha cursado petici\u00f3n alguna, ni por tanto tampoco se ha emitido autorizaci\u00f3n para ello.<\/p>\n<p>El due\u00f1o del Ventorro declara que Maz\u00f3n sali\u00f3 antes de las 19.00<\/p>\n<p>El due\u00f1o del restaurante El Ventorro de Valencia, donde el president de la Generalitat, Carlos Maz\u00f3n, comi\u00f3 con una periodista el d\u00eda de la dana, ha asegurado este viernes en su declaraci\u00f3n ante la jueza que <strong>Maz\u00f3n lleg\u00f3 al local entre las 14.15 y las 14.30 horas y que ambos salieron entre las 18.30 y las 19 horas, <\/strong>cuando ya no quedaban clientes.<\/p>\n<p>Seg\u00fan han informado fuentes presentes en la declaraci\u00f3n, que realiza en calidad de testigo, el hostelero valenciano ha explicado que el <strong>president <\/strong><strong>lleg\u00f3 solo y sin escolta y que comi\u00f3 con Maribel Vilaplana en un reservado ubicado en la primera planta<\/strong>, que no est\u00e1 completamente cerrado.<\/p>\n<p>Ha asegurado que recuerda la hora a la que ambos salieron del local aquel 29 de octubre de 2024 -nunca despu\u00e9s de las 19 horas- porque sus trabajadores dejaron el restaurante aproximadamente a las 18:10 y \u00e9l se puso a repasar facturas. La comida, un a\u00f1o en el centro del debate p\u00fablico  <\/p>\n<p>El testigo ha explicado que conoce a Carlos Maz\u00f3n pero <strong>no guarda  amistad ni enemistad con \u00e9l, y que simplemente es cliente de su  restaurante.<\/strong> El primero que lleg\u00f3 a El Ventorro fue el jefe del Consell y m\u00e1s tarde, sobre las 14.50 o las 15 horas, se acerc\u00f3  Vilaplana y se le acompa\u00f1\u00f3 hasta el reservado. Una vez juntos, el hostelero ha explicado que subi\u00f3 \u00e9l personalmente para tomar nota de lo que iban a comer.<\/p>\n<p>\u00abNunca\u00bb vio preocupado a Maz\u00f3n<\/p>\n<p>El hostelero ha sido citado en este procedimiento puesto  que, seg\u00fan se desprende de una resoluci\u00f3n de la jueza, fue la \u00fanica  persona que entraba y sal\u00eda de la sala donde com\u00edan Maz\u00f3n y la  periodista y por si pudo haber escuchado alguna  llamada del president con Pradas.<\/p>\n<p>El due\u00f1o del restaurante ha explicado que durante la comida subi\u00f3 siete u ocho veces al reservado  y no vio a Maz\u00f3n hablando por tel\u00e9fono ni recuerda si ten\u00eda el m\u00f3vil encima de la mesa.El restaurador ha manifestado, adem\u00e1s, que <strong>durante la comida \u00abnunca\u00bb  vio preocupado al jefe del Consell. <\/strong><\/p>\n<p>En un momento determinado, el restaurador ha indicado que llamaron  de la Generalitat porque Maz\u00f3n ten\u00eda que firmar unos papeles, con lo  que acudi\u00f3 \u00abun se\u00f1or\u00bb all\u00ed con un sobre, se lo dio al president y  regres\u00f3 a los cinco minutos para recogerlos. El testigo no estuvo  presente mientras los le\u00eda y los firmaba, ha dicho. <\/p>\n<p>Ha se\u00f1alado que la \u00faltima vez que subi\u00f3 al reservado ser\u00eda sobre  las 17 horas, cuando cree que acabaron ambos de comer. Preguntado por  el hecho de que Pradas intentara llamar a Maz\u00f3n a las 16.29 horas, el  testigo ha manifestado que la compa\u00f1\u00eda Movistar no tiene problemas en  su local, pero otras como Orange o Vodafone pueden dar problemas. <\/p>\n<p>Ni televisi\u00f3n ni radio en el local<\/p>\n<p>El restaurador tambi\u00e9n ha explicado que su local no cuenta con  televisi\u00f3n ni con radio, y <strong>ha comentado que \u00e9l no estuvo al corriente  de las noticias de ese d\u00eda. <\/strong>Solo sab\u00eda que iba a llover y, de hecho,  su hijo peque\u00f1o no fue al colegio. En una ocasi\u00f3n le llamaron para  avisarle de que \u00abalguien ten\u00eda el agua en los tobillos\u00bb, pero esto fue despu\u00e9s de que los clientes se fueran  del local. <\/p>\n<p>As\u00ed, ese mediod\u00eda <strong>no le lleg\u00f3 ni a \u00e9l ni a sus empleados ning\u00fan  v\u00eddeo de lo que estaba pasando<\/strong>. \u00abLa llamada del agua en los tobillos  fue a las 20 o 20.15 horas, de un empleado\u00bb, ha manifestado.  COMIDA FACTURADA AL PP<\/p>\n<p> En relaci\u00f3n con el pago de la comida,<strong> el testigo ha manifestado  que \u00e9l emiti\u00f3 una factura al d\u00eda siguiente al PP, tal y como le  indicaron<\/strong>. Cuando Maz\u00f3n y Vilaplana decidieron irse del restaurante,  el testigo les acompa\u00f1\u00f3 hasta la puerta y ambos se fueron solos, ha  descrito. <\/p>\n<p>El testigo tambi\u00e9n ha manifestado que cree que Vilaplana hab\u00eda ido  alguna otra ocasi\u00f3n al restaurante, \u00abde forma muy espor\u00e1dica\u00bb, pero  no recuerda que fuera con Maz\u00f3n. Tampoco se acuerda de que la  periodista llevase ese d\u00eda un ordenador port\u00e1til. Sobre Maz\u00f3n, s\u00ed ha comentado que hab\u00eda ido m\u00e1s veces al local,  incluso antes de ser presidente. <\/p>\n<p>Interpelado, adem\u00e1s, por c\u00f3mo iba vestido Maz\u00f3n ese d\u00eda, el  testigo ha expuesto que con chaqueta oscura y una mochila peque\u00f1a. Y,  de hecho, ha indicado que sali\u00f3 as\u00ed del local. <\/p>\n<p>Una comida en el centro del debate<\/p>\n<p>La comida de Maz\u00f3n en aquellas horas cr\u00edticas ha protagonizado titulares y discursos durante todo este a\u00f1o. Tambi\u00e9n, desde la <a href=\"https:\/\/www.rtve.es\/noticias\/20251103\/vilaplana-declara-jueza-dana-no-tiene-ticket-parking-mazon-escribia-mucho-movil\/16798363.shtml\" rel=\"nofollow noopener\" target=\"_blank\">declaraci\u00f3n de Maribel Vilaplana<\/a> en el juzgado el pasado 3 de noviembre, ha centrado parte de la investigaci\u00f3n judicial por la gesti\u00f3n de la tragedia que instruye la magistrada de Catarroja Nuria Ruiz.<\/p>\n<p>A las 13.45 horas del 29 de octubre, el presidente valenciano se reuni\u00f3 con los agentes sociales en el Palau de la Generalitat. Fue su \u00faltima aparici\u00f3n p\u00fablica.<a href=\"https:\/\/www.rtve.es\/noticias\/20250227\/diferentes-versiones-carlos-mazon-sobre-tarde-dana\/16468388.shtml\" rel=\"nofollow noopener\" target=\"_blank\"> No fue hasta el 5 de noviembre cuando Maz\u00f3n admiti\u00f3 por primera vez que mantuvo una comida \u00abprivada\u00bb en El Ventorro.<\/a> Despu\u00e9s afirm\u00f3 que se tataba de un almuerzo \u00abde trabajo\u00bb y m\u00e1s tarde, seg\u00fan pudo saber RTVE, se conoci\u00f3 que hab\u00eda comido con la expresentadora de Canal 9 para ofrecerle presidir la televisi\u00f3n auton\u00f3mica valenciana \u00c0 Punt.<\/p>\n<p>A las 14.00 ya se estaba inundando Utiel, por lo que se convoc\u00f3 el Cecopi a las 17.00. La exconsellera Salom\u00e9 Pradas -investigada en la causa-, <a href=\"https:\/\/www.rtve.es\/noticias\/20251110\/pradas-informo-a-mazon-emergencia-utiel-a-1737-dia-dana-cuando-estaba-ventorro\/16809485.shtml\" rel=\"nofollow noopener\" target=\"_blank\">llam\u00f3 a Maz\u00f3n a las 17.37, mientras segu\u00eda en El Ventorro<\/a>, para informarle de la emergencia y las inundaciones en esta localidad. El president continu\u00f3 en el restaurante a pesar de ello.<\/p>\n<p>Seg\u00fan ha explicado \u00e9l en las dos comisiones de investigaci\u00f3n en las que ha comparecido y Vilaplana en el juzgado, <strong>Maz\u00f3n estuvo realizando y respondiendo llamadas durante las cuatro horas de comida.<\/strong> Tal y como ha trascendido en las \u00faltimas semanas, al terminar el encuentro el president acompa\u00f1\u00f3 a la comunicadora al parking donde esta ten\u00eda estacionado su veh\u00edculo hacia las 18:45 y siguieron hablando. En aquel momento <strong>Maz\u00f3n \u00abno daba sensaci\u00f3n de tener prisa\u00bb<\/strong>, afirm\u00f3 ella en sede judicial. <\/p>\n","protected":false},"excerpt":{"rendered":"El secretario general del PP valenciano, Juanfran P\u00e9rez Llorca, ha testificado este viernes que llam\u00f3 al president de&hellip;\n","protected":false},"author":2,"featured_media":248259,"comment_status":"","ping_status":"","sticky":false,"template":"","format":"standard","meta":{"footnotes":""},"categories":[8],"tags":[17,18,25,24,13,14,11,19,20,9,10,15,16,23,12,21,22],"class_list":{"0":"post-248258","1":"post","2":"type-post","3":"status-publish","4":"format-standard","5":"has-post-thumbnail","7":"category-espana","8":"tag-breaking-news","9":"tag-breakingnews","10":"tag-es","11":"tag-espana","12":"tag-featured-news","13":"tag-featurednews","14":"tag-headlines","15":"tag-latest-news","16":"tag-latestnews","17":"tag-news","18":"tag-noticias","19":"tag-noticias-destacadas","20":"tag-noticiasdestacadas","21":"tag-spain","22":"tag-titulares","23":"tag-ultimas-noticias","24":"tag-ultimasnoticias"},"share_on_mastodon":{"url":"https:\/\/pubeurope.com\/@es\/115588308976890911","error":""},"_links":{"self":[{"href":"https:\/\/www.europesays.com\/es\/wp-json\/wp\/v2\/posts\/248258","targetHints":{"allow":["GET"]}}],"collection":[{"href":"https:\/\/www.europesays.com\/es\/wp-json\/wp\/v2\/posts"}],"about":[{"href":"https:\/\/www.europesays.com\/es\/wp-json\/wp\/v2\/types\/post"}],"author":[{"embeddable":true,"href":"https:\/\/www.europesays.com\/es\/wp-json\/wp\/v2\/users\/2"}],"replies":[{"embeddable":true,"href":"https:\/\/www.europesays.com\/es\/wp-json\/wp\/v2\/comments?post=248258"}],"version-history":[{"count":0,"href":"https:\/\/www.europesays.com\/es\/wp-json\/wp\/v2\/posts\/248258\/revisions"}],"wp:featuredmedia":[{"embeddable":true,"href":"https:\/\/www.europesays.com\/es\/wp-json\/wp\/v2\/media\/248259"}],"wp:attachment":[{"href":"https:\/\/www.europesays.com\/es\/wp-json\/wp\/v2\/media?parent=248258"}],"wp:term":[{"taxonomy":"category","embeddable":true,"href":"https:\/\/www.europesays.com\/es\/wp-json\/wp\/v2\/categories?post=248258"},{"taxonomy":"post_tag","embeddable":true,"href":"https:\/\/www.europesays.com\/es\/wp-json\/wp\/v2\/tags?post=248258"}],"curies":[{"name":"wp","href":"https:\/\/api.w.org\/{rel}","templated":true}]}}