{"id":248260,"date":"2025-11-21T15:06:18","date_gmt":"2025-11-21T15:06:18","guid":{"rendered":"https:\/\/www.europesays.com\/es\/248260\/"},"modified":"2025-11-21T15:06:18","modified_gmt":"2025-11-21T15:06:18","slug":"portal-de-noticias-del-gobierno-de-canarias-321","status":"publish","type":"post","link":"https:\/\/www.europesays.com\/es\/248260\/","title":{"rendered":"Portal de Noticias del Gobierno de Canarias"},"content":{"rendered":"<blockquote>\n<p>\u00a0El vicepresidente y consejero de Econom\u00eda, Industria, Comercio y Aut\u00f3nomos destaca la necesidad de dotar a los profesionales de las herramientas digitales y de gesti\u00f3n necesarias para garantizar la viabilidad y renovaci\u00f3n de estos espacios<\/p>\n<\/blockquote>\n<p>\u00a0<\/p>\n<p>El vicepresidente y consejero de Econom\u00eda, Industria, Comercio y Aut\u00f3nomos del Gobierno de Canarias, Manuel Dom\u00ednguez, anunci\u00f3 este viernes durante la celebraci\u00f3n del V Encuentro de Mercados Tradicionales la puesta en marcha de l\u00edneas de ayuda por valor de 3,1 millones de euros para la modernizaci\u00f3n y dinamizaci\u00f3n de los mercados tradicionales de Canarias. \u201cSe trata de una apuesta de la Direcci\u00f3n General de Comercio que ha incrementado en m\u00e1s de un 200% el presupuesto de 2026 para renovar estos espacios\u201d.<\/p>\n<p>El encuentro que se celebr\u00f3 este a\u00f1o en Tenerife y est\u00e1 organizado por la Federaci\u00f3n de Mercados de Canarias re\u00fane a profesionales que participan en la gesti\u00f3n de los mercados y pretende convertirse en un lugar donde aunar ideas para mejorar y afrontar los retos del futuro.<\/p>\n<p>El consejero de Econom\u00eda, Industria, Comercio y Aut\u00f3nomos que se\u00f1al\u00f3 que \u201clos mercados tradicionales son una gran enciclopedia de la cultura canaria, que combina la cultura, la tradici\u00f3n, las costumbres, el kil\u00f3metro cero y el aut\u00f3nomo y, por ello, son importantes para el presente y el futuro de nuestras islas\u201d. En este sentido, destac\u00f3 el compromiso del Gobierno de Canarias por estos espacios con la inversi\u00f3n de 3,1 millones para la promoci\u00f3n y difusi\u00f3n de los mercados tradicionales y la mejora de sus infraestructuras.<\/p>\n<p>El presidente de Femeca, Luis Caballero, agradeci\u00f3 la implicaci\u00f3n activa del Gobierno de Canarias y del Ayuntamiento de Santa Cruz por la \u201cimplicaci\u00f3n en la elaboraci\u00f3n de este encuentro\u201d. \u201cLos mercados de Canarias no solo tienen historia sino futuro y ese futuro lo escribimos entre todos\u201d, asegur\u00f3.<\/p>\n<p>El alcalde de Santa Cruz, Jos\u00e9 Manuel Berm\u00fadez, dio la bienvenida a los asistentes a Santa Cruz recordando el papel del Mercado Nuestra Se\u00f1ora de \u00c1frica, Medalla de Oro de la ciudad. \u201cNuestra Recova, que ya supera los 80 a\u00f1os, se encuentra en pleno proceso de modernizaci\u00f3n y adecuaci\u00f3n a los nuevos tiempos, un camino en el que el Ayuntamiento de Santa Cruz la acompa\u00f1a e impulsa nuevas medidas como por ejemplo la puesta en marcha de la tienda online 24 horas, que permite a los clientes del mercado comprar a cualquier hora y venir a recoger la compra a las taquillas instaladas para ello\u201d.<\/p>\n<p>A\u00f1adi\u00f3 que \u201ctambi\u00e9n estamos trabajando para la peatonalizaci\u00f3n del entorno de la Recova, para hacer una zona m\u00e1s amable con el peat\u00f3n, que facilite el acceso, y que anime a comprar en un enclave con tanta historia y tanta calidad\u201d.<\/p>\n<p>\u00a0<\/p>\n","protected":false},"excerpt":{"rendered":"\u00a0El vicepresidente y consejero de Econom\u00eda, Industria, Comercio y Aut\u00f3nomos destaca la necesidad de dotar a los profesionales&hellip;\n","protected":false},"author":2,"featured_media":248261,"comment_status":"","ping_status":"","sticky":false,"template":"","format":"standard","meta":{"footnotes":""},"categories":[5],"tags":[17,18,25,24,13,14,11,19,20,9,10,15,16,23,12,21,22],"class_list":{"0":"post-248260","1":"post","2":"type-post","3":"status-publish","4":"format-standard","5":"has-post-thumbnail","7":"category-titulares","8":"tag-breaking-news","9":"tag-breakingnews","10":"tag-es","11":"tag-espana","12":"tag-featured-news","13":"tag-featurednews","14":"tag-headlines","15":"tag-latest-news","16":"tag-latestnews","17":"tag-news","18":"tag-noticias","19":"tag-noticias-destacadas","20":"tag-noticiasdestacadas","21":"tag-spain","22":"tag-titulares","23":"tag-ultimas-noticias","24":"tag-ultimasnoticias"},"share_on_mastodon":{"url":"https:\/\/pubeurope.com\/@es\/115588312788523355","error":""},"_links":{"self":[{"href":"https:\/\/www.europesays.com\/es\/wp-json\/wp\/v2\/posts\/248260","targetHints":{"allow":["GET"]}}],"collection":[{"href":"https:\/\/www.europesays.com\/es\/wp-json\/wp\/v2\/posts"}],"about":[{"href":"https:\/\/www.europesays.com\/es\/wp-json\/wp\/v2\/types\/post"}],"author":[{"embeddable":true,"href":"https:\/\/www.europesays.com\/es\/wp-json\/wp\/v2\/users\/2"}],"replies":[{"embeddable":true,"href":"https:\/\/www.europesays.com\/es\/wp-json\/wp\/v2\/comments?post=248260"}],"version-history":[{"count":0,"href":"https:\/\/www.europesays.com\/es\/wp-json\/wp\/v2\/posts\/248260\/revisions"}],"wp:featuredmedia":[{"embeddable":true,"href":"https:\/\/www.europesays.com\/es\/wp-json\/wp\/v2\/media\/248261"}],"wp:attachment":[{"href":"https:\/\/www.europesays.com\/es\/wp-json\/wp\/v2\/media?parent=248260"}],"wp:term":[{"taxonomy":"category","embeddable":true,"href":"https:\/\/www.europesays.com\/es\/wp-json\/wp\/v2\/categories?post=248260"},{"taxonomy":"post_tag","embeddable":true,"href":"https:\/\/www.europesays.com\/es\/wp-json\/wp\/v2\/tags?post=248260"}],"curies":[{"name":"wp","href":"https:\/\/api.w.org\/{rel}","templated":true}]}}