{"id":248268,"date":"2025-11-21T15:15:16","date_gmt":"2025-11-21T15:15:16","guid":{"rendered":"https:\/\/www.europesays.com\/es\/248268\/"},"modified":"2025-11-21T15:15:16","modified_gmt":"2025-11-21T15:15:16","slug":"un-ano-del-quintuple-debut-de-potrillos-de-la-real-en-el-partido-mas-raro-en-mucho-tiempo","status":"publish","type":"post","link":"https:\/\/www.europesays.com\/es\/248268\/","title":{"rendered":"Un a\u00f1o del qu\u00edntuple debut de potrillos de la Real en el partido m\u00e1s raro en mucho tiempo"},"content":{"rendered":"<p data-gtm-element-container=\"modulo-texto-link\" class=\"paragraph\">Se cumple un a\u00f1o de un partido muy extra\u00f1o, de los que m\u00e1s de los \u00faltimos tiempos de la Real Sociedad. El 21 de noviembre de 2024 la Real Sociedad avanz\u00f3 de ronda en Copa del Rey ante el Jove Espa\u00f1ol en el Rico P\u00e9rez en un duelo jugado en pleno par\u00f3n de selecciones, pese a la p\u00fablica queja del club txuri urdin, tras ser aplazado por la dana.<\/p>\n<p data-gtm-element-container=\"modulo-texto-link\" class=\"paragraph\">Con esas circunstancias y alguna que otra lesi\u00f3n, <strong>Imanol Alguacil<\/strong> no pudo tirar de m\u00e1s de media plantilla y tuvo que hacer debutar a varios jugadores del Sanse. Estuvo al borde de incurrir en alineaci\u00f3n indebida. Fueron nueve potrillos convocados y cinco realizaron su debut oficial. <strong>Mikel Rodr\u00edguez, Fraga, Orobengoa y Marchal <\/strong>no llegaron a jugar pero s\u00ed lo hicieron<strong> Jon Balda y Luken Beitia<\/strong> como titulares, y <strong>Mikel Goti, Arkaitz Mariezkurrena e I\u00f1aki Rup\u00e9rez <\/strong>como revulsivos.<\/p>\n<blockquote class=\"twitter-tweet\" data-lang=\"es\"><p>\n<a href=\"https:\/\/twitter.com\/RealSociedad\/status\/1991793814219157749?s=20\" rel=\"nofollow noopener\" target=\"_blank\">\n<\/p><\/blockquote>\n<blockquote class=\"twitter-tweet\" data-lang=\"es\"><p>\n<a href=\"https:\/\/twitter.com\/RSZubieta_\/status\/1991794343431348719?s=20\" rel=\"nofollow noopener\" target=\"_blank\">\n<\/p><\/blockquote>\n<p>    Lee tambi\u00e9n<\/p>\n<p data-gtm-element-container=\"modulo-texto-link\" class=\"paragraph\"><strong>Rup\u00e9rez y Goti <\/strong>ahora son del primer equipo, tal y como demuestra la diferenciaci\u00f3n de la Real en su recordatorio en redes de aquel d\u00eda. Ellos dos los menciona la cuenta principal, y los otros tres, la de RS Zubieta. Ahora ambos est\u00e1n lesionados. El lateral, de gravedad y sin estrenarse este curso. El mediapunta, con poca participaci\u00f3n, levemente.<\/p>\n<p data-gtm-element-container=\"modulo-texto-link\" class=\"paragraph\">Esas dos lesiones, y otras, provocan que justo hoy pueda ser el d\u00eda en el que algunos potrillos vuelvan a estar en la convocatoria del primer equipo. <strong>Balda y Mikel Rodr\u00edguez\u00a0<\/strong>no pueden por edad, <strong>Orobengoa <\/strong>est\u00e1 lesionado,\u00a0<strong>Mariezkurrena <\/strong>no atraviesa su mejor momento pero <strong>Beitia <\/strong>podr\u00eda repetir un a\u00f1o despu\u00e9s (ya estuvo m\u00e1s veces) por la p\u00f2sible ausencia de <strong>Zubeldia<\/strong>, y <strong>Marchal<\/strong>, junto a los &#8216;nuevos&#8217; <strong>Carrera <\/strong>y <strong>Astiazar\u00e1n<\/strong>, son candidatos.<\/p>\n<p><script async src=\"https:\/\/platform.twitter.com\/widgets.js\" charset=\"utf-8\"><\/script><\/p>\n","protected":false},"excerpt":{"rendered":"Se cumple un a\u00f1o de un partido muy extra\u00f1o, de los que m\u00e1s de los \u00faltimos tiempos de&hellip;\n","protected":false},"author":2,"featured_media":248269,"comment_status":"","ping_status":"","sticky":false,"template":"","format":"standard","meta":{"footnotes":""},"categories":[268],"tags":[168,25,24,280,282,281,23,167],"class_list":{"0":"post-248268","1":"post","2":"type-post","3":"status-publish","4":"format-standard","5":"has-post-thumbnail","7":"category-futbol","8":"tag-deportes","9":"tag-es","10":"tag-espana","11":"tag-football","12":"tag-futbol","13":"tag-soccer","14":"tag-spain","15":"tag-sports"},"share_on_mastodon":{"url":"https:\/\/pubeurope.com\/@es\/115588349141088729","error":""},"_links":{"self":[{"href":"https:\/\/www.europesays.com\/es\/wp-json\/wp\/v2\/posts\/248268","targetHints":{"allow":["GET"]}}],"collection":[{"href":"https:\/\/www.europesays.com\/es\/wp-json\/wp\/v2\/posts"}],"about":[{"href":"https:\/\/www.europesays.com\/es\/wp-json\/wp\/v2\/types\/post"}],"author":[{"embeddable":true,"href":"https:\/\/www.europesays.com\/es\/wp-json\/wp\/v2\/users\/2"}],"replies":[{"embeddable":true,"href":"https:\/\/www.europesays.com\/es\/wp-json\/wp\/v2\/comments?post=248268"}],"version-history":[{"count":0,"href":"https:\/\/www.europesays.com\/es\/wp-json\/wp\/v2\/posts\/248268\/revisions"}],"wp:featuredmedia":[{"embeddable":true,"href":"https:\/\/www.europesays.com\/es\/wp-json\/wp\/v2\/media\/248269"}],"wp:attachment":[{"href":"https:\/\/www.europesays.com\/es\/wp-json\/wp\/v2\/media?parent=248268"}],"wp:term":[{"taxonomy":"category","embeddable":true,"href":"https:\/\/www.europesays.com\/es\/wp-json\/wp\/v2\/categories?post=248268"},{"taxonomy":"post_tag","embeddable":true,"href":"https:\/\/www.europesays.com\/es\/wp-json\/wp\/v2\/tags?post=248268"}],"curies":[{"name":"wp","href":"https:\/\/api.w.org\/{rel}","templated":true}]}}