{"id":248272,"date":"2025-11-21T15:17:14","date_gmt":"2025-11-21T15:17:14","guid":{"rendered":"https:\/\/www.europesays.com\/es\/248272\/"},"modified":"2025-11-21T15:17:14","modified_gmt":"2025-11-21T15:17:14","slug":"la-baronesa-carmen-thyssen-y-su-hija-carmen-19-mecenas-del-talento-artistico-en-barcelona","status":"publish","type":"post","link":"https:\/\/www.europesays.com\/es\/248272\/","title":{"rendered":"La baronesa Carmen Thyssen y su hija Carmen (19), mecenas del talento art\u00edstico en Barcelona"},"content":{"rendered":"<p>\u00a0<\/p>\n<p>Paula Mart\u00edns (1993) es editora de lifestyle y cultura. Es apasionada de moverse de ciudad en ciudad y catadora confesable de cualquier cafeter\u00eda y restaurante. En su tiempo libre la ver\u00e1s moverse entre exposiciones, en cualquier establecimiento devorando libros y probando caf\u00e9s de especialidad o haciendo fotograf\u00edas a las fachadas y de los rincones m\u00e1s secretos cualquier paraje que visite. Por la noche, disfruta\u00a0bailando en los conciertos, enganch\u00e1ndose a toda pel\u00edcula o serie que haya en streaming y buscando festivales de cine.<\/p>\n<p>En sus art\u00edculos ense\u00f1a las ciudades bajo su prisma, descubriendo detalles que no encontrar\u00e1s en ninguna gu\u00eda de viaje. Desentra\u00f1a la personalidad de los personajes sobre los que escribe y\u00a0siempre busca comunicar desde un enfoque social, derribando estereotipos.<\/p>\n<p>Paula Mart\u00edns es una pontevedrea que en su af\u00e1n por estudiar en una gran ciudad termin\u00f3 en Cuenca, estudiando un grado en Periodismo por la UCLM. Guiada por su \u00edmpetu viajero busc\u00f3 unas pr\u00e1cticas en el peri\u00f3dico de El Ib\u00e9rico de Londres y, con una beca de Erasmus + se fue a conocer Reino Unido. A su vuelta a Espa\u00f1a persigui\u00f3 una de las primeras razones que le llevaron a dedicarse al periodismo: la moda. Estudi\u00f3 un m\u00e1ster en Digital Communication and marketing in fashion (s\u00ed, en ingl\u00e9s) en el Istituto Europeo di Design (IED) mientras trabajaba los fines de semana en aquella marca de Inditex llamada Uterq\u00fce. Al mismo tiempo\u00a0realizaba pr\u00e1cticas en revistas como VEIN magazine y en agencias de comunicaci\u00f3n como OnTwice.\u00a0<\/p>\n<p>Con esta misma pasi\u00f3n por el universo textil comenz\u00f3 su andadura en Harper&#8217;s Bazaar Espa\u00f1a desde Madrid: primero como becaria de la edici\u00f3n de papel, y despu\u00e9s como colaboradora web. Dentro de Harper&#8217;s Bazaar fue la encargada de las guardias del fin de semana, community manager, y ahora es la responsable de la secci\u00f3n de lifestyle y cultura, aunque es multidisciplinar y tambi\u00e9n apoya al equipo de moda y celebrities. Adem\u00e1s, como confesa workalcoholic, ocupa su tiempo escribiendo tambi\u00e9n para otros medios como \u00a1HOLA!, donde trata moda y lifestyle. Tambi\u00e9n es coordinadora de la revista cultural de la editorial de Bamba, y realiza notas de prensa y labores de comunicaci\u00f3n para varias agencias de comunicaci\u00f3n. A\u00fan hay m\u00e1s: ha fundado su propia revista digital de arte y cultura, llamada Kaldo magazine y ahora vive la vida n\u00f3mada. Ha vivido en Pontevedra, Cuenca, Londres, Madrid, Lisboa y Barcelona.\u00a0<\/p>\n","protected":false},"excerpt":{"rendered":"\u00a0 Paula Mart\u00edns (1993) es editora de lifestyle y cultura. Es apasionada de moverse de ciudad en ciudad&hellip;\n","protected":false},"author":2,"featured_media":248273,"comment_status":"","ping_status":"","sticky":false,"template":"","format":"standard","meta":{"footnotes":""},"categories":[173],"tags":[229,233,231,230,232,253,234,146,147,25,24,23],"class_list":{"0":"post-248272","1":"post","2":"type-post","3":"status-publish","4":"format-standard","5":"has-post-thumbnail","7":"category-arte-y-diseno","8":"tag-arte","9":"tag-arte-y-diseno","10":"tag-arts","11":"tag-arts-and-design","12":"tag-design","13":"tag-discover","14":"tag-diseno","15":"tag-entertainment","16":"tag-entretenimiento","17":"tag-es","18":"tag-espana","19":"tag-spain"},"share_on_mastodon":{"url":"","error":""},"_links":{"self":[{"href":"https:\/\/www.europesays.com\/es\/wp-json\/wp\/v2\/posts\/248272","targetHints":{"allow":["GET"]}}],"collection":[{"href":"https:\/\/www.europesays.com\/es\/wp-json\/wp\/v2\/posts"}],"about":[{"href":"https:\/\/www.europesays.com\/es\/wp-json\/wp\/v2\/types\/post"}],"author":[{"embeddable":true,"href":"https:\/\/www.europesays.com\/es\/wp-json\/wp\/v2\/users\/2"}],"replies":[{"embeddable":true,"href":"https:\/\/www.europesays.com\/es\/wp-json\/wp\/v2\/comments?post=248272"}],"version-history":[{"count":0,"href":"https:\/\/www.europesays.com\/es\/wp-json\/wp\/v2\/posts\/248272\/revisions"}],"wp:featuredmedia":[{"embeddable":true,"href":"https:\/\/www.europesays.com\/es\/wp-json\/wp\/v2\/media\/248273"}],"wp:attachment":[{"href":"https:\/\/www.europesays.com\/es\/wp-json\/wp\/v2\/media?parent=248272"}],"wp:term":[{"taxonomy":"category","embeddable":true,"href":"https:\/\/www.europesays.com\/es\/wp-json\/wp\/v2\/categories?post=248272"},{"taxonomy":"post_tag","embeddable":true,"href":"https:\/\/www.europesays.com\/es\/wp-json\/wp\/v2\/tags?post=248272"}],"curies":[{"name":"wp","href":"https:\/\/api.w.org\/{rel}","templated":true}]}}