{"id":248287,"date":"2025-11-21T15:27:09","date_gmt":"2025-11-21T15:27:09","guid":{"rendered":"https:\/\/www.europesays.com\/es\/248287\/"},"modified":"2025-11-21T15:27:09","modified_gmt":"2025-11-21T15:27:09","slug":"un-oso-ataca-a-un-grupo-escolar-y-deja-11-heridos-en-canada","status":"publish","type":"post","link":"https:\/\/www.europesays.com\/es\/248287\/","title":{"rendered":"Un oso ataca a un grupo escolar y deja 11 heridos en Canad\u00e1"},"content":{"rendered":"<p>    <img src=\"https:\/\/www.europesays.com\/es\/wp-content\/uploads\/2025\/11\/2025-11-21T153A103A35Z-90425331.jpg\" width=\"1024\" height=\"682\" alt=\"\" loading=\"eager\" decoding=\"sync\" fetchpriority=\"high\"\/><\/p>\n<p>            afp_tickers        <\/p>\n<p>        Este contenido fue publicado en    <\/p>\n<p>        21 noviembre 2025 &#8211; 16:10\n<\/p>\n<p>Al menos once personas, incluidos ni\u00f1os, resultaron heridas, algunas de gravedad, cuando un oso atac\u00f3 el jueves a un grupo escolar de una zona rural de Columbia Brit\u00e1nica, en el oeste de Canad\u00e1, informaron medios locales.\u00a0<\/p>\n<p>Dos de los heridos est\u00e1n en estado cr\u00edtico y otros dos sufrieron heridas graves, seg\u00fan la agencia de noticias Canadian Press. Los servicios de emergencia no especificaron la edad de las v\u00edctimas.\u00a0<\/p>\n<p>El incidente ocurri\u00f3 el jueves por la tarde en un sendero de la regi\u00f3n de Bella Coola, unos 700 km al noroeste de Vancouver.<\/p>\n<p>Veronica Schooner, madre de un ni\u00f1o de 10 a\u00f1os, dijo a Canadian Press que su hijo estuvo tan cerca del animal que lleg\u00f3 a \u00absentir su pelaje\u00bb, antes de salir \u00abcorriendo para salvar su vida\u00bb.\u00a0<\/p>\n<p>Uno de los profesores que acompa\u00f1aba al grupo de escolares \u00ablo dio todo\u00bb al intentar interponerse y debi\u00f3 ser evacuado en helic\u00f3ptero, agreg\u00f3 Schooner.<\/p>\n<p>Los servicios de emergencia de la naci\u00f3n Nuxalk, el pueblo ind\u00edgena que administra el territorio, hablaron de un \u00aboso agresivo\u00bb.\u00a0El jueves por la noche el animal todav\u00eda no hab\u00eda sido capturado.\u00a0<\/p>\n<p>Los Nuxalk llamaron en las redes sociales a tener precauci\u00f3n y pidieron a la poblaci\u00f3n no salir y evitar la autopista.\u00a0<\/p>\n<p>\u00abEstamos devastados por las personas y las familias afectadas por el incidente con el oso. Todos los involucrados est\u00e1n recibiendo apoyo m\u00e9dico y nuestra prioridad es garantizar su seguridad\u00bb, declar\u00f3 el jefe de la naci\u00f3n Nuxalk, Samuel Schooner, en un comunicado.<\/p>\n<p>\u00abEs dif\u00edcil encontrar las palabras en estos momentos tan dif\u00edciles\u00bb, se\u00f1al\u00f3 en Facebook la escuela Acwsalcta, el centro de estudios adonde asist\u00edan los estudiantes atacados.\u00a0<\/p>\n<p>Los osos son muy agresivos durante esta \u00e9poca del a\u00f1o, ya que buscan aumentar sus reservas de grasa antes de la hibernaci\u00f3n.\u00a0<\/p>\n<p>El oso grizzly de la regi\u00f3n -tambi\u00e9n llamado oso gris- normalmente hiberna desde noviembre hasta abril o mayo.\u00a0<\/p>\n<p>bur-aje\/dla\/clr\/mel\/ad<\/p>\n","protected":false},"excerpt":{"rendered":"afp_tickers Este contenido fue publicado en 21 noviembre 2025 &#8211; 16:10 Al menos once personas, incluidos ni\u00f1os, resultaron&hellip;\n","protected":false},"author":2,"featured_media":248288,"comment_status":"","ping_status":"","sticky":false,"template":"","format":"standard","meta":{"footnotes":""},"categories":[42],"tags":[14037,3432,17,18,30343,637,33754,756,13,14,11,10110,61,62,63,64,19,20,9856,9,10,15,16,4444,5799,2005,90,12,21,22,65,66,67],"class_list":{"0":"post-248287","1":"post","2":"type-post","3":"status-publish","4":"format-standard","5":"has-post-thumbnail","7":"category-internacional","8":"tag-accident-general","9":"tag-animal","10":"tag-breaking-news","11":"tag-breakingnews","12":"tag-children","13":"tag-disaster","14":"tag-education","15":"tag-environment","16":"tag-featured-news","17":"tag-featurednews","18":"tag-headlines","19":"tag-human-interest","20":"tag-internacional","21":"tag-international","22":"tag-international-news","23":"tag-internationalnews","24":"tag-latest-news","25":"tag-latestnews","26":"tag-nature","27":"tag-news","28":"tag-noticias","29":"tag-noticias-destacadas","30":"tag-noticiasdestacadas","31":"tag-people","32":"tag-social-issues-general","33":"tag-society","34":"tag-ticker","35":"tag-titulares","36":"tag-ultimas-noticias","37":"tag-ultimasnoticias","38":"tag-world","39":"tag-world-news","40":"tag-worldnews"},"share_on_mastodon":{"url":"","error":""},"_links":{"self":[{"href":"https:\/\/www.europesays.com\/es\/wp-json\/wp\/v2\/posts\/248287","targetHints":{"allow":["GET"]}}],"collection":[{"href":"https:\/\/www.europesays.com\/es\/wp-json\/wp\/v2\/posts"}],"about":[{"href":"https:\/\/www.europesays.com\/es\/wp-json\/wp\/v2\/types\/post"}],"author":[{"embeddable":true,"href":"https:\/\/www.europesays.com\/es\/wp-json\/wp\/v2\/users\/2"}],"replies":[{"embeddable":true,"href":"https:\/\/www.europesays.com\/es\/wp-json\/wp\/v2\/comments?post=248287"}],"version-history":[{"count":0,"href":"https:\/\/www.europesays.com\/es\/wp-json\/wp\/v2\/posts\/248287\/revisions"}],"wp:featuredmedia":[{"embeddable":true,"href":"https:\/\/www.europesays.com\/es\/wp-json\/wp\/v2\/media\/248288"}],"wp:attachment":[{"href":"https:\/\/www.europesays.com\/es\/wp-json\/wp\/v2\/media?parent=248287"}],"wp:term":[{"taxonomy":"category","embeddable":true,"href":"https:\/\/www.europesays.com\/es\/wp-json\/wp\/v2\/categories?post=248287"},{"taxonomy":"post_tag","embeddable":true,"href":"https:\/\/www.europesays.com\/es\/wp-json\/wp\/v2\/tags?post=248287"}],"curies":[{"name":"wp","href":"https:\/\/api.w.org\/{rel}","templated":true}]}}