{"id":248289,"date":"2025-11-21T15:28:13","date_gmt":"2025-11-21T15:28:13","guid":{"rendered":"https:\/\/www.europesays.com\/es\/248289\/"},"modified":"2025-11-21T15:28:13","modified_gmt":"2025-11-21T15:28:13","slug":"munoz-considera-gravisimo-que-el-gobierno-y-su-entorno-hablen-de-golpismo-judicial-tras-la-sentencia-del-fiscal-general-del-estado-pp-es","status":"publish","type":"post","link":"https:\/\/www.europesays.com\/es\/248289\/","title":{"rendered":"Mu\u00f1oz considera \u201cgrav\u00edsimo\u201d que el Gobierno y su entorno hablen de \u201cgolpismo judicial\u201d tras la sentencia del fiscal general del Estado &#8211; pp.es"},"content":{"rendered":"<ol>\n<li><a href=\"https:\/\/news.google.com\/rss\/articles\/CBMi_wFBVV95cUxOMEJteXZCYUZKbjNNclE0RGpQdG85VUdqdTFtU18zTlZCd1RoaXVQWEoxM2NPVWRqekh4c01OTHZRMmpEQjc1LVpCSmxOVV9aMHd2MEdkY2FWNG1HOFh0V194TzJvRWYwWjdzVFJJbGVHT295SjllZnp1dlpLazFWazdObzFhSUlLb0Z2MTQwcUJKcW1JbXMtOGZHOF9aaXhvNk5xR29zZDByWUtHWk5nc2lWM2w3Q0JYc0NLUWk0ZEdlYzBvb04yTHFUODZZM1VvaGJxVk5na2ZQazNvVzZJa3lRcV91QVZ1ZlNDNlM2UHFvREhVR3lpakhlelBHSFE?oc=5\" target=\"_blank\" rel=\"nofollow noopener\">Mu\u00f1oz considera \u201cgrav\u00edsimo\u201d que el Gobierno y su entorno hablen de \u201cgolpismo judicial\u201d tras la sentencia del fiscal general del Estado<\/a>&nbsp;&nbsp;pp.es<\/li>\n<li><a href=\"https:\/\/news.google.com\/rss\/articles\/CBMif0FVX3lxTE1tSVNRSk1qUjhiSlhkbExLWUIzY1RXUUI5YzhxNWdEeFdfWVNxRzl2XzFhOF9WWG1pZk0tTGlHUGNEbFFJMjYydXB6OVBwR1MzQ2xoYXZPbTdyTjB3T2E3VHRyWHNiSFlGNXlDVExPMkt0R2Q2QklTV3UxOHE2LWc?oc=5\" target=\"_blank\" rel=\"nofollow noopener\">Brutal enfrentamiento entre Silvia Intxaurrondo y Miguel Tellado: acusaciones de \u00abmanipulaci\u00f3n en RTVE\u00bb y una presentadora desatada<\/a>&nbsp;&nbsp;El Mundo<\/li>\n<li><a href=\"https:\/\/news.google.com\/rss\/articles\/CBMigAJBVV95cUxQMWtteW85aXpWV1l1MnVmcVJMZ0NraktRbUFRdnJYUXduRkRPUTVXcEJ3WTVaazlPX3J6c2I2RW5GblZ4LXMyMnJzcjF5clRHdXlsMGRwR25yUE9QRGVPbUhtTmtLdENjb0J2ODdFeHdlN09ZemVrVWlYOGdtdTRqNmdEQWZqQXlMR2UyYkN1MjE1VTFjcTUxUDVNQnQzY0ZReEd5d25IcTNoMDV3Y002d2hCSFpKT2NkWGR4cHgwaWxNYzgtU0JfYjhtNmw3dDNkYUZwR3RrYjUtbl9KUWFxallreThSVFVjRWpfMG01Q0ltaFhsb3FpWk81b0x0OEc4?oc=5\" target=\"_blank\" rel=\"nofollow noopener\">\u00abLo m\u00e1s preocupante fue ver a un S\u00e1nchez iracundo hablando de soberan\u00eda popular. Es grav\u00edsimo\u00bb<\/a>&nbsp;&nbsp;Libertad Digital<\/li>\n<li><a href=\"https:\/\/news.google.com\/rss\/articles\/CBMi1AFBVV95cUxPaE5wUThDWExoSkVFcHN6OHo0T04zQjE1eGhQOG9JWG5rYzlFY2lCWEh3bkdTR3IwOWwtREVOckJRaWFKM29idXpMSEo2akdTYTY1cm5TUUlRR0VhSTNYejZlNk1Zd2h1VmN3NFB5d01razQ3VlRLdUtWYWlmMkd0YkRFbnZJVEZTLVdCWDRZckhTU0o3SXdQRGtoNkZHX0JoeWp0dUlxeDZfbE4zSEJhWFpybnJUSVFsTW9Tak5zRGtEb1l1RThfOElUMERfeXd1TEJZX9IB2gFBVV95cUxOWkk1N1BPS1l6eV9KNWVCQjJGdHpNZ0lZbFZHM25mVGNNN1FYcWdLLURJVTRCcE1sZC1hT0djMzVHQTQyUWdjWVJodDFBTzNLd1JwUjZBQUZxZHp1dkNvNVJPNXdpYWdxaWhXcnpxbGtUMGk5b0NfMmhsQUlQRkZrMzlRVkhHcTJEUGl1M01RT0NYOHZsT3N6NHFVTlE1TDI5dHZZRFNlYXV3czA3ZVhFaGhOSGV3VTJoaEJrSUxXYXBSbGpBbjZrYUlrODdJVDlINEJCNXktLXlmdw?oc=5\" target=\"_blank\" rel=\"nofollow noopener\">El elegante dardo de Silvia Intxaurrondo tras una tensa entrevista a Tellado: \u00abSu opini\u00f3n es muy interesante, la guardo en el lugar que merece\u00bb<\/a>&nbsp;&nbsp;Diario P\u00fablico<\/li>\n<li><a href=\"https:\/\/news.google.com\/rss\/articles\/CBMi1AFBVV95cUxNTlhaekhEcmZRU3ZoU25aNnN5Yl9uWWgwRGRva0RYZThUeUJsQVJPd2hmOGNLN3ZLbVlMeEdmMzBLN1V3cWpySkxLaUpmMDFIOHlEdV9QU3dTLWd6RHVzSVBQSXF2dVNwamJkcmxqV2RwNnIzdkRjSVIwOFg0Njd6VkZDbHQ1OWlOanl4WUhJM1liU29rRUc1QlZqUlEwY0ZJOXJGWmxMcXlyakVENUlfQVhoMDl3dk1YMWdyUXdkamNMZVNMYTVRLXFielBnNFExU2tQTg?oc=5\" target=\"_blank\" rel=\"nofollow noopener\">Tellado se lanza en directo contra TVE y Silvia Intxaurrondo: \u201cEsto no puede suceder en democracia\u201d<\/a>&nbsp;&nbsp;EL PA\u00cdS<\/li>\n<\/ol>\n","protected":false},"excerpt":{"rendered":"Mu\u00f1oz considera \u201cgrav\u00edsimo\u201d que el Gobierno y su entorno hablen de \u201cgolpismo judicial\u201d tras la sentencia del fiscal&hellip;\n","protected":false},"author":2,"featured_media":245082,"comment_status":"","ping_status":"","sticky":false,"template":"","format":"standard","meta":{"footnotes":""},"categories":[8],"tags":[17,18,25,24,13,14,11,19,20,9,10,15,16,23,12,21,22],"class_list":{"0":"post-248289","1":"post","2":"type-post","3":"status-publish","4":"format-standard","5":"has-post-thumbnail","7":"category-espana","8":"tag-breaking-news","9":"tag-breakingnews","10":"tag-es","11":"tag-espana","12":"tag-featured-news","13":"tag-featurednews","14":"tag-headlines","15":"tag-latest-news","16":"tag-latestnews","17":"tag-news","18":"tag-noticias","19":"tag-noticias-destacadas","20":"tag-noticiasdestacadas","21":"tag-spain","22":"tag-titulares","23":"tag-ultimas-noticias","24":"tag-ultimasnoticias"},"share_on_mastodon":{"url":"","error":""},"_links":{"self":[{"href":"https:\/\/www.europesays.com\/es\/wp-json\/wp\/v2\/posts\/248289","targetHints":{"allow":["GET"]}}],"collection":[{"href":"https:\/\/www.europesays.com\/es\/wp-json\/wp\/v2\/posts"}],"about":[{"href":"https:\/\/www.europesays.com\/es\/wp-json\/wp\/v2\/types\/post"}],"author":[{"embeddable":true,"href":"https:\/\/www.europesays.com\/es\/wp-json\/wp\/v2\/users\/2"}],"replies":[{"embeddable":true,"href":"https:\/\/www.europesays.com\/es\/wp-json\/wp\/v2\/comments?post=248289"}],"version-history":[{"count":0,"href":"https:\/\/www.europesays.com\/es\/wp-json\/wp\/v2\/posts\/248289\/revisions"}],"wp:featuredmedia":[{"embeddable":true,"href":"https:\/\/www.europesays.com\/es\/wp-json\/wp\/v2\/media\/245082"}],"wp:attachment":[{"href":"https:\/\/www.europesays.com\/es\/wp-json\/wp\/v2\/media?parent=248289"}],"wp:term":[{"taxonomy":"category","embeddable":true,"href":"https:\/\/www.europesays.com\/es\/wp-json\/wp\/v2\/categories?post=248289"},{"taxonomy":"post_tag","embeddable":true,"href":"https:\/\/www.europesays.com\/es\/wp-json\/wp\/v2\/tags?post=248289"}],"curies":[{"name":"wp","href":"https:\/\/api.w.org\/{rel}","templated":true}]}}