{"id":248295,"date":"2025-11-21T15:39:11","date_gmt":"2025-11-21T15:39:11","guid":{"rendered":"https:\/\/www.europesays.com\/es\/248295\/"},"modified":"2025-11-21T15:39:11","modified_gmt":"2025-11-21T15:39:11","slug":"el-desacierto-en-el-triple-empieza-a-preocupar-en-el-real-madrid","status":"publish","type":"post","link":"https:\/\/www.europesays.com\/es\/248295\/","title":{"rendered":"El desacierto en el triple empieza a preocupar en el Real Madrid"},"content":{"rendered":"<p style=\"\">La victoria ante el <strong>Zalgiris Kaunas<\/strong>, glorioso tiroteo que <a href=\"https:\/\/www.abc.es\/deportes\/baloncesto\/imparable-maledon-acaba-bravura-zalgiris-20251120224501-nt.html\" target=\"_self\" data-voc-vtm-id=\"in-text-traffic\" title=\"dej\u00f3 un 100-99\" rel=\"nofollow noopener\">dej\u00f3 un 100-99<\/a> en el marcador del Movistar Arena, supuso un importante subid\u00f3n de confianza para el <strong>Real Madrid<\/strong>, que ven\u00eda de dos derrotas consecutivas en la Euroliga, ante Panathinaikos y Valencia. El  &#8230; triunfo ante los b\u00e1lticos, por lo tanto, dej\u00f3 varias noticias muy positivas, como el extraordinario estado de forma de <strong>Maledon<\/strong> (25 puntos), la importancia que est\u00e1 ganando <strong>Lyles<\/strong> en la rotaci\u00f3n merengue o la capacidad renovada de <strong>Tavares<\/strong> para bloquear tiros rivales a diestro y siniestro. Sin embargo, hubo un aspecto del juego de sus pupilos que tiene algo preocupado a <strong>Scariolo<\/strong>: el tiro de tres puntos. <\/p>\n<p class=\"voc-p\" style=\"\">\u00abEs rar\u00edsimo meter cien puntos habiendo anotado solo dos triples\u00bb, asegur\u00f3 el t\u00e9cnico italiano en una entrevista postpartido con Movistar Plus. \u00abPero bueno, esta es nuestra situaci\u00f3n. Buscamos mucho el juego interior y acabamos muy bien las penetraciones, pero cuando colapsamos hay que sacar el bal\u00f3n y anotar alg\u00fan tiro\u00bb, replic\u00f3 el entrenador mientras escudri\u00f1aba la hoja de estad\u00edsticas. Ante el <strong>Zalgiris<\/strong> fueron dos aciertos en nueve intentos (cero de cuatro en la primera parte), pero esto no es un caso aislado, pues tanto en la competici\u00f3n continental como en la ACB, el hacer del Madrid ha sido muy flojo. <\/p>\n<p class=\"voc-p\" style=\"\">En Euroliga, su porcentaje es de un <strong>33%<\/strong>, el quinto peor de la tabla (su posici\u00f3n podr\u00eda empeorar cuando hoy jueguen Olympiacos y Baskonia, ambos con un encuentro menos), mientras que en la liga dom\u00e9stica, la cifra desciende hasta el <strong>29,3%<\/strong>, un promedio solo empeorado por el <strong>Girona<\/strong> (28,7), el <strong>Zaragoza<\/strong> (28) y el <strong>San Pablo Burgos<\/strong> (27,8). <a href=\"https:\/\/www.abc.es\/deportes\/baloncesto\/preocupante-inicio-madrid-scariolo-20251025174726-nt.html\" target=\"_self\" data-voc-vtm-id=\"in-text-traffic\" title=\"Ante la Virtus (tres de 23) y el Estrella Roja (cinco de 27)\" rel=\"nofollow noopener\">Ante la Virtus (tres de 23) y el Estrella Roja (cinco de 27)<\/a> se produjeron las mayores sangr\u00edas en este apartado. <\/p>\n<p class=\"voc-p\" style=\"\">Sin ir m\u00e1s lejos, los dos aciertos ante los de Kaunas, uno de <strong>Abalde<\/strong> y otro de <strong>Lyles<\/strong>, supusieron la peor cifra de los blancos desde el triple en los \u00faltimos 25 a\u00f1os. Como recoge &#8216;Marca&#8217;, hay que remontarse hasta el 16 de noviembre del 2000 para ver un dato semejante: en un duelo contra el <strong>Olimpia de Ljubljana<\/strong>, sumaron tres en nueve intentos. Un mes antes, ante el <strong>Olympiacos<\/strong>, el registro se qued\u00f3 en uno de siete, el peor de la historia del conjunto en la Euroliga. Hay que tener en cuenta que, en aquella \u00e9poca, el tiro de tres era una herramienta secundaria, algo a lo que se recurr\u00eda cuando todo lo dem\u00e1s fallaba. Pero en la actualidad, sin embargo, es una parte esencial del juego, de ah\u00ed la preocupaci\u00f3n creciente de Scariolo. <\/p>\n<p class=\"voc-p\" style=\"\">\u00abSi uno es un profesional, si uno respeta la camiseta, si uno respeta a su equipo y a sus compa\u00f1eros, nunca se desenchufa. Puede jugar mejor o peor, puede tener m\u00e1s acierto o no, puede tener un baj\u00f3n de forma o no, pero el riesgo de desenchufarse&#8230;\u00bb, rega\u00f1\u00f3 el italiano a sus jugadores pese a la victoria. El s\u00e1bado, ante el Granada, sus chicos tendr\u00e1n una nueva oportunidad para reavivar sus esp\u00edritus de francotiradores. <\/p>\n","protected":false},"excerpt":{"rendered":"La victoria ante el Zalgiris Kaunas, glorioso tiroteo que dej\u00f3 un 100-99 en el marcador del Movistar Arena,&hellip;\n","protected":false},"author":2,"featured_media":248296,"comment_status":"","ping_status":"","sticky":false,"template":"","format":"standard","meta":{"footnotes":""},"categories":[269],"tags":[46631,299,298,168,7954,25,24,205,63168,798,23,167,13890],"class_list":{"0":"post-248295","1":"post","2":"type-post","3":"status-publish","4":"format-standard","5":"has-post-thumbnail","7":"category-baloncesto","8":"tag-acierto","9":"tag-baloncesto","10":"tag-basketball","11":"tag-deportes","12":"tag-empieza","13":"tag-es","14":"tag-espana","15":"tag-madrid","16":"tag-preocupar","17":"tag-real","18":"tag-spain","19":"tag-sports","20":"tag-triple"},"share_on_mastodon":{"url":"https:\/\/pubeurope.com\/@es\/115588442746802810","error":""},"_links":{"self":[{"href":"https:\/\/www.europesays.com\/es\/wp-json\/wp\/v2\/posts\/248295","targetHints":{"allow":["GET"]}}],"collection":[{"href":"https:\/\/www.europesays.com\/es\/wp-json\/wp\/v2\/posts"}],"about":[{"href":"https:\/\/www.europesays.com\/es\/wp-json\/wp\/v2\/types\/post"}],"author":[{"embeddable":true,"href":"https:\/\/www.europesays.com\/es\/wp-json\/wp\/v2\/users\/2"}],"replies":[{"embeddable":true,"href":"https:\/\/www.europesays.com\/es\/wp-json\/wp\/v2\/comments?post=248295"}],"version-history":[{"count":0,"href":"https:\/\/www.europesays.com\/es\/wp-json\/wp\/v2\/posts\/248295\/revisions"}],"wp:featuredmedia":[{"embeddable":true,"href":"https:\/\/www.europesays.com\/es\/wp-json\/wp\/v2\/media\/248296"}],"wp:attachment":[{"href":"https:\/\/www.europesays.com\/es\/wp-json\/wp\/v2\/media?parent=248295"}],"wp:term":[{"taxonomy":"category","embeddable":true,"href":"https:\/\/www.europesays.com\/es\/wp-json\/wp\/v2\/categories?post=248295"},{"taxonomy":"post_tag","embeddable":true,"href":"https:\/\/www.europesays.com\/es\/wp-json\/wp\/v2\/tags?post=248295"}],"curies":[{"name":"wp","href":"https:\/\/api.w.org\/{rel}","templated":true}]}}