{"id":248297,"date":"2025-11-21T15:40:11","date_gmt":"2025-11-21T15:40:11","guid":{"rendered":"https:\/\/www.europesays.com\/es\/248297\/"},"modified":"2025-11-21T15:40:11","modified_gmt":"2025-11-21T15:40:11","slug":"antiviolencia-propone-el-cierre-del-estadio-del-alaves-por-la-promocion-de-un-grupo-ultra","status":"publish","type":"post","link":"https:\/\/www.europesays.com\/es\/248297\/","title":{"rendered":"Antiviolencia propone el cierre del estadio del Alav\u00e9s por la promoci\u00f3n de un grupo ultra"},"content":{"rendered":"<p class=\"voc-p\" style=\"\">El motivo del castigo, seg\u00fan explica el Ministerio del Interior es que  el estadio de <strong>Mendizorroza<\/strong> cuenta con murales, grafitis y pegatinas de promoci\u00f3n del grupo ultra &#8216;Iraultza 1921&#8217; en su fachada. La Comisi\u00f3n Antiviolencia recab\u00f3 informes de seguridad y, en su reuni\u00f3n del pasado 28 de octubre, propuso una multa de 40.000 euros por la exhibici\u00f3n de estos dibujos. Sin embargo, en lugar de ser retirados, sobre ellos <strong>se colocaron unos folios de color rojo formando un aspa y unos carteles con la leyenda: \u00abCensurado por el coordinador de la Ertzaintza\u00bb<\/strong>.<\/p>\n<p class=\"voc-p\" style=\"\">La Ley 19\/2007, de 11 de julio, contra la violencia, el racismo, la xenofobia y la intolerancia en el deporte proh\u00edbe expresamente dar \u00abpromoci\u00f3n o apoyo\u00bb a grupos de seguidores radicales. Y eso es lo que entiende la Comisi\u00f3n que ha sucedido, pues <a href=\"https:\/\/www.interior.gob.es\/opencms\/es\/detalle\/articulo\/La-Comision-contra-la-Violencia-en-el-Deporte-propone-el-cierre-del-estadio-del-Alaves-por-la-promocion-de-un-grupo-ultra\/\" target=\"_blank\" data-voc-vtm-id=\"in-text-traffic\" title=\"considera que las medidas adoptadas por el club vitoriano no tapan los murales\" data-mrf-link=\"www.interior.gob.es\" rel=\"nofollow noopener\">considera que las medidas adoptadas por el club vitoriano no tapan los murales<\/a>.<\/p>\n<p>\nMulta a Osasuna\n<\/p>\n<p class=\"voc-p\" style=\"\">La propuesta de sanci\u00f3n al Alav\u00e9s no ha sido la \u00fanica, pues la Comisi\u00f3n tambi\u00e9n <strong>ha propuesto una multa de 75.000 euros al Club Atl\u00e9tico Osasuna<\/strong> por una infracci\u00f3n muy grave durante el encuentro contra el Oviedo, jugado en la capital asturiana el pasado 3 de noviembre.<\/p>\n<p class=\"voc-p\" style=\"\">El equipo navarro env\u00edo al club local un listado con aficionados que se desplazar\u00edan hasta <strong>Oviedo<\/strong> para asistir al encuentro, y entre ellos, hab\u00eda un seguidor sobre el que pesaba una prohibici\u00f3n de acceso a recintos deportivos. Adem\u00e1s, la Polic\u00eda Nacional pudo comprobar que el hincha <strong>segu\u00eda constando como abonado del Osasuna<\/strong>. <\/p>\n<p class=\"voc-p\" style=\"\">El art\u00edculo 25 de la Ley 19\/2007, se\u00f1ala que \u00abLos clubes y las personas responsables de la organizaci\u00f3n de espect\u00e1culos deportivos deber\u00e1n privar de la condici\u00f3n de socio, asociado o abonado a las personas que sean sancionadas con la prohibici\u00f3n de acceso a recintos deportivos\u00bb, medida que Osasuna no ha cumplido.<\/p>\n","protected":false},"excerpt":{"rendered":"El motivo del castigo, seg\u00fan explica el Ministerio del Interior es que el estadio de Mendizorroza cuenta con&hellip;\n","protected":false},"author":2,"featured_media":248298,"comment_status":"","ping_status":"","sticky":false,"template":"","format":"standard","meta":{"footnotes":""},"categories":[268],"tags":[1334,63169,1565,168,25,24,3129,280,282,100,1170,918,281,23,167,5765],"class_list":{"0":"post-248297","1":"post","2":"type-post","3":"status-publish","4":"format-standard","5":"has-post-thumbnail","7":"category-futbol","8":"tag-alaves","9":"tag-antiolencia","10":"tag-cierre","11":"tag-deportes","12":"tag-es","13":"tag-espana","14":"tag-estadio","15":"tag-football","16":"tag-futbol","17":"tag-grupo","18":"tag-promocion","19":"tag-propone","20":"tag-soccer","21":"tag-spain","22":"tag-sports","23":"tag-ultra"},"share_on_mastodon":{"url":"https:\/\/pubeurope.com\/@es\/115588446688287578","error":""},"_links":{"self":[{"href":"https:\/\/www.europesays.com\/es\/wp-json\/wp\/v2\/posts\/248297","targetHints":{"allow":["GET"]}}],"collection":[{"href":"https:\/\/www.europesays.com\/es\/wp-json\/wp\/v2\/posts"}],"about":[{"href":"https:\/\/www.europesays.com\/es\/wp-json\/wp\/v2\/types\/post"}],"author":[{"embeddable":true,"href":"https:\/\/www.europesays.com\/es\/wp-json\/wp\/v2\/users\/2"}],"replies":[{"embeddable":true,"href":"https:\/\/www.europesays.com\/es\/wp-json\/wp\/v2\/comments?post=248297"}],"version-history":[{"count":0,"href":"https:\/\/www.europesays.com\/es\/wp-json\/wp\/v2\/posts\/248297\/revisions"}],"wp:featuredmedia":[{"embeddable":true,"href":"https:\/\/www.europesays.com\/es\/wp-json\/wp\/v2\/media\/248298"}],"wp:attachment":[{"href":"https:\/\/www.europesays.com\/es\/wp-json\/wp\/v2\/media?parent=248297"}],"wp:term":[{"taxonomy":"category","embeddable":true,"href":"https:\/\/www.europesays.com\/es\/wp-json\/wp\/v2\/categories?post=248297"},{"taxonomy":"post_tag","embeddable":true,"href":"https:\/\/www.europesays.com\/es\/wp-json\/wp\/v2\/tags?post=248297"}],"curies":[{"name":"wp","href":"https:\/\/api.w.org\/{rel}","templated":true}]}}